{"id":22505,"date":"2024-08-09T17:37:26","date_gmt":"2024-08-09T20:37:26","guid":{"rendered":"https:\/\/pc.sc.gov.br\/?p=22505"},"modified":"2024-08-09T17:39:27","modified_gmt":"2024-08-09T20:39:27","slug":"cosud-seguranca-publica-de-santa-catarina-participa-de-encontro-com-estados-do-sul-e-sudeste-e-discute-integracao-e-melhorias-na-area","status":"publish","type":"post","link":"https:\/\/pc.sc.gov.br\/?p=22505","title":{"rendered":"COSUD: Seguran\u00e7a P\u00fablica de Santa Catarina participa de encontro com estados do Sul e Sudeste e discute integra\u00e7\u00e3o e melhorias na \u00e1rea"},"content":{"rendered":"\t\t<div data-elementor-type=\"wp-post\" data-elementor-id=\"22505\" class=\"elementor elementor-22505\" data-elementor-post-type=\"post\">\n\t\t\t\t\t\t<section class=\"elementor-section elementor-top-section elementor-element elementor-element-7388ba5 elementor-section-boxed elementor-section-height-default elementor-section-height-default\" data-id=\"7388ba5\" data-element_type=\"section\">\n\t\t\t\t\t\t<div class=\"elementor-container elementor-column-gap-default\">\n\t\t\t\t\t<div class=\"elementor-column elementor-col-100 elementor-top-column elementor-element elementor-element-a784d5a\" data-id=\"a784d5a\" data-element_type=\"column\">\n\t\t\t<div class=\"elementor-widget-wrap elementor-element-populated\">\n\t\t\t\t\t\t<div class=\"elementor-element elementor-element-f790515 elementor-widget elementor-widget-heading\" data-id=\"f790515\" data-element_type=\"widget\" data-widget_type=\"heading.default\">\n\t\t\t\t<div class=\"elementor-widget-container\">\n\t\t\t\t\t<h2 class=\"elementor-heading-title elementor-size-default\">COSUD: Seguran\u00e7a P\u00fablica de Santa Catarina participa de encontro com Estados do Sul e Sudeste e discute integra\u00e7\u00e3o e melhorias na \u00e1rea<\/h2>\t\t\t\t<\/div>\n\t\t\t\t<\/div>\n\t\t\t\t\t<\/div>\n\t\t<\/div>\n\t\t\t\t\t<\/div>\n\t\t<\/section>\n\t\t\t\t<section class=\"elementor-section elementor-top-section elementor-element elementor-element-fd1053d elementor-section-boxed elementor-section-height-default elementor-section-height-default\" data-id=\"fd1053d\" data-element_type=\"section\">\n\t\t\t\t\t\t<div class=\"elementor-container elementor-column-gap-default\">\n\t\t\t\t\t<div class=\"elementor-column elementor-col-100 elementor-top-column elementor-element elementor-element-2666747\" data-id=\"2666747\" data-element_type=\"column\">\n\t\t\t<div class=\"elementor-widget-wrap elementor-element-populated\">\n\t\t\t\t\t\t<div class=\"elementor-element elementor-element-983c1c6 elementor-widget elementor-widget-image\" data-id=\"983c1c6\" data-element_type=\"widget\" data-widget_type=\"image.default\">\n\t\t\t\t<div class=\"elementor-widget-container\">\n\t\t\t\t\t\t\t\t\t\t\t\t\t\t\t<img fetchpriority=\"high\" decoding=\"async\" width=\"696\" height=\"464\" src=\"https:\/\/pc.sc.gov.br\/\/wp-content\/uploads\/2024\/08\/JORGINHO-COSUD-1024x683.jpg\" class=\"attachment-large size-large wp-image-22506\" alt=\"\" srcset=\"https:\/\/pc.sc.gov.br\/\/wp-content\/uploads\/2024\/08\/JORGINHO-COSUD-1024x683.jpg 1024w, https:\/\/pc.sc.gov.br\/\/wp-content\/uploads\/2024\/08\/JORGINHO-COSUD-300x200.jpg 300w, https:\/\/pc.sc.gov.br\/\/wp-content\/uploads\/2024\/08\/JORGINHO-COSUD-768x512.jpg 768w, https:\/\/pc.sc.gov.br\/\/wp-content\/uploads\/2024\/08\/JORGINHO-COSUD.jpg 1500w\" sizes=\"(max-width: 696px) 100vw, 696px\" \/>\t\t\t\t\t\t\t\t\t\t\t\t\t\t\t<\/div>\n\t\t\t\t<\/div>\n\t\t\t\t\t<\/div>\n\t\t<\/div>\n\t\t\t\t\t<\/div>\n\t\t<\/section>\n\t\t\t\t<section class=\"elementor-section elementor-top-section elementor-element elementor-element-da5a0a3 elementor-section-boxed elementor-section-height-default elementor-section-height-default\" data-id=\"da5a0a3\" data-element_type=\"section\">\n\t\t\t\t\t\t<div class=\"elementor-container elementor-column-gap-default\">\n\t\t\t\t\t<div class=\"elementor-column elementor-col-100 elementor-top-column elementor-element elementor-element-a5dea5d\" data-id=\"a5dea5d\" data-element_type=\"column\">\n\t\t\t<div class=\"elementor-widget-wrap elementor-element-populated\">\n\t\t\t\t\t\t<div class=\"elementor-element elementor-element-365b387 elementor-widget elementor-widget-text-editor\" data-id=\"365b387\" data-element_type=\"widget\" data-widget_type=\"text-editor.default\">\n\t\t\t\t<div class=\"elementor-widget-container\">\n\t\t\t\t\t\t\t\t\t<p>A Seguran\u00e7a P\u00fablica catarinense participa da 11\u00aa edi\u00e7\u00e3o do Cons\u00f3rcio de Integra\u00e7\u00e3o Sul e Sudeste (Cosud), realizado na regi\u00e3o serrana de Pedra Azul, no Esp\u00edrito Santo. S\u00e3o tratadas a\u00e7\u00f5es como integra\u00e7\u00e3o, investimentos e melhorias na \u00e1rea.&nbsp;<span style=\"font-family: var( --e-global-typography-primary-font-family ), Sans-serif; font-size: var( --e-global-typography-primary-font-size ); font-weight: var( --e-global-typography-primary-font-weight ); letter-spacing: var( --e-global-typography-primary-letter-spacing );\">O encontro re\u00fane governadores e secret\u00e1rios de sete Estados: S\u00e3o Paulo, Rio de Janeiro, Esp\u00edrito Santo, Minas Gerais, Rio Grande do Sul, Paran\u00e1 e Santa Catarina. O governador de SC, Jorginho Mello, est\u00e1 presente.<\/span><\/p>\n<p>Nesta sexta-feira, 09, houve reuni\u00e3o com o ministro da Justi\u00e7a e Seguran\u00e7a P\u00fablica, Ricardo Lewandowski, que fez uma apresenta\u00e7\u00e3o da Proposta de Emenda \u00e0 Constitui\u00e7\u00e3o (PEC) que vai tratar sobre a seguran\u00e7a p\u00fablica.<\/p>\n<p>O secret\u00e1rio de Estado da Seguran\u00e7a P\u00fablica de Santa Catarina (SSP) designado, coronel Fl\u00e1vio Graff, participa do Cosud e ressaltou a manifesta\u00e7\u00e3o do governador Jorginho Mello, sobre a import\u00e2ncia e a necessidade de \u201colharmos as quest\u00f5es de fronteira, otimizando todos os investimentos na \u00e1rea da seguran\u00e7a p\u00fablica a fim de que n\u00f3s possamos continuar oferecendo um servi\u00e7o de qualidade \u00e0 popula\u00e7\u00e3o catarinense\u201d. O delegado Marcelo Nogueira, chefe de Gabinete da Delegacia-geral, est\u00e1 representado a Pol\u00edcia Civil de Santa Catarina, no encontro.&nbsp;<\/p>\n<p>As autoridades da \u00e1rea tamb\u00e9m integram grupos de trabalho espec\u00edficos. Foram abordados pontos alusivos \u00e0 pasta, como melhorias, repasses de fundos de seguran\u00e7a p\u00fablica e penitenci\u00e1rio, aspectos legislativos sobre a atua\u00e7\u00e3o das pol\u00edcias, entre outros, para trazer seguran\u00e7a p\u00fablica e qualidade de vida \u00e0 sociedade. O delegado Marcelo Nogueira, chefe de Gabinete da Delegacia-geral, est\u00e1 representado a Pol\u00edcia Civil de Santa Catarina, no encontro.&nbsp;<\/p>\n<p>Tamb\u00e9m participam o secret\u00e1rio de Estado da Administra\u00e7\u00e3o Prisional e Socioeducativa (SAP) de Santa Catarina, Carlos Ant\u00f4nio Gon\u00e7alves Alves e o diretor-geral adjunto da SAP, Roberval D\u2019\u00c1vila Ferraz; a perita-geral da Pol\u00edcia Cient\u00edfica de SC, Andressa Boer Fronza; o subcomandante-geral do Corpo de Bombeiros Militar de SC, coronel Jefferson de Souza; o assessor parlamentar do Comando-Geral da Pol\u00edcia Militar de SC, coronel Augusto C\u00e9sar Torquato J\u00fanior.&nbsp;<span style=\"color: var( --e-global-color-text ); font-family: var( --e-global-typography-primary-font-family ), Sans-serif; font-size: var( --e-global-typography-primary-font-size ); font-weight: var( --e-global-typography-primary-font-weight ); letter-spacing: var( --e-global-typography-primary-letter-spacing );\">&nbsp;<\/span><\/p>\t\t\t\t\t\t\t\t<\/div>\n\t\t\t\t<\/div>\n\t\t\t\t\t<\/div>\n\t\t<\/div>\n\t\t\t\t\t<\/div>\n\t\t<\/section>\n\t\t\t\t<\/div>\n\t\t","protected":false},"excerpt":{"rendered":"<p>COSUD: Seguran\u00e7a P\u00fablica de Santa Catarina participa de encontro com Estados do Sul e Sudeste e discute integra\u00e7\u00e3o e melhorias na \u00e1rea A Seguran\u00e7a P\u00fablica catarinense participa da 11\u00aa edi\u00e7\u00e3o do Cons\u00f3rcio de Integra\u00e7\u00e3o Sul e Sudeste (Cosud), realizado na regi\u00e3o serrana de Pedra Azul, no Esp\u00edrito Santo. S\u00e3o tratadas a\u00e7\u00f5es como integra\u00e7\u00e3o, investimentos e [&hellip;]<\/p>\n","protected":false},"author":5,"featured_media":22506,"comment_status":"closed","ping_status":"open","sticky":false,"template":"","format":"standard","meta":{"_monsterinsights_skip_tracking":false,"_monsterinsights_sitenote_active":false,"_monsterinsights_sitenote_note":"","_monsterinsights_sitenote_category":0,"footnotes":""},"categories":[1],"tags":[],"class_list":["post-22505","post","type-post","status-publish","format-standard","has-post-thumbnail","hentry","category-sem-categoria"],"_links":{"self":[{"href":"https:\/\/pc.sc.gov.br\/index.php?rest_route=\/wp\/v2\/posts\/22505","targetHints":{"allow":["GET"]}}],"collection":[{"href":"https:\/\/pc.sc.gov.br\/index.php?rest_route=\/wp\/v2\/posts"}],"about":[{"href":"https:\/\/pc.sc.gov.br\/index.php?rest_route=\/wp\/v2\/types\/post"}],"author":[{"embeddable":true,"href":"https:\/\/pc.sc.gov.br\/index.php?rest_route=\/wp\/v2\/users\/5"}],"replies":[{"embeddable":true,"href":"https:\/\/pc.sc.gov.br\/index.php?rest_route=%2Fwp%2Fv2%2Fcomments&post=22505"}],"version-history":[{"count":3,"href":"https:\/\/pc.sc.gov.br\/index.php?rest_route=\/wp\/v2\/posts\/22505\/revisions"}],"predecessor-version":[{"id":22509,"href":"https:\/\/pc.sc.gov.br\/index.php?rest_route=\/wp\/v2\/posts\/22505\/revisions\/22509"}],"wp:featuredmedia":[{"embeddable":true,"href":"https:\/\/pc.sc.gov.br\/index.php?rest_route=\/wp\/v2\/media\/22506"}],"wp:attachment":[{"href":"https:\/\/pc.sc.gov.br\/index.php?rest_route=%2Fwp%2Fv2%2Fmedia&parent=22505"}],"wp:term":[{"taxonomy":"category","embeddable":true,"href":"https:\/\/pc.sc.gov.br\/index.php?rest_route=%2Fwp%2Fv2%2Fcategories&post=22505"},{"taxonomy":"post_tag","embeddable":true,"href":"https:\/\/pc.sc.gov.br\/index.php?rest_route=%2Fwp%2Fv2%2Ftags&post=22505"}],"curies":[{"name":"wp","href":"https:\/\/api.w.org\/{rel}","templated":true}]}}