{"id":22525,"date":"2024-08-12T15:16:03","date_gmt":"2024-08-12T18:16:03","guid":{"rendered":"https:\/\/pc.sc.gov.br\/?p=22525"},"modified":"2024-08-12T15:19:31","modified_gmt":"2024-08-12T18:19:31","slug":"pcsc-incorpora-a-sua-frota-105-veiculos-apreendidos-ou-sequestrados-por-mandados-judiciais","status":"publish","type":"post","link":"https:\/\/pc.sc.gov.br\/?p=22525","title":{"rendered":"PCSC incorpora \u00e0 sua frota, 105 ve\u00edculos apreendidos ou sequestrados por mandados judiciais"},"content":{"rendered":"\t\t<div data-elementor-type=\"wp-post\" data-elementor-id=\"22525\" class=\"elementor elementor-22525\" data-elementor-post-type=\"post\">\n\t\t\t\t\t\t<section class=\"elementor-section elementor-top-section elementor-element elementor-element-c692d35 elementor-section-boxed elementor-section-height-default elementor-section-height-default\" data-id=\"c692d35\" data-element_type=\"section\">\n\t\t\t\t\t\t<div class=\"elementor-container elementor-column-gap-default\">\n\t\t\t\t\t<div class=\"elementor-column elementor-col-100 elementor-top-column elementor-element elementor-element-036de54\" data-id=\"036de54\" data-element_type=\"column\">\n\t\t\t<div class=\"elementor-widget-wrap elementor-element-populated\">\n\t\t\t\t\t\t<div class=\"elementor-element elementor-element-2ace298 elementor-widget elementor-widget-heading\" data-id=\"2ace298\" data-element_type=\"widget\" data-widget_type=\"heading.default\">\n\t\t\t\t<div class=\"elementor-widget-container\">\n\t\t\t\t\t<h2 class=\"elementor-heading-title elementor-size-default\">PCSC incorpora \u00e0 sua frota, 105 ve\u00edculos apreendidos ou sequestrados por mandados judiciais<\/h2>\t\t\t\t<\/div>\n\t\t\t\t<\/div>\n\t\t\t\t\t<\/div>\n\t\t<\/div>\n\t\t\t\t\t<\/div>\n\t\t<\/section>\n\t\t\t\t<section class=\"elementor-section elementor-top-section elementor-element elementor-element-c3b7a97 elementor-section-boxed elementor-section-height-default elementor-section-height-default\" data-id=\"c3b7a97\" data-element_type=\"section\">\n\t\t\t\t\t\t<div class=\"elementor-container elementor-column-gap-default\">\n\t\t\t\t\t<div class=\"elementor-column elementor-col-100 elementor-top-column elementor-element elementor-element-f0b3bcc\" data-id=\"f0b3bcc\" data-element_type=\"column\">\n\t\t\t<div class=\"elementor-widget-wrap elementor-element-populated\">\n\t\t\t\t\t\t<div class=\"elementor-element elementor-element-c3c260f elementor-widget elementor-widget-image\" data-id=\"c3c260f\" data-element_type=\"widget\" data-widget_type=\"image.default\">\n\t\t\t\t<div class=\"elementor-widget-container\">\n\t\t\t\t\t\t\t\t\t\t\t\t\t\t\t<img fetchpriority=\"high\" decoding=\"async\" width=\"696\" height=\"392\" src=\"https:\/\/pc.sc.gov.br\/\/wp-content\/uploads\/2024\/08\/c62aada4-bca2-437d-b570-0ce39f9a6890-fotor-20240812151548-1024x576.jpg\" class=\"attachment-large size-large wp-image-22528\" alt=\"\" srcset=\"https:\/\/pc.sc.gov.br\/\/wp-content\/uploads\/2024\/08\/c62aada4-bca2-437d-b570-0ce39f9a6890-fotor-20240812151548-1024x576.jpg 1024w, https:\/\/pc.sc.gov.br\/\/wp-content\/uploads\/2024\/08\/c62aada4-bca2-437d-b570-0ce39f9a6890-fotor-20240812151548-300x169.jpg 300w, https:\/\/pc.sc.gov.br\/\/wp-content\/uploads\/2024\/08\/c62aada4-bca2-437d-b570-0ce39f9a6890-fotor-20240812151548-768x432.jpg 768w, https:\/\/pc.sc.gov.br\/\/wp-content\/uploads\/2024\/08\/c62aada4-bca2-437d-b570-0ce39f9a6890-fotor-20240812151548.jpg 1280w\" sizes=\"(max-width: 696px) 100vw, 696px\" \/>\t\t\t\t\t\t\t\t\t\t\t\t\t\t\t<\/div>\n\t\t\t\t<\/div>\n\t\t\t\t\t<\/div>\n\t\t<\/div>\n\t\t\t\t\t<\/div>\n\t\t<\/section>\n\t\t\t\t<section class=\"elementor-section elementor-top-section elementor-element elementor-element-44f4401 elementor-section-boxed elementor-section-height-default elementor-section-height-default\" data-id=\"44f4401\" data-element_type=\"section\">\n\t\t\t\t\t\t<div class=\"elementor-container elementor-column-gap-default\">\n\t\t\t\t\t<div class=\"elementor-column elementor-col-100 elementor-top-column elementor-element elementor-element-0bf3a5e\" data-id=\"0bf3a5e\" data-element_type=\"column\">\n\t\t\t<div class=\"elementor-widget-wrap elementor-element-populated\">\n\t\t\t\t\t\t<div class=\"elementor-element elementor-element-b673862 elementor-widget elementor-widget-text-editor\" data-id=\"b673862\" data-element_type=\"widget\" data-widget_type=\"text-editor.default\">\n\t\t\t\t<div class=\"elementor-widget-container\">\n\t\t\t\t\t\t\t\t\t<p>Atingir o bra\u00e7o financeiro de uma organiza\u00e7\u00e3o criminosa \u00e9 estrat\u00e9gia fundamental para enfraquecer o grupo, limitar sua capacidade operacional e sua influ\u00eancia na sociedade. Em Santa Catarina, a PCSC tem feito a li\u00e7\u00e3o de casa e al\u00e9m de combater o crime e prender o criminoso, ainda usa o patrim\u00f4nio dos criminosos contra eles.\u00a0<\/p><p>Desde o in\u00edcio do governo Jorginho Mello, a PCSC incorporou \u00e0 sua frota 105 ve\u00edculos apreendidos ou sequestrados por mandados judiciais, sendo alguns deles de luxo. Um levantamento preliminar, considerando os valores praticados na tabela FIPE, destes 105 ve\u00edculos, revelou que o valor destes carros somam aproximadamente R$ 3,6 milh\u00f5es.<\/p><p>\u201cO produto do crime foi revertido para a seguran\u00e7a da sociedade\u201d, assinalou o delegado-geral da PCSC, Ulisses Gabriel.<\/p><p>Os ve\u00edculos est\u00e3o sendo usados pelas equipes de investiga\u00e7\u00e3o da Capital e demais regi\u00f5es do estado.\u00a0<\/p>\t\t\t\t\t\t\t\t<\/div>\n\t\t\t\t<\/div>\n\t\t\t\t\t<\/div>\n\t\t<\/div>\n\t\t\t\t\t<\/div>\n\t\t<\/section>\n\t\t\t\t<\/div>\n\t\t","protected":false},"excerpt":{"rendered":"<p>PCSC incorpora \u00e0 sua frota, 105 ve\u00edculos apreendidos ou sequestrados por mandados judiciais Atingir o bra\u00e7o financeiro de uma organiza\u00e7\u00e3o criminosa \u00e9 estrat\u00e9gia fundamental para enfraquecer o grupo, limitar sua capacidade operacional e sua influ\u00eancia na sociedade. Em Santa Catarina, a PCSC tem feito a li\u00e7\u00e3o de casa e al\u00e9m de combater o crime e [&hellip;]<\/p>\n","protected":false},"author":5,"featured_media":22528,"comment_status":"closed","ping_status":"open","sticky":false,"template":"","format":"standard","meta":{"_monsterinsights_skip_tracking":false,"_monsterinsights_sitenote_active":false,"_monsterinsights_sitenote_note":"","_monsterinsights_sitenote_category":0,"footnotes":""},"categories":[1],"tags":[],"class_list":["post-22525","post","type-post","status-publish","format-standard","has-post-thumbnail","hentry","category-sem-categoria"],"_links":{"self":[{"href":"https:\/\/pc.sc.gov.br\/index.php?rest_route=\/wp\/v2\/posts\/22525","targetHints":{"allow":["GET"]}}],"collection":[{"href":"https:\/\/pc.sc.gov.br\/index.php?rest_route=\/wp\/v2\/posts"}],"about":[{"href":"https:\/\/pc.sc.gov.br\/index.php?rest_route=\/wp\/v2\/types\/post"}],"author":[{"embeddable":true,"href":"https:\/\/pc.sc.gov.br\/index.php?rest_route=\/wp\/v2\/users\/5"}],"replies":[{"embeddable":true,"href":"https:\/\/pc.sc.gov.br\/index.php?rest_route=%2Fwp%2Fv2%2Fcomments&post=22525"}],"version-history":[{"count":6,"href":"https:\/\/pc.sc.gov.br\/index.php?rest_route=\/wp\/v2\/posts\/22525\/revisions"}],"predecessor-version":[{"id":22534,"href":"https:\/\/pc.sc.gov.br\/index.php?rest_route=\/wp\/v2\/posts\/22525\/revisions\/22534"}],"wp:featuredmedia":[{"embeddable":true,"href":"https:\/\/pc.sc.gov.br\/index.php?rest_route=\/wp\/v2\/media\/22528"}],"wp:attachment":[{"href":"https:\/\/pc.sc.gov.br\/index.php?rest_route=%2Fwp%2Fv2%2Fmedia&parent=22525"}],"wp:term":[{"taxonomy":"category","embeddable":true,"href":"https:\/\/pc.sc.gov.br\/index.php?rest_route=%2Fwp%2Fv2%2Fcategories&post=22525"},{"taxonomy":"post_tag","embeddable":true,"href":"https:\/\/pc.sc.gov.br\/index.php?rest_route=%2Fwp%2Fv2%2Ftags&post=22525"}],"curies":[{"name":"wp","href":"https:\/\/api.w.org\/{rel}","templated":true}]}}