{"id":22549,"date":"2024-08-12T17:52:35","date_gmt":"2024-08-12T20:52:35","guid":{"rendered":"https:\/\/pc.sc.gov.br\/?p=22549"},"modified":"2024-08-12T17:55:04","modified_gmt":"2024-08-12T20:55:04","slug":"dic-de-lages-recebe-homenagem-em-razao-de-operacao-conjunta-com-a-pmsc-que-resultou-na-prisao-de-homem-ligado-ao-crime-organizado","status":"publish","type":"post","link":"https:\/\/pc.sc.gov.br\/?p=22549","title":{"rendered":"DIC de Lages recebe homenagem em raz\u00e3o de opera\u00e7\u00e3o conjunta com a PMSC, que resultou na pris\u00e3o de homem ligado ao crime organizado"},"content":{"rendered":"\t\t<div data-elementor-type=\"wp-post\" data-elementor-id=\"22549\" class=\"elementor elementor-22549\" data-elementor-post-type=\"post\">\n\t\t\t\t\t\t<section class=\"elementor-section elementor-top-section elementor-element elementor-element-8cfc982 elementor-section-boxed elementor-section-height-default elementor-section-height-default\" data-id=\"8cfc982\" data-element_type=\"section\">\n\t\t\t\t\t\t<div class=\"elementor-container elementor-column-gap-default\">\n\t\t\t\t\t<div class=\"elementor-column elementor-col-100 elementor-top-column elementor-element elementor-element-23222f0\" data-id=\"23222f0\" data-element_type=\"column\">\n\t\t\t<div class=\"elementor-widget-wrap elementor-element-populated\">\n\t\t\t\t\t\t<div class=\"elementor-element elementor-element-48b2c36 elementor-widget elementor-widget-heading\" data-id=\"48b2c36\" data-element_type=\"widget\" data-widget_type=\"heading.default\">\n\t\t\t\t<div class=\"elementor-widget-container\">\n\t\t\t\t\t<h2 class=\"elementor-heading-title elementor-size-default\">DIC de Lages recebe homenagem em raz\u00e3o de opera\u00e7\u00e3o conjunta com a PMSC, que resultou na pris\u00e3o de homem ligado ao crime organizado<\/h2>\t\t\t\t<\/div>\n\t\t\t\t<\/div>\n\t\t\t\t\t<\/div>\n\t\t<\/div>\n\t\t\t\t\t<\/div>\n\t\t<\/section>\n\t\t\t\t<section class=\"elementor-section elementor-top-section elementor-element elementor-element-9aca5e1 elementor-section-boxed elementor-section-height-default elementor-section-height-default\" data-id=\"9aca5e1\" data-element_type=\"section\">\n\t\t\t\t\t\t<div class=\"elementor-container elementor-column-gap-default\">\n\t\t\t\t\t<div class=\"elementor-column elementor-col-100 elementor-top-column elementor-element elementor-element-dae1413\" data-id=\"dae1413\" data-element_type=\"column\">\n\t\t\t<div class=\"elementor-widget-wrap elementor-element-populated\">\n\t\t\t\t\t\t<div class=\"elementor-element elementor-element-cd17db1 elementor-widget elementor-widget-image\" data-id=\"cd17db1\" data-element_type=\"widget\" data-widget_type=\"image.default\">\n\t\t\t\t<div class=\"elementor-widget-container\">\n\t\t\t\t\t\t\t\t\t\t\t\t\t\t\t<img fetchpriority=\"high\" decoding=\"async\" width=\"696\" height=\"392\" src=\"https:\/\/pc.sc.gov.br\/\/wp-content\/uploads\/2024\/08\/WhatsApp-Image-2024-08-12-at-16.43.35-1-1024x576.jpeg\" class=\"attachment-large size-large wp-image-22552\" alt=\"\" srcset=\"https:\/\/pc.sc.gov.br\/\/wp-content\/uploads\/2024\/08\/WhatsApp-Image-2024-08-12-at-16.43.35-1-1024x576.jpeg 1024w, https:\/\/pc.sc.gov.br\/\/wp-content\/uploads\/2024\/08\/WhatsApp-Image-2024-08-12-at-16.43.35-1-300x169.jpeg 300w, https:\/\/pc.sc.gov.br\/\/wp-content\/uploads\/2024\/08\/WhatsApp-Image-2024-08-12-at-16.43.35-1-768x432.jpeg 768w, https:\/\/pc.sc.gov.br\/\/wp-content\/uploads\/2024\/08\/WhatsApp-Image-2024-08-12-at-16.43.35-1-1536x864.jpeg 1536w, https:\/\/pc.sc.gov.br\/\/wp-content\/uploads\/2024\/08\/WhatsApp-Image-2024-08-12-at-16.43.35-1.jpeg 1600w\" sizes=\"(max-width: 696px) 100vw, 696px\" \/>\t\t\t\t\t\t\t\t\t\t\t\t\t\t\t<\/div>\n\t\t\t\t<\/div>\n\t\t\t\t\t<\/div>\n\t\t<\/div>\n\t\t\t\t\t<\/div>\n\t\t<\/section>\n\t\t\t\t<section class=\"elementor-section elementor-top-section elementor-element elementor-element-eb34a20 elementor-section-boxed elementor-section-height-default elementor-section-height-default\" data-id=\"eb34a20\" data-element_type=\"section\">\n\t\t\t\t\t\t<div class=\"elementor-container elementor-column-gap-default\">\n\t\t\t\t\t<div class=\"elementor-column elementor-col-100 elementor-top-column elementor-element elementor-element-39d226b\" data-id=\"39d226b\" data-element_type=\"column\">\n\t\t\t<div class=\"elementor-widget-wrap elementor-element-populated\">\n\t\t\t\t\t\t<div class=\"elementor-element elementor-element-22be911 elementor-widget elementor-widget-text-editor\" data-id=\"22be911\" data-element_type=\"widget\" data-widget_type=\"text-editor.default\">\n\t\t\t\t<div class=\"elementor-widget-container\">\n\t\t\t\t\t\t\t\t\t<p>A Divis\u00e3o de Investiga\u00e7\u00e3o Criminal (DIC) de Lages, que pertence a 8\u00aa Delegacia Regional de Pol\u00edcia (RDP) de Lages, da PCSC, recebeu um elogio do Comandante do 2\u00ba Comando Regional de Pol\u00edcia Militar, Coronel PM Newton Fernando Ayres dos Anjos.&nbsp;<span style=\"font-family: var( --e-global-typography-text-font-family ), Sans-serif; font-size: var( --e-global-typography-text-font-size );\">A refer\u00eancia elogiosa foi concedida em fun\u00e7\u00e3o do desempenho exitoso de uma opera\u00e7\u00e3o conjunta entre a PCSC e a PMSC no cumprimento de medidas cautelares envolvendo furto a um Clube de Tiro, em Alfredo Wagner.&nbsp;<\/span><\/p>\n<p><span style=\"font-family: var( --e-global-typography-text-font-family ), Sans-serif; font-size: var( --e-global-typography-text-font-size );\">Na a\u00e7\u00e3o foi poss\u00edvel recuperar os objetos, bem como prender em flagrante o autor dos fatos, com forte liga\u00e7\u00e3o com o crime organizado bem como uma quantidade de entorpecentes. A homenagem foi entregue aos agraciados pelo Comandante do 6\u00ba BPM Tenente Coronel Ramgel, pelo Comandante da 2\u00aa Regi\u00e3o DA PM Tenente Coronel Alexandre Pimentel e pela Delegada Regional de Lages, Luciana Rodermel.<\/span><\/p>\n<p>A solenidade de entrega do elogio foi realizada nesta segunda-feira (12), na sede do 6\u00ba BPM, quando foram homenageados os seguintes policiais: Delegado Sergio Roberto de Sousa; agentes de pol\u00edcia Odilei Cesar Fabris, Juliano Silva, Elvandro Cruz Junior, Samuel Miers, Rosane Stack, Gabriel Godoi, Mario Piva e Alexandre Gomes, al\u00e9m de 29 Policiais Militares que atuaram na opera\u00e7\u00e3o.<\/p>\n<div>&nbsp;<\/div>\t\t\t\t\t\t\t\t<\/div>\n\t\t\t\t<\/div>\n\t\t\t\t\t<\/div>\n\t\t<\/div>\n\t\t\t\t\t<\/div>\n\t\t<\/section>\n\t\t\t\t<\/div>\n\t\t","protected":false},"excerpt":{"rendered":"<p>DIC de Lages recebe homenagem em raz\u00e3o de opera\u00e7\u00e3o conjunta com a PMSC, que resultou na pris\u00e3o de homem ligado ao crime organizado A Divis\u00e3o de Investiga\u00e7\u00e3o Criminal (DIC) de Lages, que pertence a 8\u00aa Delegacia Regional de Pol\u00edcia (RDP) de Lages, da PCSC, recebeu um elogio do Comandante do 2\u00ba Comando Regional de Pol\u00edcia [&hellip;]<\/p>\n","protected":false},"author":5,"featured_media":22550,"comment_status":"closed","ping_status":"open","sticky":false,"template":"","format":"standard","meta":{"_monsterinsights_skip_tracking":false,"_monsterinsights_sitenote_active":false,"_monsterinsights_sitenote_note":"","_monsterinsights_sitenote_category":0,"footnotes":""},"categories":[1],"tags":[],"class_list":["post-22549","post","type-post","status-publish","format-standard","has-post-thumbnail","hentry","category-sem-categoria"],"_links":{"self":[{"href":"https:\/\/pc.sc.gov.br\/index.php?rest_route=\/wp\/v2\/posts\/22549","targetHints":{"allow":["GET"]}}],"collection":[{"href":"https:\/\/pc.sc.gov.br\/index.php?rest_route=\/wp\/v2\/posts"}],"about":[{"href":"https:\/\/pc.sc.gov.br\/index.php?rest_route=\/wp\/v2\/types\/post"}],"author":[{"embeddable":true,"href":"https:\/\/pc.sc.gov.br\/index.php?rest_route=\/wp\/v2\/users\/5"}],"replies":[{"embeddable":true,"href":"https:\/\/pc.sc.gov.br\/index.php?rest_route=%2Fwp%2Fv2%2Fcomments&post=22549"}],"version-history":[{"count":4,"href":"https:\/\/pc.sc.gov.br\/index.php?rest_route=\/wp\/v2\/posts\/22549\/revisions"}],"predecessor-version":[{"id":22555,"href":"https:\/\/pc.sc.gov.br\/index.php?rest_route=\/wp\/v2\/posts\/22549\/revisions\/22555"}],"wp:featuredmedia":[{"embeddable":true,"href":"https:\/\/pc.sc.gov.br\/index.php?rest_route=\/wp\/v2\/media\/22550"}],"wp:attachment":[{"href":"https:\/\/pc.sc.gov.br\/index.php?rest_route=%2Fwp%2Fv2%2Fmedia&parent=22549"}],"wp:term":[{"taxonomy":"category","embeddable":true,"href":"https:\/\/pc.sc.gov.br\/index.php?rest_route=%2Fwp%2Fv2%2Fcategories&post=22549"},{"taxonomy":"post_tag","embeddable":true,"href":"https:\/\/pc.sc.gov.br\/index.php?rest_route=%2Fwp%2Fv2%2Ftags&post=22549"}],"curies":[{"name":"wp","href":"https:\/\/api.w.org\/{rel}","templated":true}]}}