{"id":22556,"date":"2024-08-12T18:23:44","date_gmt":"2024-08-12T21:23:44","guid":{"rendered":"https:\/\/pc.sc.gov.br\/?p=22556"},"modified":"2024-08-12T18:25:31","modified_gmt":"2024-08-12T21:25:31","slug":"pcsc-apresenta-projetos-relacionados-a-seguranca-turistica-em-encontro-nacional-no-rio-de-janeiro","status":"publish","type":"post","link":"https:\/\/pc.sc.gov.br\/?p=22556","title":{"rendered":"PCSC apresenta projetos relacionados \u00e0 seguran\u00e7a tur\u00edstica em encontro nacional no Rio de Janeiro"},"content":{"rendered":"\t\t<div data-elementor-type=\"wp-post\" data-elementor-id=\"22556\" class=\"elementor elementor-22556\" data-elementor-post-type=\"post\">\n\t\t\t\t\t\t<section class=\"elementor-section elementor-top-section elementor-element elementor-element-6786b0a elementor-section-boxed elementor-section-height-default elementor-section-height-default\" data-id=\"6786b0a\" data-element_type=\"section\">\n\t\t\t\t\t\t<div class=\"elementor-container elementor-column-gap-default\">\n\t\t\t\t\t<div class=\"elementor-column elementor-col-100 elementor-top-column elementor-element elementor-element-e2aa5ba\" data-id=\"e2aa5ba\" data-element_type=\"column\">\n\t\t\t<div class=\"elementor-widget-wrap elementor-element-populated\">\n\t\t\t\t\t\t<div class=\"elementor-element elementor-element-cc7c5d7 elementor-widget elementor-widget-heading\" data-id=\"cc7c5d7\" data-element_type=\"widget\" data-widget_type=\"heading.default\">\n\t\t\t\t<div class=\"elementor-widget-container\">\n\t\t\t\t\t<h2 class=\"elementor-heading-title elementor-size-default\">PCSC apresenta projetos relacionados \u00e0 seguran\u00e7a tur\u00edstica em encontro nacional no Rio de Janeiro<\/h2>\t\t\t\t<\/div>\n\t\t\t\t<\/div>\n\t\t\t\t\t<\/div>\n\t\t<\/div>\n\t\t\t\t\t<\/div>\n\t\t<\/section>\n\t\t\t\t<section class=\"elementor-section elementor-top-section elementor-element elementor-element-64822fc elementor-section-boxed elementor-section-height-default elementor-section-height-default\" data-id=\"64822fc\" data-element_type=\"section\">\n\t\t\t\t\t\t<div class=\"elementor-container elementor-column-gap-default\">\n\t\t\t\t\t<div class=\"elementor-column elementor-col-100 elementor-top-column elementor-element elementor-element-0d96904\" data-id=\"0d96904\" data-element_type=\"column\">\n\t\t\t<div class=\"elementor-widget-wrap elementor-element-populated\">\n\t\t\t\t\t\t<div class=\"elementor-element elementor-element-681010e elementor-widget elementor-widget-image\" data-id=\"681010e\" data-element_type=\"widget\" data-widget_type=\"image.default\">\n\t\t\t\t<div class=\"elementor-widget-container\">\n\t\t\t\t\t\t\t\t\t\t\t\t\t\t\t<img fetchpriority=\"high\" decoding=\"async\" width=\"696\" height=\"530\" src=\"https:\/\/pc.sc.gov.br\/\/wp-content\/uploads\/2024\/08\/feed2f8e-b88b-44a6-9f34-aed7a634bff5-fotor-2024081218225-1024x780.jpg\" class=\"attachment-large size-large wp-image-22557\" alt=\"\" srcset=\"https:\/\/pc.sc.gov.br\/\/wp-content\/uploads\/2024\/08\/feed2f8e-b88b-44a6-9f34-aed7a634bff5-fotor-2024081218225-1024x780.jpg 1024w, https:\/\/pc.sc.gov.br\/\/wp-content\/uploads\/2024\/08\/feed2f8e-b88b-44a6-9f34-aed7a634bff5-fotor-2024081218225-300x228.jpg 300w, https:\/\/pc.sc.gov.br\/\/wp-content\/uploads\/2024\/08\/feed2f8e-b88b-44a6-9f34-aed7a634bff5-fotor-2024081218225-768x585.jpg 768w, https:\/\/pc.sc.gov.br\/\/wp-content\/uploads\/2024\/08\/feed2f8e-b88b-44a6-9f34-aed7a634bff5-fotor-2024081218225.jpg 1187w\" sizes=\"(max-width: 696px) 100vw, 696px\" \/>\t\t\t\t\t\t\t\t\t\t\t\t\t\t\t<\/div>\n\t\t\t\t<\/div>\n\t\t\t\t\t<\/div>\n\t\t<\/div>\n\t\t\t\t\t<\/div>\n\t\t<\/section>\n\t\t\t\t<section class=\"elementor-section elementor-top-section elementor-element elementor-element-dc1af66 elementor-section-boxed elementor-section-height-default elementor-section-height-default\" data-id=\"dc1af66\" data-element_type=\"section\">\n\t\t\t\t\t\t<div class=\"elementor-container elementor-column-gap-default\">\n\t\t\t\t\t<div class=\"elementor-column elementor-col-100 elementor-top-column elementor-element elementor-element-a1ef4b1\" data-id=\"a1ef4b1\" data-element_type=\"column\">\n\t\t\t<div class=\"elementor-widget-wrap elementor-element-populated\">\n\t\t\t\t\t\t<div class=\"elementor-element elementor-element-c273065 elementor-widget elementor-widget-text-editor\" data-id=\"c273065\" data-element_type=\"widget\" data-widget_type=\"text-editor.default\">\n\t\t\t\t<div class=\"elementor-widget-container\">\n\t\t\t\t\t\t\t\t\t<p>A Pol\u00edcia Civil do Estado de Santa Catarina, por interm\u00e9dio da Delegacia de Prote\u00e7\u00e3o ao Turista (DPTUR), participou do Sal\u00e3o Nacional do Turismo, edi\u00e7\u00e3o 2024, na Cidade do Rio de Janeiro (RJ). O evento, organizado pelo Minist\u00e9rio do Turismo, sediou o Encontro de Seguran\u00e7a Tur\u00edstica, reunindo autoridades ligadas \u00e0 \u00e1rea de todo o Brasil.<\/p><p>Durante o encontro, o Delegado Renan Scandolara, titular da DPTUR, apresentou as iniciativas da Pol\u00edcia Civil de Santa Catarina voltadas \u00e0 seguran\u00e7a tur\u00edstica. Casos de sucesso e integra\u00e7\u00e3o entre a institui\u00e7\u00e3o catarinense e cong\u00eaneres nacionais e estrangeiras foram destacadas pelo Delegado.<\/p><p>Ainda, foi apresentada a Cartilha de Atendimento ao Cidad\u00e3o Estrangeiro, voltada \u00e0 difus\u00e3o de conhecimento aos policiais civis catarinenses. A Cartilha foi desenvolvida pela DPTUR no ano de 2022 e orienta os policiais em quest\u00f5es como documenta\u00e7\u00f5es de viagem, assist\u00eancia consular, pris\u00e3o de estrangeiros e demais informa\u00e7\u00f5es para melhor acolher, orientar e proteger turistas de todas as origens que visitam nosso Estado.<\/p><p>Participaram, tamb\u00e9m, autoridades policiais das Pol\u00edcias Civis dos Estados do Rio de Janeiro, S\u00e3o Paulo, Alagoas, Bahia e Pernambuco, al\u00e9m de Comandantes de Batalh\u00f5es de policiamento tur\u00edstico de Pol\u00edcias Militares.<\/p>\t\t\t\t\t\t\t\t<\/div>\n\t\t\t\t<\/div>\n\t\t\t\t\t<\/div>\n\t\t<\/div>\n\t\t\t\t\t<\/div>\n\t\t<\/section>\n\t\t\t\t<\/div>\n\t\t","protected":false},"excerpt":{"rendered":"<p>PCSC apresenta projetos relacionados \u00e0 seguran\u00e7a tur\u00edstica em encontro nacional no Rio de Janeiro A Pol\u00edcia Civil do Estado de Santa Catarina, por interm\u00e9dio da Delegacia de Prote\u00e7\u00e3o ao Turista (DPTUR), participou do Sal\u00e3o Nacional do Turismo, edi\u00e7\u00e3o 2024, na Cidade do Rio de Janeiro (RJ). O evento, organizado pelo Minist\u00e9rio do Turismo, sediou o [&hellip;]<\/p>\n","protected":false},"author":5,"featured_media":22557,"comment_status":"closed","ping_status":"open","sticky":false,"template":"","format":"standard","meta":{"_monsterinsights_skip_tracking":false,"_monsterinsights_sitenote_active":false,"_monsterinsights_sitenote_note":"","_monsterinsights_sitenote_category":0,"footnotes":""},"categories":[1],"tags":[],"class_list":["post-22556","post","type-post","status-publish","format-standard","has-post-thumbnail","hentry","category-sem-categoria"],"_links":{"self":[{"href":"https:\/\/pc.sc.gov.br\/index.php?rest_route=\/wp\/v2\/posts\/22556","targetHints":{"allow":["GET"]}}],"collection":[{"href":"https:\/\/pc.sc.gov.br\/index.php?rest_route=\/wp\/v2\/posts"}],"about":[{"href":"https:\/\/pc.sc.gov.br\/index.php?rest_route=\/wp\/v2\/types\/post"}],"author":[{"embeddable":true,"href":"https:\/\/pc.sc.gov.br\/index.php?rest_route=\/wp\/v2\/users\/5"}],"replies":[{"embeddable":true,"href":"https:\/\/pc.sc.gov.br\/index.php?rest_route=%2Fwp%2Fv2%2Fcomments&post=22556"}],"version-history":[{"count":3,"href":"https:\/\/pc.sc.gov.br\/index.php?rest_route=\/wp\/v2\/posts\/22556\/revisions"}],"predecessor-version":[{"id":22560,"href":"https:\/\/pc.sc.gov.br\/index.php?rest_route=\/wp\/v2\/posts\/22556\/revisions\/22560"}],"wp:featuredmedia":[{"embeddable":true,"href":"https:\/\/pc.sc.gov.br\/index.php?rest_route=\/wp\/v2\/media\/22557"}],"wp:attachment":[{"href":"https:\/\/pc.sc.gov.br\/index.php?rest_route=%2Fwp%2Fv2%2Fmedia&parent=22556"}],"wp:term":[{"taxonomy":"category","embeddable":true,"href":"https:\/\/pc.sc.gov.br\/index.php?rest_route=%2Fwp%2Fv2%2Fcategories&post=22556"},{"taxonomy":"post_tag","embeddable":true,"href":"https:\/\/pc.sc.gov.br\/index.php?rest_route=%2Fwp%2Fv2%2Ftags&post=22556"}],"curies":[{"name":"wp","href":"https:\/\/api.w.org\/{rel}","templated":true}]}}