{"id":22561,"date":"2024-08-12T18:39:26","date_gmt":"2024-08-12T21:39:26","guid":{"rendered":"https:\/\/pc.sc.gov.br\/?p=22561"},"modified":"2024-08-12T18:49:55","modified_gmt":"2024-08-12T21:49:55","slug":"em-acao-simultanea-em-quatro-estados-pcsc-e-prf-prendem-oito-integrantes-de-associacao-especializada-em-trafico-interestadual-de-drogas","status":"publish","type":"post","link":"https:\/\/pc.sc.gov.br\/?p=22561","title":{"rendered":"Em a\u00e7\u00e3o simult\u00e2nea em quatro estados, PCSC e PRF prendem oito integrantes de associa\u00e7\u00e3o especializada em tr\u00e1fico interestadual de drogas"},"content":{"rendered":"\t\t<div data-elementor-type=\"wp-post\" data-elementor-id=\"22561\" class=\"elementor elementor-22561\" data-elementor-post-type=\"post\">\n\t\t\t\t\t\t<section class=\"elementor-section elementor-top-section elementor-element elementor-element-b44ccf5 elementor-section-boxed elementor-section-height-default elementor-section-height-default\" data-id=\"b44ccf5\" data-element_type=\"section\">\n\t\t\t\t\t\t<div class=\"elementor-container elementor-column-gap-default\">\n\t\t\t\t\t<div class=\"elementor-column elementor-col-100 elementor-top-column elementor-element elementor-element-4fa0e4e\" data-id=\"4fa0e4e\" data-element_type=\"column\">\n\t\t\t<div class=\"elementor-widget-wrap elementor-element-populated\">\n\t\t\t\t\t\t<div class=\"elementor-element elementor-element-8f9c778 elementor-widget elementor-widget-heading\" data-id=\"8f9c778\" data-element_type=\"widget\" data-widget_type=\"heading.default\">\n\t\t\t\t<div class=\"elementor-widget-container\">\n\t\t\t\t\t<h2 class=\"elementor-heading-title elementor-size-default\">Em a\u00e7\u00e3o simult\u00e2nea em quatro estados, PCSC e PRF prendem oito integrantes de associa\u00e7\u00e3o especializada em tr\u00e1fico interestadual de drogas<\/h2>\t\t\t\t<\/div>\n\t\t\t\t<\/div>\n\t\t\t\t\t<\/div>\n\t\t<\/div>\n\t\t\t\t\t<\/div>\n\t\t<\/section>\n\t\t\t\t<section class=\"elementor-section elementor-top-section elementor-element elementor-element-cd80a33 elementor-section-boxed elementor-section-height-default elementor-section-height-default\" data-id=\"cd80a33\" data-element_type=\"section\">\n\t\t\t\t\t\t<div class=\"elementor-container elementor-column-gap-default\">\n\t\t\t\t\t<div class=\"elementor-column elementor-col-100 elementor-top-column elementor-element elementor-element-fa1f514\" data-id=\"fa1f514\" data-element_type=\"column\">\n\t\t\t<div class=\"elementor-widget-wrap elementor-element-populated\">\n\t\t\t\t\t\t<div class=\"elementor-element elementor-element-926ebbf elementor-widget elementor-widget-image\" data-id=\"926ebbf\" data-element_type=\"widget\" data-widget_type=\"image.default\">\n\t\t\t\t<div class=\"elementor-widget-container\">\n\t\t\t\t\t\t\t\t\t\t\t\t\t\t\t<img fetchpriority=\"high\" decoding=\"async\" width=\"696\" height=\"511\" src=\"https:\/\/pc.sc.gov.br\/\/wp-content\/uploads\/2024\/08\/4c724edc-f816-4fdb-8ab3-99c315e72c09-fotor-20240812184846-1024x752.jpg\" class=\"attachment-large size-large wp-image-22564\" alt=\"\" srcset=\"https:\/\/pc.sc.gov.br\/\/wp-content\/uploads\/2024\/08\/4c724edc-f816-4fdb-8ab3-99c315e72c09-fotor-20240812184846-1024x752.jpg 1024w, https:\/\/pc.sc.gov.br\/\/wp-content\/uploads\/2024\/08\/4c724edc-f816-4fdb-8ab3-99c315e72c09-fotor-20240812184846-300x220.jpg 300w, https:\/\/pc.sc.gov.br\/\/wp-content\/uploads\/2024\/08\/4c724edc-f816-4fdb-8ab3-99c315e72c09-fotor-20240812184846-768x564.jpg 768w, https:\/\/pc.sc.gov.br\/\/wp-content\/uploads\/2024\/08\/4c724edc-f816-4fdb-8ab3-99c315e72c09-fotor-20240812184846.jpg 1189w\" sizes=\"(max-width: 696px) 100vw, 696px\" \/>\t\t\t\t\t\t\t\t\t\t\t\t\t\t\t<\/div>\n\t\t\t\t<\/div>\n\t\t\t\t\t<\/div>\n\t\t<\/div>\n\t\t\t\t\t<\/div>\n\t\t<\/section>\n\t\t\t\t<section class=\"elementor-section elementor-top-section elementor-element elementor-element-65c5b60 elementor-section-boxed elementor-section-height-default elementor-section-height-default\" data-id=\"65c5b60\" data-element_type=\"section\">\n\t\t\t\t\t\t<div class=\"elementor-container elementor-column-gap-default\">\n\t\t\t\t\t<div class=\"elementor-column elementor-col-100 elementor-top-column elementor-element elementor-element-7cc9dbf\" data-id=\"7cc9dbf\" data-element_type=\"column\">\n\t\t\t<div class=\"elementor-widget-wrap elementor-element-populated\">\n\t\t\t\t\t\t<div class=\"elementor-element elementor-element-e63847f elementor-widget elementor-widget-text-editor\" data-id=\"e63847f\" data-element_type=\"widget\" data-widget_type=\"text-editor.default\">\n\t\t\t\t<div class=\"elementor-widget-container\">\n\t\t\t\t\t\t\t\t\t<p>A Pol\u00edcia Civil de Santa Catarina (PCSC), por meio da Delegacia de Repress\u00e3o \u00e0s Drogas (DRD\/DEIC) e a Pol\u00edcia Rodovi\u00e1ria Federal (PRF), por sua Superintend\u00eancia Regional em Santa Catarina, realizaram trabalho conjunto de combate ao narcotr\u00e1fico nos \u00faltimos tr\u00eas meses, culminando na opera\u00e7\u00e3o policial desta segunda-feira (12). A a\u00e7\u00e3o ocorreu simultaneamente em Bigua\u00e7u\/SC, Barra Velha\/SC, Joinville\/SC, Foz do Igua\u00e7u\/PR, S\u00e3o Gon\u00e7alo\/RJ, Cabo Frio\/RJ e Jericoacoara\/CE.<\/p><p>As investiga\u00e7\u00f5es iniciaram ap\u00f3s a apreens\u00e3o pela PRF de uma carga de 300 quilos de maconha na BR-101 no litoral norte do Estado, resultando na pris\u00e3o em flagrante de um indiv\u00edduo por tr\u00e1fico de drogas. No decorrer da investiga\u00e7\u00e3o, foram identificadas outras viagens do grupo criminoso, bem como os batedores, motoristas\/mulas e negociadores das cargas.<\/p><p>A opera\u00e7\u00e3o policial desta segunda-feira, que transcorreu durante todo o dia, at\u00e9 o cumprimento de todos os cinco mandados de pris\u00e3o, resultou ainda em tr\u00eas pris\u00f5es em flagrante e na apreens\u00e3o de aproximadamente 100 quilos de drogas (maconha, &#8220;dry&#8221;, coca\u00edna e MDMA), de um carro utilizado para o cometimento dos crimes e de outros elementos informativos. As drogas foram apreendidas parte em Foz do Igua\u00e7u e parte em Bigua\u00e7u.<\/p><p>A opera\u00e7\u00e3o policial contou com o apoio de demais unidades especializadas da DEIC (DLAV, DFRC e DECAP), do N\u00facleo de Opera\u00e7\u00f5es com C\u00e3es &#8211; NOC da PCSC, da Coordenadoria de Recursos Especiais &#8211; CORE da PCSC, do Departamento de Investiga\u00e7\u00f5es Criminais &#8211; DIC de Joinville, da Coordenadoria de Recursos Especiais (CORE) da Pol\u00edcia Civil do Estado do Rio de Janeiro, do DENARC de Foz do Igua\u00e7u da Pol\u00edcia Civil do Paran\u00e1, do DENARC de Fortaleza e da Delegacia Regional de Acara\u00fa e N\u00facleo Operacional do Departamento Judici\u00e1rio do Interior Norte, ambas unidades da Pol\u00edcia Civil do Cear\u00e1, bem como do Departamento de Pol\u00edcia Penal de Santa Catarina.<\/p>\t\t\t\t\t\t\t\t<\/div>\n\t\t\t\t<\/div>\n\t\t\t\t\t<\/div>\n\t\t<\/div>\n\t\t\t\t\t<\/div>\n\t\t<\/section>\n\t\t\t\t<\/div>\n\t\t","protected":false},"excerpt":{"rendered":"<p>Em a\u00e7\u00e3o simult\u00e2nea em quatro estados, PCSC e PRF prendem oito integrantes de associa\u00e7\u00e3o especializada em tr\u00e1fico interestadual de drogas A Pol\u00edcia Civil de Santa Catarina (PCSC), por meio da Delegacia de Repress\u00e3o \u00e0s Drogas (DRD\/DEIC) e a Pol\u00edcia Rodovi\u00e1ria Federal (PRF), por sua Superintend\u00eancia Regional em Santa Catarina, realizaram trabalho conjunto de combate ao [&hellip;]<\/p>\n","protected":false},"author":5,"featured_media":22563,"comment_status":"closed","ping_status":"open","sticky":false,"template":"","format":"standard","meta":{"_monsterinsights_skip_tracking":false,"_monsterinsights_sitenote_active":false,"_monsterinsights_sitenote_note":"","_monsterinsights_sitenote_category":0,"footnotes":""},"categories":[1],"tags":[],"class_list":["post-22561","post","type-post","status-publish","format-standard","has-post-thumbnail","hentry","category-sem-categoria"],"_links":{"self":[{"href":"https:\/\/pc.sc.gov.br\/index.php?rest_route=\/wp\/v2\/posts\/22561","targetHints":{"allow":["GET"]}}],"collection":[{"href":"https:\/\/pc.sc.gov.br\/index.php?rest_route=\/wp\/v2\/posts"}],"about":[{"href":"https:\/\/pc.sc.gov.br\/index.php?rest_route=\/wp\/v2\/types\/post"}],"author":[{"embeddable":true,"href":"https:\/\/pc.sc.gov.br\/index.php?rest_route=\/wp\/v2\/users\/5"}],"replies":[{"embeddable":true,"href":"https:\/\/pc.sc.gov.br\/index.php?rest_route=%2Fwp%2Fv2%2Fcomments&post=22561"}],"version-history":[{"count":3,"href":"https:\/\/pc.sc.gov.br\/index.php?rest_route=\/wp\/v2\/posts\/22561\/revisions"}],"predecessor-version":[{"id":22567,"href":"https:\/\/pc.sc.gov.br\/index.php?rest_route=\/wp\/v2\/posts\/22561\/revisions\/22567"}],"wp:featuredmedia":[{"embeddable":true,"href":"https:\/\/pc.sc.gov.br\/index.php?rest_route=\/wp\/v2\/media\/22563"}],"wp:attachment":[{"href":"https:\/\/pc.sc.gov.br\/index.php?rest_route=%2Fwp%2Fv2%2Fmedia&parent=22561"}],"wp:term":[{"taxonomy":"category","embeddable":true,"href":"https:\/\/pc.sc.gov.br\/index.php?rest_route=%2Fwp%2Fv2%2Fcategories&post=22561"},{"taxonomy":"post_tag","embeddable":true,"href":"https:\/\/pc.sc.gov.br\/index.php?rest_route=%2Fwp%2Fv2%2Ftags&post=22561"}],"curies":[{"name":"wp","href":"https:\/\/api.w.org\/{rel}","templated":true}]}}