{"id":22585,"date":"2024-08-13T16:56:35","date_gmt":"2024-08-13T19:56:35","guid":{"rendered":"https:\/\/pc.sc.gov.br\/?p=22585"},"modified":"2024-08-13T16:57:39","modified_gmt":"2024-08-13T19:57:39","slug":"delegacia-de-protecao-animal-de-joinville-prende-homem-pela-pratica-de-maus-tratos-a-dois-caes","status":"publish","type":"post","link":"https:\/\/pc.sc.gov.br\/?p=22585","title":{"rendered":"Delegacia de Prote\u00e7\u00e3o Animal de Joinville prende homem pela pr\u00e1tica de maus-tratos a dois c\u00e3es"},"content":{"rendered":"\t\t<div data-elementor-type=\"wp-post\" data-elementor-id=\"22585\" class=\"elementor elementor-22585\" data-elementor-post-type=\"post\">\n\t\t\t\t\t\t<section class=\"elementor-section elementor-top-section elementor-element elementor-element-00338f5 elementor-section-boxed elementor-section-height-default elementor-section-height-default\" data-id=\"00338f5\" data-element_type=\"section\">\n\t\t\t\t\t\t<div class=\"elementor-container elementor-column-gap-default\">\n\t\t\t\t\t<div class=\"elementor-column elementor-col-100 elementor-top-column elementor-element elementor-element-b6b4cfc\" data-id=\"b6b4cfc\" data-element_type=\"column\">\n\t\t\t<div class=\"elementor-widget-wrap elementor-element-populated\">\n\t\t\t\t\t\t<div class=\"elementor-element elementor-element-ef75062 elementor-widget elementor-widget-heading\" data-id=\"ef75062\" data-element_type=\"widget\" data-widget_type=\"heading.default\">\n\t\t\t\t<div class=\"elementor-widget-container\">\n\t\t\t\t\t<h2 class=\"elementor-heading-title elementor-size-default\">Delegacia de Prote\u00e7\u00e3o Animal de Joinville prende homem pela pr\u00e1tica de maus-tratos a dois c\u00e3es<\/h2>\t\t\t\t<\/div>\n\t\t\t\t<\/div>\n\t\t\t\t\t<\/div>\n\t\t<\/div>\n\t\t\t\t\t<\/div>\n\t\t<\/section>\n\t\t\t\t<section class=\"elementor-section elementor-top-section elementor-element elementor-element-8394e11 elementor-section-boxed elementor-section-height-default elementor-section-height-default\" data-id=\"8394e11\" data-element_type=\"section\">\n\t\t\t\t\t\t<div class=\"elementor-container elementor-column-gap-default\">\n\t\t\t\t\t<div class=\"elementor-column elementor-col-100 elementor-top-column elementor-element elementor-element-82ecf1c\" data-id=\"82ecf1c\" data-element_type=\"column\">\n\t\t\t<div class=\"elementor-widget-wrap elementor-element-populated\">\n\t\t\t\t\t\t<div class=\"elementor-element elementor-element-ab42f24 elementor-widget elementor-widget-image\" data-id=\"ab42f24\" data-element_type=\"widget\" data-widget_type=\"image.default\">\n\t\t\t\t<div class=\"elementor-widget-container\">\n\t\t\t\t\t\t\t\t\t\t\t\t\t\t\t<img fetchpriority=\"high\" decoding=\"async\" width=\"696\" height=\"657\" src=\"https:\/\/pc.sc.gov.br\/\/wp-content\/uploads\/2024\/08\/2bdf2520-a61c-4d95-9c3b-ba4966c48751-fotor-20240813164553-1024x967.jpg\" class=\"attachment-large size-large wp-image-22586\" alt=\"\" srcset=\"https:\/\/pc.sc.gov.br\/\/wp-content\/uploads\/2024\/08\/2bdf2520-a61c-4d95-9c3b-ba4966c48751-fotor-20240813164553-1024x967.jpg 1024w, https:\/\/pc.sc.gov.br\/\/wp-content\/uploads\/2024\/08\/2bdf2520-a61c-4d95-9c3b-ba4966c48751-fotor-20240813164553-300x283.jpg 300w, https:\/\/pc.sc.gov.br\/\/wp-content\/uploads\/2024\/08\/2bdf2520-a61c-4d95-9c3b-ba4966c48751-fotor-20240813164553-768x725.jpg 768w, https:\/\/pc.sc.gov.br\/\/wp-content\/uploads\/2024\/08\/2bdf2520-a61c-4d95-9c3b-ba4966c48751-fotor-20240813164553.jpg 1196w\" sizes=\"(max-width: 696px) 100vw, 696px\" \/>\t\t\t\t\t\t\t\t\t\t\t\t\t\t\t<\/div>\n\t\t\t\t<\/div>\n\t\t\t\t\t<\/div>\n\t\t<\/div>\n\t\t\t\t\t<\/div>\n\t\t<\/section>\n\t\t\t\t<section class=\"elementor-section elementor-top-section elementor-element elementor-element-d9ffa50 elementor-section-boxed elementor-section-height-default elementor-section-height-default\" data-id=\"d9ffa50\" data-element_type=\"section\">\n\t\t\t\t\t\t<div class=\"elementor-container elementor-column-gap-default\">\n\t\t\t\t\t<div class=\"elementor-column elementor-col-100 elementor-top-column elementor-element elementor-element-f6d5ca0\" data-id=\"f6d5ca0\" data-element_type=\"column\">\n\t\t\t<div class=\"elementor-widget-wrap elementor-element-populated\">\n\t\t\t\t\t\t<div class=\"elementor-element elementor-element-caa4d0b elementor-widget elementor-widget-text-editor\" data-id=\"caa4d0b\" data-element_type=\"widget\" data-widget_type=\"text-editor.default\">\n\t\t\t\t<div class=\"elementor-widget-container\">\n\t\t\t\t\t\t\t\t\t<p>A Pol\u00edcia Civil de Santa Catarina, por meio da Delegacia de Prote\u00e7\u00e3o Animal do Departamento de Investiga\u00e7\u00f5es Criminais (DIC) de Joinville efetuou nesta ter\u00e7a-feira (13) a pris\u00e3o de um homem, por maus-tratos a dois c\u00e3es, na zona Industrial Norte de Joinville.\u00a0<\/p><p>O tutor dos animais j\u00e1 havia sido notificado pela fiscaliza\u00e7\u00e3o do Centro de Bem-Estar Animal de Joinville, por duas vezes, antes da pris\u00e3o. Apesar das orienta\u00e7\u00f5es feitas pelo munic\u00edpio, os animais continuaram nas mesmas condi\u00e7\u00f5es prec\u00e1rias j\u00e1 verificadas anteriormente. Tamb\u00e9m foi observado que um terceiro c\u00e3o que estava no local, havia falecido.\u00a0<\/p><p>Assim, tendo sido constatada a pr\u00e1tica de maus-tratos por Perito da Pol\u00edcia Cient\u00edfica de Joinville, foi dada voz de pris\u00e3o ao tutor, o qual se encontra no Pres\u00eddio Regional de Joinville \u00e0 disposi\u00e7\u00e3o da justi\u00e7a. Vale salientar que a pena prevista para este tipo de crime \u00e9 de dois a cinco anos de reclus\u00e3o.<\/p>\t\t\t\t\t\t\t\t<\/div>\n\t\t\t\t<\/div>\n\t\t\t\t\t<\/div>\n\t\t<\/div>\n\t\t\t\t\t<\/div>\n\t\t<\/section>\n\t\t\t\t<\/div>\n\t\t","protected":false},"excerpt":{"rendered":"<p>Delegacia de Prote\u00e7\u00e3o Animal de Joinville prende homem pela pr\u00e1tica de maus-tratos a dois c\u00e3es A Pol\u00edcia Civil de Santa Catarina, por meio da Delegacia de Prote\u00e7\u00e3o Animal do Departamento de Investiga\u00e7\u00f5es Criminais (DIC) de Joinville efetuou nesta ter\u00e7a-feira (13) a pris\u00e3o de um homem, por maus-tratos a dois c\u00e3es, na zona Industrial Norte de [&hellip;]<\/p>\n","protected":false},"author":5,"featured_media":22586,"comment_status":"closed","ping_status":"open","sticky":false,"template":"","format":"standard","meta":{"_monsterinsights_skip_tracking":false,"_monsterinsights_sitenote_active":false,"_monsterinsights_sitenote_note":"","_monsterinsights_sitenote_category":0,"footnotes":""},"categories":[1],"tags":[],"class_list":["post-22585","post","type-post","status-publish","format-standard","has-post-thumbnail","hentry","category-sem-categoria"],"_links":{"self":[{"href":"https:\/\/pc.sc.gov.br\/index.php?rest_route=\/wp\/v2\/posts\/22585","targetHints":{"allow":["GET"]}}],"collection":[{"href":"https:\/\/pc.sc.gov.br\/index.php?rest_route=\/wp\/v2\/posts"}],"about":[{"href":"https:\/\/pc.sc.gov.br\/index.php?rest_route=\/wp\/v2\/types\/post"}],"author":[{"embeddable":true,"href":"https:\/\/pc.sc.gov.br\/index.php?rest_route=\/wp\/v2\/users\/5"}],"replies":[{"embeddable":true,"href":"https:\/\/pc.sc.gov.br\/index.php?rest_route=%2Fwp%2Fv2%2Fcomments&post=22585"}],"version-history":[{"count":4,"href":"https:\/\/pc.sc.gov.br\/index.php?rest_route=\/wp\/v2\/posts\/22585\/revisions"}],"predecessor-version":[{"id":22590,"href":"https:\/\/pc.sc.gov.br\/index.php?rest_route=\/wp\/v2\/posts\/22585\/revisions\/22590"}],"wp:featuredmedia":[{"embeddable":true,"href":"https:\/\/pc.sc.gov.br\/index.php?rest_route=\/wp\/v2\/media\/22586"}],"wp:attachment":[{"href":"https:\/\/pc.sc.gov.br\/index.php?rest_route=%2Fwp%2Fv2%2Fmedia&parent=22585"}],"wp:term":[{"taxonomy":"category","embeddable":true,"href":"https:\/\/pc.sc.gov.br\/index.php?rest_route=%2Fwp%2Fv2%2Fcategories&post=22585"},{"taxonomy":"post_tag","embeddable":true,"href":"https:\/\/pc.sc.gov.br\/index.php?rest_route=%2Fwp%2Fv2%2Ftags&post=22585"}],"curies":[{"name":"wp","href":"https:\/\/api.w.org\/{rel}","templated":true}]}}