{"id":22592,"date":"2024-08-13T17:28:28","date_gmt":"2024-08-13T20:28:28","guid":{"rendered":"https:\/\/pc.sc.gov.br\/?p=22592"},"modified":"2024-08-13T17:29:15","modified_gmt":"2024-08-13T20:29:15","slug":"em-tubarao-policia-civil-recupera-celular-roubado-e-prende-homem-em-flagrante-por-trafico-e-associacao-para-o-trafico-de-drogas","status":"publish","type":"post","link":"https:\/\/pc.sc.gov.br\/?p=22592","title":{"rendered":"Em Tubar\u00e3o, Pol\u00edcia Civil recupera celular roubado e prende homem em flagrante por tr\u00e1fico e associa\u00e7\u00e3o para o tr\u00e1fico de drogas"},"content":{"rendered":"\t\t<div data-elementor-type=\"wp-post\" data-elementor-id=\"22592\" class=\"elementor elementor-22592\" data-elementor-post-type=\"post\">\n\t\t\t\t\t\t<section class=\"elementor-section elementor-top-section elementor-element elementor-element-deda8bf elementor-section-boxed elementor-section-height-default elementor-section-height-default\" data-id=\"deda8bf\" data-element_type=\"section\">\n\t\t\t\t\t\t<div class=\"elementor-container elementor-column-gap-default\">\n\t\t\t\t\t<div class=\"elementor-column elementor-col-100 elementor-top-column elementor-element elementor-element-8d41bd0\" data-id=\"8d41bd0\" data-element_type=\"column\">\n\t\t\t<div class=\"elementor-widget-wrap elementor-element-populated\">\n\t\t\t\t\t\t<div class=\"elementor-element elementor-element-d3afe3d elementor-widget elementor-widget-heading\" data-id=\"d3afe3d\" data-element_type=\"widget\" data-widget_type=\"heading.default\">\n\t\t\t\t<div class=\"elementor-widget-container\">\n\t\t\t\t\t<h2 class=\"elementor-heading-title elementor-size-default\">Em Tubar\u00e3o, Pol\u00edcia Civil recupera celular roubado e prende homem em flagrante por tr\u00e1fico e associa\u00e7\u00e3o para o tr\u00e1fico de drogas <\/h2>\t\t\t\t<\/div>\n\t\t\t\t<\/div>\n\t\t\t\t\t<\/div>\n\t\t<\/div>\n\t\t\t\t\t<\/div>\n\t\t<\/section>\n\t\t\t\t<section class=\"elementor-section elementor-top-section elementor-element elementor-element-8e3bf27 elementor-section-boxed elementor-section-height-default elementor-section-height-default\" data-id=\"8e3bf27\" data-element_type=\"section\">\n\t\t\t\t\t\t<div class=\"elementor-container elementor-column-gap-default\">\n\t\t\t\t\t<div class=\"elementor-column elementor-col-100 elementor-top-column elementor-element elementor-element-a979ba8\" data-id=\"a979ba8\" data-element_type=\"column\">\n\t\t\t<div class=\"elementor-widget-wrap elementor-element-populated\">\n\t\t\t\t\t\t<div class=\"elementor-element elementor-element-a399ce6 elementor-widget elementor-widget-image\" data-id=\"a399ce6\" data-element_type=\"widget\" data-widget_type=\"image.default\">\n\t\t\t\t<div class=\"elementor-widget-container\">\n\t\t\t\t\t\t\t\t\t\t\t\t\t\t\t<img fetchpriority=\"high\" decoding=\"async\" width=\"602\" height=\"510\" src=\"https:\/\/pc.sc.gov.br\/\/wp-content\/uploads\/2024\/08\/WhatsApp-Image-2024-08-13-at-17.14.54.jpeg\" class=\"attachment-large size-large wp-image-22593\" alt=\"\" srcset=\"https:\/\/pc.sc.gov.br\/\/wp-content\/uploads\/2024\/08\/WhatsApp-Image-2024-08-13-at-17.14.54.jpeg 602w, https:\/\/pc.sc.gov.br\/\/wp-content\/uploads\/2024\/08\/WhatsApp-Image-2024-08-13-at-17.14.54-300x254.jpeg 300w\" sizes=\"(max-width: 602px) 100vw, 602px\" \/>\t\t\t\t\t\t\t\t\t\t\t\t\t\t\t<\/div>\n\t\t\t\t<\/div>\n\t\t\t\t\t<\/div>\n\t\t<\/div>\n\t\t\t\t\t<\/div>\n\t\t<\/section>\n\t\t\t\t<section class=\"elementor-section elementor-top-section elementor-element elementor-element-d7271b5 elementor-section-boxed elementor-section-height-default elementor-section-height-default\" data-id=\"d7271b5\" data-element_type=\"section\">\n\t\t\t\t\t\t<div class=\"elementor-container elementor-column-gap-default\">\n\t\t\t\t\t<div class=\"elementor-column elementor-col-100 elementor-top-column elementor-element elementor-element-ede26bb\" data-id=\"ede26bb\" data-element_type=\"column\">\n\t\t\t<div class=\"elementor-widget-wrap elementor-element-populated\">\n\t\t\t\t\t\t<div class=\"elementor-element elementor-element-75dde81 elementor-widget elementor-widget-text-editor\" data-id=\"75dde81\" data-element_type=\"widget\" data-widget_type=\"text-editor.default\">\n\t\t\t\t<div class=\"elementor-widget-container\">\n\t\t\t\t\t\t\t\t\t<p>A Pol\u00edcia Civil de Santa Catarina, por meio da Divis\u00e3o de Investiga\u00e7\u00e3o Criminal de Tubar\u00e3o, na manh\u00e3 desta ter\u00e7a-feira (13\/08\/2024), deu cumprimento a um mandado de busca e apreens\u00e3o na casa de investigados por roubo ocorrido na cidade de Tubar\u00e3o, tr\u00e1fico de drogas e associa\u00e7\u00e3o para o tr\u00e1fico. Durante a dilig\u00eancia, com o apoio do Canil da PCSC, foram apreendidas por\u00e7\u00f5es de maconha e coca\u00edna, al\u00e9m do celular subtra\u00eddo durante o assalto.<\/p><p>No dia 08 de junho de 2024, por volta das 6h10min, um jovem caminhava pela Rua Padre Geraldo Spettmann quando um homem desembarcou de um carro, amea\u00e7ou-o e subtraiu o seu celular. Enquanto a v\u00edtima retirava o celular do bolso, o autor desferiu alguns golpes de faca contra a v\u00edtima.<\/p><p>Ap\u00f3s cerca de dois meses de investiga\u00e7\u00f5es, verificou-se que um homem residente na cidade de Capivari de Baixo estaria na posse do celular subtra\u00eddo. Ademais, as investiga\u00e7\u00f5es demonstraram que esse indiv\u00edduo e sua companheira estariam realizando tr\u00e1fico de drogas e que teriam se associado com essa finalidade.<\/p><p>Com base em todos os elementos probat\u00f3rios coletados, a Pol\u00edcia Civil representou pela expedi\u00e7\u00e3o de mandado de busca e apreens\u00e3o na casa dos suspeitos, pleito que restou deferido pelo Ju\u00edzo da 2\u00ba Vara Criminal da Comarca de Tubar\u00e3o.<\/p><p>De posse do mandado de busca e apreens\u00e3o, a DIC se deslocou ao endere\u00e7o, juntamente com o Canil, e durante as buscas apreendeu drogas e o celular subtra\u00eddo, raz\u00e3o pela qual foi dada voz de pris\u00e3o em flagrante em desfavor do investigado pelos crimes de tr\u00e1fico de drogas e associa\u00e7\u00e3o para o tr\u00e1fico. A mulher n\u00e3o foi presa, pois havia acabado de sair quando a Pol\u00edcia chegou ao local.<\/p><p>Ap\u00f3s exame pericial, o celular ser\u00e1 restitu\u00eddo \u00e0 v\u00edtima e as investiga\u00e7\u00f5es prosseguem no intuito de coletar outros elementos probat\u00f3rios.<\/p>\t\t\t\t\t\t\t\t<\/div>\n\t\t\t\t<\/div>\n\t\t\t\t\t<\/div>\n\t\t<\/div>\n\t\t\t\t\t<\/div>\n\t\t<\/section>\n\t\t\t\t<\/div>\n\t\t","protected":false},"excerpt":{"rendered":"<p>Em Tubar\u00e3o, Pol\u00edcia Civil recupera celular roubado e prende homem em flagrante por tr\u00e1fico e associa\u00e7\u00e3o para o tr\u00e1fico de drogas A Pol\u00edcia Civil de Santa Catarina, por meio da Divis\u00e3o de Investiga\u00e7\u00e3o Criminal de Tubar\u00e3o, na manh\u00e3 desta ter\u00e7a-feira (13\/08\/2024), deu cumprimento a um mandado de busca e apreens\u00e3o na casa de investigados por [&hellip;]<\/p>\n","protected":false},"author":5,"featured_media":22593,"comment_status":"closed","ping_status":"open","sticky":false,"template":"","format":"standard","meta":{"_monsterinsights_skip_tracking":false,"_monsterinsights_sitenote_active":false,"_monsterinsights_sitenote_note":"","_monsterinsights_sitenote_category":0,"footnotes":""},"categories":[1],"tags":[],"class_list":["post-22592","post","type-post","status-publish","format-standard","has-post-thumbnail","hentry","category-sem-categoria"],"_links":{"self":[{"href":"https:\/\/pc.sc.gov.br\/index.php?rest_route=\/wp\/v2\/posts\/22592","targetHints":{"allow":["GET"]}}],"collection":[{"href":"https:\/\/pc.sc.gov.br\/index.php?rest_route=\/wp\/v2\/posts"}],"about":[{"href":"https:\/\/pc.sc.gov.br\/index.php?rest_route=\/wp\/v2\/types\/post"}],"author":[{"embeddable":true,"href":"https:\/\/pc.sc.gov.br\/index.php?rest_route=\/wp\/v2\/users\/5"}],"replies":[{"embeddable":true,"href":"https:\/\/pc.sc.gov.br\/index.php?rest_route=%2Fwp%2Fv2%2Fcomments&post=22592"}],"version-history":[{"count":4,"href":"https:\/\/pc.sc.gov.br\/index.php?rest_route=\/wp\/v2\/posts\/22592\/revisions"}],"predecessor-version":[{"id":22597,"href":"https:\/\/pc.sc.gov.br\/index.php?rest_route=\/wp\/v2\/posts\/22592\/revisions\/22597"}],"wp:featuredmedia":[{"embeddable":true,"href":"https:\/\/pc.sc.gov.br\/index.php?rest_route=\/wp\/v2\/media\/22593"}],"wp:attachment":[{"href":"https:\/\/pc.sc.gov.br\/index.php?rest_route=%2Fwp%2Fv2%2Fmedia&parent=22592"}],"wp:term":[{"taxonomy":"category","embeddable":true,"href":"https:\/\/pc.sc.gov.br\/index.php?rest_route=%2Fwp%2Fv2%2Fcategories&post=22592"},{"taxonomy":"post_tag","embeddable":true,"href":"https:\/\/pc.sc.gov.br\/index.php?rest_route=%2Fwp%2Fv2%2Ftags&post=22592"}],"curies":[{"name":"wp","href":"https:\/\/api.w.org\/{rel}","templated":true}]}}