{"id":22608,"date":"2024-08-14T15:18:45","date_gmt":"2024-08-14T18:18:45","guid":{"rendered":"https:\/\/pc.sc.gov.br\/?p=22608"},"modified":"2024-08-14T15:21:45","modified_gmt":"2024-08-14T18:21:45","slug":"pcsc-prende-homem-condenado-pelo-crime-de-estupro-de-vulneravel-da-propria-filha-em-xaxim","status":"publish","type":"post","link":"https:\/\/pc.sc.gov.br\/?p=22608","title":{"rendered":"PCSC prende homem condenado pelo crime de estupro de vulner\u00e1vel da pr\u00f3pria filha em Xaxim"},"content":{"rendered":"\t\t<div data-elementor-type=\"wp-post\" data-elementor-id=\"22608\" class=\"elementor elementor-22608\" data-elementor-post-type=\"post\">\n\t\t\t\t\t\t<section class=\"elementor-section elementor-top-section elementor-element elementor-element-e9de89c elementor-section-boxed elementor-section-height-default elementor-section-height-default\" data-id=\"e9de89c\" data-element_type=\"section\">\n\t\t\t\t\t\t<div class=\"elementor-container elementor-column-gap-default\">\n\t\t\t\t\t<div class=\"elementor-column elementor-col-100 elementor-top-column elementor-element elementor-element-57225f8\" data-id=\"57225f8\" data-element_type=\"column\">\n\t\t\t<div class=\"elementor-widget-wrap elementor-element-populated\">\n\t\t\t\t\t\t<div class=\"elementor-element elementor-element-b716083 elementor-widget elementor-widget-heading\" data-id=\"b716083\" data-element_type=\"widget\" data-widget_type=\"heading.default\">\n\t\t\t\t<div class=\"elementor-widget-container\">\n\t\t\t\t\t<h2 class=\"elementor-heading-title elementor-size-default\">PCSC prende homem condenado pelo crime de estupro de vulner\u00e1vel da pr\u00f3pria filha em Xaxim<\/h2>\t\t\t\t<\/div>\n\t\t\t\t<\/div>\n\t\t\t\t\t<\/div>\n\t\t<\/div>\n\t\t\t\t\t<\/div>\n\t\t<\/section>\n\t\t\t\t<section class=\"elementor-section elementor-top-section elementor-element elementor-element-1cac602 elementor-section-boxed elementor-section-height-default elementor-section-height-default\" data-id=\"1cac602\" data-element_type=\"section\">\n\t\t\t\t\t\t<div class=\"elementor-container elementor-column-gap-default\">\n\t\t\t\t\t<div class=\"elementor-column elementor-col-100 elementor-top-column elementor-element elementor-element-a7f5e60\" data-id=\"a7f5e60\" data-element_type=\"column\">\n\t\t\t<div class=\"elementor-widget-wrap elementor-element-populated\">\n\t\t\t\t\t\t<div class=\"elementor-element elementor-element-481b933 elementor-widget elementor-widget-image\" data-id=\"481b933\" data-element_type=\"widget\" data-widget_type=\"image.default\">\n\t\t\t\t<div class=\"elementor-widget-container\">\n\t\t\t\t\t\t\t\t\t\t\t\t\t\t\t<img fetchpriority=\"high\" decoding=\"async\" width=\"488\" height=\"366\" src=\"https:\/\/pc.sc.gov.br\/\/wp-content\/uploads\/2024\/08\/06cbad0a-dbd9-44f7-870a-ad6c3a3a8bba-fotor-2024081415175.jpg\" class=\"attachment-large size-large wp-image-22609\" alt=\"\" srcset=\"https:\/\/pc.sc.gov.br\/\/wp-content\/uploads\/2024\/08\/06cbad0a-dbd9-44f7-870a-ad6c3a3a8bba-fotor-2024081415175.jpg 488w, https:\/\/pc.sc.gov.br\/\/wp-content\/uploads\/2024\/08\/06cbad0a-dbd9-44f7-870a-ad6c3a3a8bba-fotor-2024081415175-300x225.jpg 300w\" sizes=\"(max-width: 488px) 100vw, 488px\" \/>\t\t\t\t\t\t\t\t\t\t\t\t\t\t\t<\/div>\n\t\t\t\t<\/div>\n\t\t\t\t\t<\/div>\n\t\t<\/div>\n\t\t\t\t\t<\/div>\n\t\t<\/section>\n\t\t\t\t<section class=\"elementor-section elementor-top-section elementor-element elementor-element-741fcc4 elementor-section-boxed elementor-section-height-default elementor-section-height-default\" data-id=\"741fcc4\" data-element_type=\"section\">\n\t\t\t\t\t\t<div class=\"elementor-container elementor-column-gap-default\">\n\t\t\t\t\t<div class=\"elementor-column elementor-col-100 elementor-top-column elementor-element elementor-element-b196e5e\" data-id=\"b196e5e\" data-element_type=\"column\">\n\t\t\t<div class=\"elementor-widget-wrap elementor-element-populated\">\n\t\t\t\t\t\t<div class=\"elementor-element elementor-element-4a5ebb7 elementor-widget elementor-widget-text-editor\" data-id=\"4a5ebb7\" data-element_type=\"widget\" data-widget_type=\"text-editor.default\">\n\t\t\t\t<div class=\"elementor-widget-container\">\n\t\t\t\t\t\t\t\t\t<p>A Pol\u00edcia Civil do Estado de Santa Catarina, por meio da Delegacia de Pol\u00edcia da Comarca de Xaxim, deu cumprimento, nesta ter\u00e7a-feira (13), ao mandado de pris\u00e3o expedido em desfavor de um homem condenado a 29 anos de reclus\u00e3o pelo crime de estupro de vulner\u00e1vel, praticado contra a sua pr\u00f3pria filha, \u00e0 \u00e9poca com 13 anos de idade.<\/p>\n<p>Segundo apontaram as investiga\u00e7\u00f5es da Pol\u00edcia Civil, o homem, no dia 13 de junho de 2020, por volta das 8h, teria passado as m\u00e3os nos seios de sua filha, com a finalidade de satisfazer a pr\u00f3pria lasc\u00edvia, oferecendo a ela, na sequ\u00eancia, o valor de R$ 100 para que o deixasse passar a m\u00e3o em seu corpo.&nbsp;<span style=\"font-family: var( --e-global-typography-text-font-family ), Sans-serif; font-size: var( --e-global-typography-text-font-size );\">Diante da recusa da filha, o homem teria tentado esgan\u00e1-la, exigindo que ela n\u00e3o contasse tal fato a ningu\u00e9m.<\/span><\/p>\n<p>Ap\u00f3s a colheita de todos os elementos indici\u00e1rios pertinentes, o Inqu\u00e9rito Policial, que tramitou na Delegacia de Pol\u00edcia da Comarca de Xaxim, foi encaminhado ao Poder Judici\u00e1rio e ao Minist\u00e9rio P\u00fablico, ao passo que, ap\u00f3s o devido processo legal, o decreto condenat\u00f3rio foi expedido.<\/p>\n<p>Na ter\u00e7a-feira (13) o homem foi abordado no centro do munic\u00edpio de Xaxim pelos policiais civis e cientificado acerca da ordem judicial. N\u00e3o apresentando qualquer resist\u00eancia, foi conduzido \u00e0 Delegacia de Pol\u00edcia, para os procedimentos cab\u00edveis, e posteriormente ao complexo prisional de Chapec\u00f3, onde iniciar\u00e1 o cumprimento de sua pena.<span style=\"color: var( --e-global-color-text ); font-family: var( --e-global-typography-primary-font-family ), Sans-serif; font-size: var( --e-global-typography-primary-font-size ); font-weight: var( --e-global-typography-primary-font-weight ); letter-spacing: var( --e-global-typography-primary-letter-spacing );\">&nbsp;<\/span><\/p>\t\t\t\t\t\t\t\t<\/div>\n\t\t\t\t<\/div>\n\t\t\t\t\t<\/div>\n\t\t<\/div>\n\t\t\t\t\t<\/div>\n\t\t<\/section>\n\t\t\t\t<\/div>\n\t\t","protected":false},"excerpt":{"rendered":"<p>PCSC prende homem condenado pelo crime de estupro de vulner\u00e1vel da pr\u00f3pria filha em Xaxim A Pol\u00edcia Civil do Estado de Santa Catarina, por meio da Delegacia de Pol\u00edcia da Comarca de Xaxim, deu cumprimento, nesta ter\u00e7a-feira (13), ao mandado de pris\u00e3o expedido em desfavor de um homem condenado a 29 anos de reclus\u00e3o pelo [&hellip;]<\/p>\n","protected":false},"author":5,"featured_media":22609,"comment_status":"closed","ping_status":"open","sticky":false,"template":"","format":"standard","meta":{"_monsterinsights_skip_tracking":false,"_monsterinsights_sitenote_active":false,"_monsterinsights_sitenote_note":"","_monsterinsights_sitenote_category":0,"footnotes":""},"categories":[1],"tags":[],"class_list":["post-22608","post","type-post","status-publish","format-standard","has-post-thumbnail","hentry","category-sem-categoria"],"_links":{"self":[{"href":"https:\/\/pc.sc.gov.br\/index.php?rest_route=\/wp\/v2\/posts\/22608","targetHints":{"allow":["GET"]}}],"collection":[{"href":"https:\/\/pc.sc.gov.br\/index.php?rest_route=\/wp\/v2\/posts"}],"about":[{"href":"https:\/\/pc.sc.gov.br\/index.php?rest_route=\/wp\/v2\/types\/post"}],"author":[{"embeddable":true,"href":"https:\/\/pc.sc.gov.br\/index.php?rest_route=\/wp\/v2\/users\/5"}],"replies":[{"embeddable":true,"href":"https:\/\/pc.sc.gov.br\/index.php?rest_route=%2Fwp%2Fv2%2Fcomments&post=22608"}],"version-history":[{"count":3,"href":"https:\/\/pc.sc.gov.br\/index.php?rest_route=\/wp\/v2\/posts\/22608\/revisions"}],"predecessor-version":[{"id":22612,"href":"https:\/\/pc.sc.gov.br\/index.php?rest_route=\/wp\/v2\/posts\/22608\/revisions\/22612"}],"wp:featuredmedia":[{"embeddable":true,"href":"https:\/\/pc.sc.gov.br\/index.php?rest_route=\/wp\/v2\/media\/22609"}],"wp:attachment":[{"href":"https:\/\/pc.sc.gov.br\/index.php?rest_route=%2Fwp%2Fv2%2Fmedia&parent=22608"}],"wp:term":[{"taxonomy":"category","embeddable":true,"href":"https:\/\/pc.sc.gov.br\/index.php?rest_route=%2Fwp%2Fv2%2Fcategories&post=22608"},{"taxonomy":"post_tag","embeddable":true,"href":"https:\/\/pc.sc.gov.br\/index.php?rest_route=%2Fwp%2Fv2%2Ftags&post=22608"}],"curies":[{"name":"wp","href":"https:\/\/api.w.org\/{rel}","templated":true}]}}