{"id":22617,"date":"2024-08-15T16:46:51","date_gmt":"2024-08-15T19:46:51","guid":{"rendered":"https:\/\/pc.sc.gov.br\/?p=22617"},"modified":"2024-08-15T16:52:42","modified_gmt":"2024-08-15T19:52:42","slug":"policia-civil-de-santa-catarina-realiza-operacao-e-prende-suspeitos-de-homicidio-em-jacinto-machado","status":"publish","type":"post","link":"https:\/\/pc.sc.gov.br\/?p=22617","title":{"rendered":"Pol\u00edcia Civil de Santa Catarina realiza opera\u00e7\u00e3o e prende suspeitos de homic\u00eddio em Jacinto Machado"},"content":{"rendered":"\t\t<div data-elementor-type=\"wp-post\" data-elementor-id=\"22617\" class=\"elementor elementor-22617\" data-elementor-post-type=\"post\">\n\t\t\t\t\t\t<section class=\"elementor-section elementor-top-section elementor-element elementor-element-60139cd elementor-section-boxed elementor-section-height-default elementor-section-height-default\" data-id=\"60139cd\" data-element_type=\"section\">\n\t\t\t\t\t\t<div class=\"elementor-container elementor-column-gap-default\">\n\t\t\t\t\t<div class=\"elementor-column elementor-col-100 elementor-top-column elementor-element elementor-element-e3328e6\" data-id=\"e3328e6\" data-element_type=\"column\">\n\t\t\t<div class=\"elementor-widget-wrap elementor-element-populated\">\n\t\t\t\t\t\t<div class=\"elementor-element elementor-element-016c888 elementor-widget elementor-widget-heading\" data-id=\"016c888\" data-element_type=\"widget\" data-widget_type=\"heading.default\">\n\t\t\t\t<div class=\"elementor-widget-container\">\n\t\t\t\t\t<h2 class=\"elementor-heading-title elementor-size-default\">Pol\u00edcia Civil de Santa Catarina realiza opera\u00e7\u00e3o e prende suspeitos de homic\u00eddio em Jacinto Machado<\/h2>\t\t\t\t<\/div>\n\t\t\t\t<\/div>\n\t\t\t\t\t<\/div>\n\t\t<\/div>\n\t\t\t\t\t<\/div>\n\t\t<\/section>\n\t\t\t\t<section class=\"elementor-section elementor-top-section elementor-element elementor-element-fd49787 elementor-section-boxed elementor-section-height-default elementor-section-height-default\" data-id=\"fd49787\" data-element_type=\"section\">\n\t\t\t\t\t\t<div class=\"elementor-container elementor-column-gap-default\">\n\t\t\t\t\t<div class=\"elementor-column elementor-col-100 elementor-top-column elementor-element elementor-element-5a718cc\" data-id=\"5a718cc\" data-element_type=\"column\">\n\t\t\t<div class=\"elementor-widget-wrap elementor-element-populated\">\n\t\t\t\t\t\t<div class=\"elementor-element elementor-element-09c4c62 elementor-widget elementor-widget-image\" data-id=\"09c4c62\" data-element_type=\"widget\" data-widget_type=\"image.default\">\n\t\t\t\t<div class=\"elementor-widget-container\">\n\t\t\t\t\t\t\t\t\t\t\t\t\t\t\t<img fetchpriority=\"high\" decoding=\"async\" width=\"696\" height=\"680\" src=\"https:\/\/pc.sc.gov.br\/\/wp-content\/uploads\/2024\/08\/a96d3c78-5212-42a9-a3b4-317d463ed4a2-fotor-20240815164427-1024x1001.jpg\" class=\"attachment-large size-large wp-image-22618\" alt=\"\" srcset=\"https:\/\/pc.sc.gov.br\/\/wp-content\/uploads\/2024\/08\/a96d3c78-5212-42a9-a3b4-317d463ed4a2-fotor-20240815164427-1024x1001.jpg 1024w, https:\/\/pc.sc.gov.br\/\/wp-content\/uploads\/2024\/08\/a96d3c78-5212-42a9-a3b4-317d463ed4a2-fotor-20240815164427-300x293.jpg 300w, https:\/\/pc.sc.gov.br\/\/wp-content\/uploads\/2024\/08\/a96d3c78-5212-42a9-a3b4-317d463ed4a2-fotor-20240815164427-768x751.jpg 768w, https:\/\/pc.sc.gov.br\/\/wp-content\/uploads\/2024\/08\/a96d3c78-5212-42a9-a3b4-317d463ed4a2-fotor-20240815164427.jpg 1166w\" sizes=\"(max-width: 696px) 100vw, 696px\" \/>\t\t\t\t\t\t\t\t\t\t\t\t\t\t\t<\/div>\n\t\t\t\t<\/div>\n\t\t\t\t\t<\/div>\n\t\t<\/div>\n\t\t\t\t\t<\/div>\n\t\t<\/section>\n\t\t\t\t<section class=\"elementor-section elementor-top-section elementor-element elementor-element-206d815 elementor-section-boxed elementor-section-height-default elementor-section-height-default\" data-id=\"206d815\" data-element_type=\"section\">\n\t\t\t\t\t\t<div class=\"elementor-container elementor-column-gap-default\">\n\t\t\t\t\t<div class=\"elementor-column elementor-col-100 elementor-top-column elementor-element elementor-element-b68db45\" data-id=\"b68db45\" data-element_type=\"column\">\n\t\t\t<div class=\"elementor-widget-wrap elementor-element-populated\">\n\t\t\t\t\t\t<div class=\"elementor-element elementor-element-2f85792 elementor-widget elementor-widget-text-editor\" data-id=\"2f85792\" data-element_type=\"widget\" data-widget_type=\"text-editor.default\">\n\t\t\t\t<div class=\"elementor-widget-container\">\n\t\t\t\t\t\t\t\t\t<p>Em uma opera\u00e7\u00e3o realizada pelas Delegacias de Pol\u00edcia das comarcas de Turvo, Jacinto Machado, Ermo e Timb\u00e9 do Sul, a Pol\u00edcia Civil de Santa Catarina prendeu preventivamente dois indiv\u00edduos suspeitos de envolvimento em um homic\u00eddio e tentativa de homic\u00eddio na cidade de Jacinto Machado. A a\u00e7\u00e3o foi desencadeada ap\u00f3s investiga\u00e7\u00f5es que apontaram a participa\u00e7\u00e3o dos suspeitos no crime que chocou a comunidade local.<\/p><p>O crime ocorreu quando os suspeitos teriam invadido a resid\u00eancia das v\u00edtimas e disparado diversas vezes contra um jovem e sua m\u00e3e. Um dos disparos atingiu o peito do jovem de 18 anos, causando sua morte imediata. A m\u00e3e, que estava dormindo no momento da invas\u00e3o, foi atingida por dois disparos, mas sobreviveu ao ataque.<\/p><p>Segundo informa\u00e7\u00f5es da Pol\u00edcia Civil, a trag\u00e9dia s\u00f3 n\u00e3o foi maior devido a uma falha na arma utilizada pelos criminosos, que impediu que mais disparos fossem realizados. A opera\u00e7\u00e3o que resultou na pris\u00e3o dos suspeitos faz parte dos esfor\u00e7os cont\u00ednuos das for\u00e7as de seguran\u00e7a para esclarecer crimes graves e garantir a seguran\u00e7a da popula\u00e7\u00e3o.<\/p><p>As investiga\u00e7\u00f5es prosseguem para esclarecer todos os detalhes e motiva\u00e7\u00f5es por tr\u00e1s do crime. Na ocasi\u00e3o tamb\u00e9m foi realizada busca na resid\u00eancia dos suspeitos, tendo sido apreendidas por\u00e7\u00f5es da droga maconha. Os dois suspeitos foram encaminhados para o pres\u00eddio de Ararangu\u00e1, onde permanecer\u00e3o \u00e0 disposi\u00e7\u00e3o da Justi\u00e7a.<\/p>\t\t\t\t\t\t\t\t<\/div>\n\t\t\t\t<\/div>\n\t\t\t\t\t<\/div>\n\t\t<\/div>\n\t\t\t\t\t<\/div>\n\t\t<\/section>\n\t\t\t\t<\/div>\n\t\t","protected":false},"excerpt":{"rendered":"<p>Pol\u00edcia Civil de Santa Catarina realiza opera\u00e7\u00e3o e prende suspeitos de homic\u00eddio em Jacinto Machado Em uma opera\u00e7\u00e3o realizada pelas Delegacias de Pol\u00edcia das comarcas de Turvo, Jacinto Machado, Ermo e Timb\u00e9 do Sul, a Pol\u00edcia Civil de Santa Catarina prendeu preventivamente dois indiv\u00edduos suspeitos de envolvimento em um homic\u00eddio e tentativa de homic\u00eddio na [&hellip;]<\/p>\n","protected":false},"author":5,"featured_media":22618,"comment_status":"closed","ping_status":"open","sticky":false,"template":"","format":"standard","meta":{"_monsterinsights_skip_tracking":false,"_monsterinsights_sitenote_active":false,"_monsterinsights_sitenote_note":"","_monsterinsights_sitenote_category":0,"footnotes":""},"categories":[1],"tags":[],"class_list":["post-22617","post","type-post","status-publish","format-standard","has-post-thumbnail","hentry","category-sem-categoria"],"_links":{"self":[{"href":"https:\/\/pc.sc.gov.br\/index.php?rest_route=\/wp\/v2\/posts\/22617","targetHints":{"allow":["GET"]}}],"collection":[{"href":"https:\/\/pc.sc.gov.br\/index.php?rest_route=\/wp\/v2\/posts"}],"about":[{"href":"https:\/\/pc.sc.gov.br\/index.php?rest_route=\/wp\/v2\/types\/post"}],"author":[{"embeddable":true,"href":"https:\/\/pc.sc.gov.br\/index.php?rest_route=\/wp\/v2\/users\/5"}],"replies":[{"embeddable":true,"href":"https:\/\/pc.sc.gov.br\/index.php?rest_route=%2Fwp%2Fv2%2Fcomments&post=22617"}],"version-history":[{"count":3,"href":"https:\/\/pc.sc.gov.br\/index.php?rest_route=\/wp\/v2\/posts\/22617\/revisions"}],"predecessor-version":[{"id":22621,"href":"https:\/\/pc.sc.gov.br\/index.php?rest_route=\/wp\/v2\/posts\/22617\/revisions\/22621"}],"wp:featuredmedia":[{"embeddable":true,"href":"https:\/\/pc.sc.gov.br\/index.php?rest_route=\/wp\/v2\/media\/22618"}],"wp:attachment":[{"href":"https:\/\/pc.sc.gov.br\/index.php?rest_route=%2Fwp%2Fv2%2Fmedia&parent=22617"}],"wp:term":[{"taxonomy":"category","embeddable":true,"href":"https:\/\/pc.sc.gov.br\/index.php?rest_route=%2Fwp%2Fv2%2Fcategories&post=22617"},{"taxonomy":"post_tag","embeddable":true,"href":"https:\/\/pc.sc.gov.br\/index.php?rest_route=%2Fwp%2Fv2%2Ftags&post=22617"}],"curies":[{"name":"wp","href":"https:\/\/api.w.org\/{rel}","templated":true}]}}