{"id":22622,"date":"2024-08-15T17:02:55","date_gmt":"2024-08-15T20:02:55","guid":{"rendered":"https:\/\/pc.sc.gov.br\/?p=22622"},"modified":"2024-08-15T17:05:00","modified_gmt":"2024-08-15T20:05:00","slug":"ministro-do-stf-andre-mendonca-participa-do-seminario-governanca-e-seguranca-publica-em-florianopolis","status":"publish","type":"post","link":"https:\/\/pc.sc.gov.br\/?p=22622","title":{"rendered":"Ministro do STF, Andr\u00e9 Mendon\u00e7a, participa do Semin\u00e1rio Governan\u00e7a e Seguran\u00e7a P\u00fablica, na Acadepol, em Florian\u00f3polis"},"content":{"rendered":"\t\t<div data-elementor-type=\"wp-post\" data-elementor-id=\"22622\" class=\"elementor elementor-22622\" data-elementor-post-type=\"post\">\n\t\t\t\t\t\t<section class=\"elementor-section elementor-top-section elementor-element elementor-element-f6f3cb8 elementor-section-boxed elementor-section-height-default elementor-section-height-default\" data-id=\"f6f3cb8\" data-element_type=\"section\">\n\t\t\t\t\t\t<div class=\"elementor-container elementor-column-gap-default\">\n\t\t\t\t\t<div class=\"elementor-column elementor-col-100 elementor-top-column elementor-element elementor-element-d69755b\" data-id=\"d69755b\" data-element_type=\"column\">\n\t\t\t<div class=\"elementor-widget-wrap elementor-element-populated\">\n\t\t\t\t\t\t<div class=\"elementor-element elementor-element-aeffddb elementor-widget elementor-widget-heading\" data-id=\"aeffddb\" data-element_type=\"widget\" data-widget_type=\"heading.default\">\n\t\t\t\t<div class=\"elementor-widget-container\">\n\t\t\t\t\t<h2 class=\"elementor-heading-title elementor-size-default\">Ministro do STF, Andr\u00e9 Mendon\u00e7a, participa do Semin\u00e1rio Governan\u00e7a e Seguran\u00e7a P\u00fablica na acadepol, em Florian\u00f3polis<\/h2>\t\t\t\t<\/div>\n\t\t\t\t<\/div>\n\t\t\t\t\t<\/div>\n\t\t<\/div>\n\t\t\t\t\t<\/div>\n\t\t<\/section>\n\t\t\t\t<section class=\"elementor-section elementor-top-section elementor-element elementor-element-74bb584 elementor-section-boxed elementor-section-height-default elementor-section-height-default\" data-id=\"74bb584\" data-element_type=\"section\">\n\t\t\t\t\t\t<div class=\"elementor-container elementor-column-gap-default\">\n\t\t\t\t\t<div class=\"elementor-column elementor-col-100 elementor-top-column elementor-element elementor-element-98fe0e2\" data-id=\"98fe0e2\" data-element_type=\"column\">\n\t\t\t<div class=\"elementor-widget-wrap elementor-element-populated\">\n\t\t\t\t\t\t<div class=\"elementor-element elementor-element-bfffc88 elementor-widget elementor-widget-image\" data-id=\"bfffc88\" data-element_type=\"widget\" data-widget_type=\"image.default\">\n\t\t\t\t<div class=\"elementor-widget-container\">\n\t\t\t\t\t\t\t\t\t\t\t\t\t\t\t<img fetchpriority=\"high\" decoding=\"async\" width=\"696\" height=\"464\" src=\"https:\/\/pc.sc.gov.br\/\/wp-content\/uploads\/2024\/08\/53364952286_884ae6701c_k-1024x683.jpg\" class=\"attachment-large size-large wp-image-22623\" alt=\"\" srcset=\"https:\/\/pc.sc.gov.br\/\/wp-content\/uploads\/2024\/08\/53364952286_884ae6701c_k-1024x683.jpg 1024w, https:\/\/pc.sc.gov.br\/\/wp-content\/uploads\/2024\/08\/53364952286_884ae6701c_k-300x200.jpg 300w, https:\/\/pc.sc.gov.br\/\/wp-content\/uploads\/2024\/08\/53364952286_884ae6701c_k-768x512.jpg 768w, https:\/\/pc.sc.gov.br\/\/wp-content\/uploads\/2024\/08\/53364952286_884ae6701c_k-1536x1024.jpg 1536w, https:\/\/pc.sc.gov.br\/\/wp-content\/uploads\/2024\/08\/53364952286_884ae6701c_k.jpg 2048w\" sizes=\"(max-width: 696px) 100vw, 696px\" \/>\t\t\t\t\t\t\t\t\t\t\t\t\t\t\t<\/div>\n\t\t\t\t<\/div>\n\t\t\t\t\t<\/div>\n\t\t<\/div>\n\t\t\t\t\t<\/div>\n\t\t<\/section>\n\t\t\t\t<section class=\"elementor-section elementor-top-section elementor-element elementor-element-93273a1 elementor-section-boxed elementor-section-height-default elementor-section-height-default\" data-id=\"93273a1\" data-element_type=\"section\">\n\t\t\t\t\t\t<div class=\"elementor-container elementor-column-gap-default\">\n\t\t\t\t\t<div class=\"elementor-column elementor-col-100 elementor-top-column elementor-element elementor-element-dc24151\" data-id=\"dc24151\" data-element_type=\"column\">\n\t\t\t<div class=\"elementor-widget-wrap elementor-element-populated\">\n\t\t\t\t\t\t<div class=\"elementor-element elementor-element-d4db99f elementor-widget elementor-widget-text-editor\" data-id=\"d4db99f\" data-element_type=\"widget\" data-widget_type=\"text-editor.default\">\n\t\t\t\t<div class=\"elementor-widget-container\">\n\t\t\t\t\t\t\t\t\t<p>A Pol\u00edcia Civil de Santa Catarina, por meio da Academia de Pol\u00edcia Civil, promove na pr\u00f3xima sexta-feira (16), o Semin\u00e1rio Governan\u00e7a e Seguran\u00e7a P\u00fablica: Desafios e Perspectivas, na sede da Acadepol, em Florian\u00f3polis. O evento come\u00e7a \u00e0s 13h com credenciamento dos participantes e, as 14h20min, est\u00e1 prevista a palestra do Juiz de Direito de Santa Catarina e ex-conselheiro do CNJ (2017-2919), Marcio Schiefler Fontes.\u00a0<\/p><p>Em seguida, \u00e0s 15h, o Ministro do Supremo Tribunal Federal (STF), Andr\u00e9 Mendon\u00e7a, ir\u00e1 comentar o tema. O semin\u00e1rio \u00e9 restrito a policiais civis e convidados. Promovido pela Acadepol, o evento faz parte do calend\u00e1rio de comemora\u00e7\u00f5es dos 212 anos da Pol\u00edcia Civil de Santa Catarina.<\/p>\t\t\t\t\t\t\t\t<\/div>\n\t\t\t\t<\/div>\n\t\t\t\t\t<\/div>\n\t\t<\/div>\n\t\t\t\t\t<\/div>\n\t\t<\/section>\n\t\t\t\t<\/div>\n\t\t","protected":false},"excerpt":{"rendered":"<p>Ministro do STF, Andr\u00e9 Mendon\u00e7a, participa do Semin\u00e1rio Governan\u00e7a e Seguran\u00e7a P\u00fablica na acadepol, em Florian\u00f3polis A Pol\u00edcia Civil de Santa Catarina, por meio da Academia de Pol\u00edcia Civil, promove na pr\u00f3xima sexta-feira (16), o Semin\u00e1rio Governan\u00e7a e Seguran\u00e7a P\u00fablica: Desafios e Perspectivas, na sede da Acadepol, em Florian\u00f3polis. O evento come\u00e7a \u00e0s 13h com [&hellip;]<\/p>\n","protected":false},"author":5,"featured_media":22623,"comment_status":"closed","ping_status":"open","sticky":false,"template":"","format":"standard","meta":{"_monsterinsights_skip_tracking":false,"_monsterinsights_sitenote_active":false,"_monsterinsights_sitenote_note":"","_monsterinsights_sitenote_category":0,"footnotes":""},"categories":[1],"tags":[],"class_list":["post-22622","post","type-post","status-publish","format-standard","has-post-thumbnail","hentry","category-sem-categoria"],"_links":{"self":[{"href":"https:\/\/pc.sc.gov.br\/index.php?rest_route=\/wp\/v2\/posts\/22622","targetHints":{"allow":["GET"]}}],"collection":[{"href":"https:\/\/pc.sc.gov.br\/index.php?rest_route=\/wp\/v2\/posts"}],"about":[{"href":"https:\/\/pc.sc.gov.br\/index.php?rest_route=\/wp\/v2\/types\/post"}],"author":[{"embeddable":true,"href":"https:\/\/pc.sc.gov.br\/index.php?rest_route=\/wp\/v2\/users\/5"}],"replies":[{"embeddable":true,"href":"https:\/\/pc.sc.gov.br\/index.php?rest_route=%2Fwp%2Fv2%2Fcomments&post=22622"}],"version-history":[{"count":8,"href":"https:\/\/pc.sc.gov.br\/index.php?rest_route=\/wp\/v2\/posts\/22622\/revisions"}],"predecessor-version":[{"id":22631,"href":"https:\/\/pc.sc.gov.br\/index.php?rest_route=\/wp\/v2\/posts\/22622\/revisions\/22631"}],"wp:featuredmedia":[{"embeddable":true,"href":"https:\/\/pc.sc.gov.br\/index.php?rest_route=\/wp\/v2\/media\/22623"}],"wp:attachment":[{"href":"https:\/\/pc.sc.gov.br\/index.php?rest_route=%2Fwp%2Fv2%2Fmedia&parent=22622"}],"wp:term":[{"taxonomy":"category","embeddable":true,"href":"https:\/\/pc.sc.gov.br\/index.php?rest_route=%2Fwp%2Fv2%2Fcategories&post=22622"},{"taxonomy":"post_tag","embeddable":true,"href":"https:\/\/pc.sc.gov.br\/index.php?rest_route=%2Fwp%2Fv2%2Ftags&post=22622"}],"curies":[{"name":"wp","href":"https:\/\/api.w.org\/{rel}","templated":true}]}}