{"id":22632,"date":"2024-08-15T17:13:18","date_gmt":"2024-08-15T20:13:18","guid":{"rendered":"https:\/\/pc.sc.gov.br\/?p=22632"},"modified":"2024-08-15T17:33:45","modified_gmt":"2024-08-15T20:33:45","slug":"policia-civil-prende-homem-responsavel-por-transporte-de-aproximadamente-150-quilos-de-maconha-em-barra-velha","status":"publish","type":"post","link":"https:\/\/pc.sc.gov.br\/?p=22632","title":{"rendered":"Pol\u00edcia Civil prende homem respons\u00e1vel por transporte de aproximadamente 150 quilos de maconha em Barra Velha"},"content":{"rendered":"\t\t<div data-elementor-type=\"wp-post\" data-elementor-id=\"22632\" class=\"elementor elementor-22632\" data-elementor-post-type=\"post\">\n\t\t\t\t\t\t<section class=\"elementor-section elementor-top-section elementor-element elementor-element-db02b4e elementor-section-boxed elementor-section-height-default elementor-section-height-default\" data-id=\"db02b4e\" data-element_type=\"section\">\n\t\t\t\t\t\t<div class=\"elementor-container elementor-column-gap-default\">\n\t\t\t\t\t<div class=\"elementor-column elementor-col-100 elementor-top-column elementor-element elementor-element-8a1a46f\" data-id=\"8a1a46f\" data-element_type=\"column\">\n\t\t\t<div class=\"elementor-widget-wrap elementor-element-populated\">\n\t\t\t\t\t\t<div class=\"elementor-element elementor-element-b02f94a elementor-widget elementor-widget-heading\" data-id=\"b02f94a\" data-element_type=\"widget\" data-widget_type=\"heading.default\">\n\t\t\t\t<div class=\"elementor-widget-container\">\n\t\t\t\t\t<h2 class=\"elementor-heading-title elementor-size-default\">Pol\u00edcia Civil prende homem respons\u00e1vel por transporte de aproximadamente 150 quilos de maconha em Barra Velha<\/h2>\t\t\t\t<\/div>\n\t\t\t\t<\/div>\n\t\t\t\t<div class=\"elementor-element elementor-element-f26e86e elementor-widget elementor-widget-image\" data-id=\"f26e86e\" data-element_type=\"widget\" data-widget_type=\"image.default\">\n\t\t\t\t<div class=\"elementor-widget-container\">\n\t\t\t\t\t\t\t\t\t\t\t\t\t\t\t<img fetchpriority=\"high\" decoding=\"async\" width=\"696\" height=\"392\" src=\"https:\/\/pc.sc.gov.br\/\/wp-content\/uploads\/2024\/08\/WhatsApp-Image-2024-08-14-at-19.18.47-1024x576.jpeg\" class=\"attachment-large size-large wp-image-22633\" alt=\"\" srcset=\"https:\/\/pc.sc.gov.br\/\/wp-content\/uploads\/2024\/08\/WhatsApp-Image-2024-08-14-at-19.18.47-1024x576.jpeg 1024w, https:\/\/pc.sc.gov.br\/\/wp-content\/uploads\/2024\/08\/WhatsApp-Image-2024-08-14-at-19.18.47-300x169.jpeg 300w, https:\/\/pc.sc.gov.br\/\/wp-content\/uploads\/2024\/08\/WhatsApp-Image-2024-08-14-at-19.18.47-768x432.jpeg 768w, https:\/\/pc.sc.gov.br\/\/wp-content\/uploads\/2024\/08\/WhatsApp-Image-2024-08-14-at-19.18.47.jpeg 1280w\" sizes=\"(max-width: 696px) 100vw, 696px\" \/>\t\t\t\t\t\t\t\t\t\t\t\t\t\t\t<\/div>\n\t\t\t\t<\/div>\n\t\t\t\t\t<\/div>\n\t\t<\/div>\n\t\t\t\t\t<\/div>\n\t\t<\/section>\n\t\t\t\t<section class=\"elementor-section elementor-top-section elementor-element elementor-element-82c31ce elementor-section-boxed elementor-section-height-default elementor-section-height-default\" data-id=\"82c31ce\" data-element_type=\"section\">\n\t\t\t\t\t\t<div class=\"elementor-container elementor-column-gap-default\">\n\t\t\t\t\t<div class=\"elementor-column elementor-col-100 elementor-top-column elementor-element elementor-element-e4fdce4\" data-id=\"e4fdce4\" data-element_type=\"column\">\n\t\t\t<div class=\"elementor-widget-wrap elementor-element-populated\">\n\t\t\t\t\t\t<div class=\"elementor-element elementor-element-7f5bc3e elementor-widget elementor-widget-text-editor\" data-id=\"7f5bc3e\" data-element_type=\"widget\" data-widget_type=\"text-editor.default\">\n\t\t\t\t<div class=\"elementor-widget-container\">\n\t\t\t\t\t\t\t\t\t<p>A Pol\u00edcia Civil de Santa Catarina, por meio da Delegacia de Combate \u00e0s Drogas do Departamento de Investiga\u00e7\u00e3o Criminal de Itaja\u00ed (DECOD\/DIC), prendeu um homem por tr\u00e1fico de drogas na cidade de Navegantes\/SC e apreendeu aproximadamente 150 kg de maconha no munic\u00edpio de S\u00e3o Jos\u00e9 dos Pinhais\/PR no dia 16 de maio de 2024.<\/p>\n<p>Em continuidade \u00e0s investiga\u00e7\u00f5es, a Pol\u00edcia Civil identificou um segundo autor, um homem morador de Barra Velha, o qual teria sido respons\u00e1vel pelo transporte do referido entorpecente da fronteira do Paran\u00e1 at\u00e9 a regi\u00e3o metropolitana de Curitiba. Frente aos novos fatos, foram deferidos pelo Poder Judici\u00e1rio tr\u00eas mandados de busca e apreens\u00e3o e um mandado de pris\u00e3o preventiva em desfavor do suspeito.<\/p>\n<p>Na noite do dia 12\/08\/2024, o homem foi capturado pela Pol\u00edcia Militar na cidade de Barra Velha e, na manh\u00e3 do dia 14\/08\/2024, equipes da DECOD\/DIC de Itaja\u00ed deram cumprimento aos mandados de busca e apreens\u00e3o na cidade de Barra Velha. Foram apreendidos celulares, balan\u00e7a de precis\u00e3o e o ve\u00edculo utilizado para o transporte da droga.<\/p>\n<p>O preso foi encaminhado ao Sistema Penitenci\u00e1rio, onde se encontra \u00e0 disposi\u00e7\u00e3o da Justi\u00e7a. O Inqu\u00e9rito Policial continua com objetivo de identifica\u00e7\u00e3o de outros envolvidos no crime.<\/p><p><b>Confira o v\u00eddeo do delegado Eduardo Ferraz, da DIC de Itaja\u00ed:&nbsp;<\/b><\/p>\t\t\t\t\t\t\t\t<\/div>\n\t\t\t\t<\/div>\n\t\t\t\t\t<\/div>\n\t\t<\/div>\n\t\t\t\t\t<\/div>\n\t\t<\/section>\n\t\t\t\t<section class=\"elementor-section elementor-top-section elementor-element elementor-element-85818f6 elementor-section-boxed elementor-section-height-default elementor-section-height-default\" data-id=\"85818f6\" data-element_type=\"section\">\n\t\t\t\t\t\t<div class=\"elementor-container elementor-column-gap-default\">\n\t\t\t\t\t<div class=\"elementor-column elementor-col-100 elementor-top-column elementor-element elementor-element-e3ecaed\" data-id=\"e3ecaed\" data-element_type=\"column\">\n\t\t\t<div class=\"elementor-widget-wrap elementor-element-populated\">\n\t\t\t\t\t\t<div class=\"elementor-element elementor-element-095f1e4 elementor-widget__width-initial elementor-widget elementor-widget-video\" data-id=\"095f1e4\" data-element_type=\"widget\" data-settings=\"{&quot;video_type&quot;:&quot;hosted&quot;,&quot;controls&quot;:&quot;yes&quot;}\" data-widget_type=\"video.default\">\n\t\t\t\t<div class=\"elementor-widget-container\">\n\t\t\t\t\t\t\t<div class=\"e-hosted-video elementor-wrapper elementor-open-inline\">\n\t\t\t\t\t<video class=\"elementor-video\" src=\"https:\/\/pc.sc.gov.br\/wp-content\/uploads\/2024\/08\/WhatsApp-Video-2024-08-14-at-19.57.32.mp4\" controls=\"\" preload=\"metadata\"><\/video>\n\t\t\t\t<\/div>\n\t\t\t\t\t\t<\/div>\n\t\t\t\t<\/div>\n\t\t\t\t\t<\/div>\n\t\t<\/div>\n\t\t\t\t\t<\/div>\n\t\t<\/section>\n\t\t\t\t<\/div>\n\t\t","protected":false},"excerpt":{"rendered":"<p>Pol\u00edcia Civil prende homem respons\u00e1vel por transporte de aproximadamente 150 quilos de maconha em Barra Velha A Pol\u00edcia Civil de Santa Catarina, por meio da Delegacia de Combate \u00e0s Drogas do Departamento de Investiga\u00e7\u00e3o Criminal de Itaja\u00ed (DECOD\/DIC), prendeu um homem por tr\u00e1fico de drogas na cidade de Navegantes\/SC e apreendeu aproximadamente 150 kg de [&hellip;]<\/p>\n","protected":false},"author":5,"featured_media":22633,"comment_status":"closed","ping_status":"open","sticky":false,"template":"","format":"standard","meta":{"_monsterinsights_skip_tracking":false,"_monsterinsights_sitenote_active":false,"_monsterinsights_sitenote_note":"","_monsterinsights_sitenote_category":0,"footnotes":""},"categories":[1],"tags":[],"class_list":["post-22632","post","type-post","status-publish","format-standard","has-post-thumbnail","hentry","category-sem-categoria"],"_links":{"self":[{"href":"https:\/\/pc.sc.gov.br\/index.php?rest_route=\/wp\/v2\/posts\/22632","targetHints":{"allow":["GET"]}}],"collection":[{"href":"https:\/\/pc.sc.gov.br\/index.php?rest_route=\/wp\/v2\/posts"}],"about":[{"href":"https:\/\/pc.sc.gov.br\/index.php?rest_route=\/wp\/v2\/types\/post"}],"author":[{"embeddable":true,"href":"https:\/\/pc.sc.gov.br\/index.php?rest_route=\/wp\/v2\/users\/5"}],"replies":[{"embeddable":true,"href":"https:\/\/pc.sc.gov.br\/index.php?rest_route=%2Fwp%2Fv2%2Fcomments&post=22632"}],"version-history":[{"count":7,"href":"https:\/\/pc.sc.gov.br\/index.php?rest_route=\/wp\/v2\/posts\/22632\/revisions"}],"predecessor-version":[{"id":22641,"href":"https:\/\/pc.sc.gov.br\/index.php?rest_route=\/wp\/v2\/posts\/22632\/revisions\/22641"}],"wp:featuredmedia":[{"embeddable":true,"href":"https:\/\/pc.sc.gov.br\/index.php?rest_route=\/wp\/v2\/media\/22633"}],"wp:attachment":[{"href":"https:\/\/pc.sc.gov.br\/index.php?rest_route=%2Fwp%2Fv2%2Fmedia&parent=22632"}],"wp:term":[{"taxonomy":"category","embeddable":true,"href":"https:\/\/pc.sc.gov.br\/index.php?rest_route=%2Fwp%2Fv2%2Fcategories&post=22632"},{"taxonomy":"post_tag","embeddable":true,"href":"https:\/\/pc.sc.gov.br\/index.php?rest_route=%2Fwp%2Fv2%2Ftags&post=22632"}],"curies":[{"name":"wp","href":"https:\/\/api.w.org\/{rel}","templated":true}]}}