{"id":22643,"date":"2024-08-15T17:49:25","date_gmt":"2024-08-15T20:49:25","guid":{"rendered":"https:\/\/pc.sc.gov.br\/?p=22643"},"modified":"2024-08-15T17:51:21","modified_gmt":"2024-08-15T20:51:21","slug":"dic-de-bc-prende-integrante-de-organizacao-criminosa-gaucha-que-estava-em-itapema","status":"publish","type":"post","link":"https:\/\/pc.sc.gov.br\/?p=22643","title":{"rendered":"DIC de BC prende integrante de organiza\u00e7\u00e3o criminosa ga\u00facha que estava em Itapema"},"content":{"rendered":"\t\t<div data-elementor-type=\"wp-post\" data-elementor-id=\"22643\" class=\"elementor elementor-22643\" data-elementor-post-type=\"post\">\n\t\t\t\t\t\t<section class=\"elementor-section elementor-top-section elementor-element elementor-element-6aa595f elementor-section-boxed elementor-section-height-default elementor-section-height-default\" data-id=\"6aa595f\" data-element_type=\"section\">\n\t\t\t\t\t\t<div class=\"elementor-container elementor-column-gap-default\">\n\t\t\t\t\t<div class=\"elementor-column elementor-col-100 elementor-top-column elementor-element elementor-element-cfa01ad\" data-id=\"cfa01ad\" data-element_type=\"column\">\n\t\t\t<div class=\"elementor-widget-wrap elementor-element-populated\">\n\t\t\t\t\t\t<div class=\"elementor-element elementor-element-849c6f0 elementor-widget elementor-widget-heading\" data-id=\"849c6f0\" data-element_type=\"widget\" data-widget_type=\"heading.default\">\n\t\t\t\t<div class=\"elementor-widget-container\">\n\t\t\t\t\t<h2 class=\"elementor-heading-title elementor-size-default\">DIC de Balne\u00e1rio Cambori\u00fa prende integrante de organiza\u00e7\u00e3o criminosa ga\u00facha em Itapema<\/h2>\t\t\t\t<\/div>\n\t\t\t\t<\/div>\n\t\t\t\t\t<\/div>\n\t\t<\/div>\n\t\t\t\t\t<\/div>\n\t\t<\/section>\n\t\t\t\t<section class=\"elementor-section elementor-top-section elementor-element elementor-element-5da9750 elementor-section-boxed elementor-section-height-default elementor-section-height-default\" data-id=\"5da9750\" data-element_type=\"section\">\n\t\t\t\t\t\t<div class=\"elementor-container elementor-column-gap-default\">\n\t\t\t\t\t<div class=\"elementor-column elementor-col-100 elementor-top-column elementor-element elementor-element-1539be2\" data-id=\"1539be2\" data-element_type=\"column\">\n\t\t\t<div class=\"elementor-widget-wrap elementor-element-populated\">\n\t\t\t\t\t\t<div class=\"elementor-element elementor-element-5e5b288 elementor-widget elementor-widget-image\" data-id=\"5e5b288\" data-element_type=\"widget\" data-widget_type=\"image.default\">\n\t\t\t\t<div class=\"elementor-widget-container\">\n\t\t\t\t\t\t\t\t\t\t\t\t\t\t\t<img fetchpriority=\"high\" decoding=\"async\" width=\"696\" height=\"522\" src=\"https:\/\/pc.sc.gov.br\/\/wp-content\/uploads\/2024\/08\/WhatsApp-Image-2024-08-15-at-17.39.40-1024x768.jpeg\" class=\"attachment-large size-large wp-image-22644\" alt=\"\" srcset=\"https:\/\/pc.sc.gov.br\/\/wp-content\/uploads\/2024\/08\/WhatsApp-Image-2024-08-15-at-17.39.40-1024x768.jpeg 1024w, https:\/\/pc.sc.gov.br\/\/wp-content\/uploads\/2024\/08\/WhatsApp-Image-2024-08-15-at-17.39.40-300x225.jpeg 300w, https:\/\/pc.sc.gov.br\/\/wp-content\/uploads\/2024\/08\/WhatsApp-Image-2024-08-15-at-17.39.40-768x576.jpeg 768w, https:\/\/pc.sc.gov.br\/\/wp-content\/uploads\/2024\/08\/WhatsApp-Image-2024-08-15-at-17.39.40-1536x1152.jpeg 1536w, https:\/\/pc.sc.gov.br\/\/wp-content\/uploads\/2024\/08\/WhatsApp-Image-2024-08-15-at-17.39.40-2048x1536.jpeg 2048w\" sizes=\"(max-width: 696px) 100vw, 696px\" \/>\t\t\t\t\t\t\t\t\t\t\t\t\t\t\t<\/div>\n\t\t\t\t<\/div>\n\t\t\t\t\t<\/div>\n\t\t<\/div>\n\t\t\t\t\t<\/div>\n\t\t<\/section>\n\t\t\t\t<section class=\"elementor-section elementor-top-section elementor-element elementor-element-544ec92 elementor-section-boxed elementor-section-height-default elementor-section-height-default\" data-id=\"544ec92\" data-element_type=\"section\">\n\t\t\t\t\t\t<div class=\"elementor-container elementor-column-gap-default\">\n\t\t\t\t\t<div class=\"elementor-column elementor-col-100 elementor-top-column elementor-element elementor-element-b301c49\" data-id=\"b301c49\" data-element_type=\"column\">\n\t\t\t<div class=\"elementor-widget-wrap elementor-element-populated\">\n\t\t\t\t\t\t<div class=\"elementor-element elementor-element-ac8200f elementor-widget elementor-widget-text-editor\" data-id=\"ac8200f\" data-element_type=\"widget\" data-widget_type=\"text-editor.default\">\n\t\t\t\t<div class=\"elementor-widget-container\">\n\t\t\t\t\t\t\t\t\t<p>A Pol\u00edcia Civil de Santa Catarina, por meio da DIC de Balne\u00e1rio Cambori\u00fa, nesta quinta-feira (15), participou de opera\u00e7\u00e3o deflagrada pela Pol\u00edcia Civil do Rio Grande do Sul contra organiza\u00e7\u00e3o criminosa que atua no tr\u00e1fico de drogas e lavagem de dinheiro.<\/p>\n<p>Como parte da opera\u00e7\u00e3o, a equipe da DIC cumpriu um mandado de pris\u00e3o preventiva em desfavor de homem, suspeito de realizar a venda de armas de fogo para a organiza\u00e7\u00e3o criminosa. Tamb\u00e9m foi cumprido um mandado de busca e apreens\u00e3o na resid\u00eancia do suspeito, situada no bairro Meia Praia, Itapema. No local foi localizada uma arma de fogo sem registro.<\/p>\n<p>Diante dos fatos, o preso foi encaminhado inicialmente para a DIC para lavratura de auto de pris\u00e3o em flagrante pelo crime de posse ilegal de arma de fogo de uso permitido e, posteriormente, para o pres\u00eddio do Vale do Itaja\u00ed.<\/p>\n<p><b>Colabore com a Pol\u00edcia Civil fazendo den\u00fancias pelo telefone 181 ou atrav\u00e9s do WhatsApp, pelo n\u00famero (48)98844-0011. O sigilo \u00e9 absoluto!<\/b><\/p>\t\t\t\t\t\t\t\t<\/div>\n\t\t\t\t<\/div>\n\t\t\t\t\t<\/div>\n\t\t<\/div>\n\t\t\t\t\t<\/div>\n\t\t<\/section>\n\t\t\t\t<\/div>\n\t\t","protected":false},"excerpt":{"rendered":"<p>DIC de Balne\u00e1rio Cambori\u00fa prende integrante de organiza\u00e7\u00e3o criminosa ga\u00facha em Itapema A Pol\u00edcia Civil de Santa Catarina, por meio da DIC de Balne\u00e1rio Cambori\u00fa, nesta quinta-feira (15), participou de opera\u00e7\u00e3o deflagrada pela Pol\u00edcia Civil do Rio Grande do Sul contra organiza\u00e7\u00e3o criminosa que atua no tr\u00e1fico de drogas e lavagem de dinheiro. Como parte [&hellip;]<\/p>\n","protected":false},"author":5,"featured_media":22644,"comment_status":"closed","ping_status":"open","sticky":false,"template":"","format":"standard","meta":{"_monsterinsights_skip_tracking":false,"_monsterinsights_sitenote_active":false,"_monsterinsights_sitenote_note":"","_monsterinsights_sitenote_category":0,"footnotes":""},"categories":[1],"tags":[],"class_list":["post-22643","post","type-post","status-publish","format-standard","has-post-thumbnail","hentry","category-sem-categoria"],"_links":{"self":[{"href":"https:\/\/pc.sc.gov.br\/index.php?rest_route=\/wp\/v2\/posts\/22643","targetHints":{"allow":["GET"]}}],"collection":[{"href":"https:\/\/pc.sc.gov.br\/index.php?rest_route=\/wp\/v2\/posts"}],"about":[{"href":"https:\/\/pc.sc.gov.br\/index.php?rest_route=\/wp\/v2\/types\/post"}],"author":[{"embeddable":true,"href":"https:\/\/pc.sc.gov.br\/index.php?rest_route=\/wp\/v2\/users\/5"}],"replies":[{"embeddable":true,"href":"https:\/\/pc.sc.gov.br\/index.php?rest_route=%2Fwp%2Fv2%2Fcomments&post=22643"}],"version-history":[{"count":4,"href":"https:\/\/pc.sc.gov.br\/index.php?rest_route=\/wp\/v2\/posts\/22643\/revisions"}],"predecessor-version":[{"id":22648,"href":"https:\/\/pc.sc.gov.br\/index.php?rest_route=\/wp\/v2\/posts\/22643\/revisions\/22648"}],"wp:featuredmedia":[{"embeddable":true,"href":"https:\/\/pc.sc.gov.br\/index.php?rest_route=\/wp\/v2\/media\/22644"}],"wp:attachment":[{"href":"https:\/\/pc.sc.gov.br\/index.php?rest_route=%2Fwp%2Fv2%2Fmedia&parent=22643"}],"wp:term":[{"taxonomy":"category","embeddable":true,"href":"https:\/\/pc.sc.gov.br\/index.php?rest_route=%2Fwp%2Fv2%2Fcategories&post=22643"},{"taxonomy":"post_tag","embeddable":true,"href":"https:\/\/pc.sc.gov.br\/index.php?rest_route=%2Fwp%2Fv2%2Ftags&post=22643"}],"curies":[{"name":"wp","href":"https:\/\/api.w.org\/{rel}","templated":true}]}}