{"id":22669,"date":"2024-08-16T18:40:51","date_gmt":"2024-08-16T21:40:51","guid":{"rendered":"https:\/\/pc.sc.gov.br\/?p=22669"},"modified":"2024-08-16T18:42:04","modified_gmt":"2024-08-16T21:42:04","slug":"ministro-do-stf-andre-mendonca-diz-que-governanca-e-fundamental-nas-instituicoes-de-seguranca-publica","status":"publish","type":"post","link":"https:\/\/pc.sc.gov.br\/?p=22669","title":{"rendered":"Ministro do STF, Andr\u00e9 Mendon\u00e7a, diz que governan\u00e7a \u00e9 fundamental nas institui\u00e7\u00f5es de seguran\u00e7a p\u00fablica"},"content":{"rendered":"\t\t<div data-elementor-type=\"wp-post\" data-elementor-id=\"22669\" class=\"elementor elementor-22669\" data-elementor-post-type=\"post\">\n\t\t\t\t\t\t<section class=\"elementor-section elementor-top-section elementor-element elementor-element-0197fab elementor-section-boxed elementor-section-height-default elementor-section-height-default\" data-id=\"0197fab\" data-element_type=\"section\">\n\t\t\t\t\t\t<div class=\"elementor-container elementor-column-gap-default\">\n\t\t\t\t\t<div class=\"elementor-column elementor-col-100 elementor-top-column elementor-element elementor-element-a3b63c7\" data-id=\"a3b63c7\" data-element_type=\"column\">\n\t\t\t<div class=\"elementor-widget-wrap elementor-element-populated\">\n\t\t\t\t\t\t<div class=\"elementor-element elementor-element-41523bd elementor-widget elementor-widget-heading\" data-id=\"41523bd\" data-element_type=\"widget\" data-widget_type=\"heading.default\">\n\t\t\t\t<div class=\"elementor-widget-container\">\n\t\t\t\t\t<h2 class=\"elementor-heading-title elementor-size-default\">Ministro do STF, Andr\u00e9 Mendon\u00e7a, diz que governan\u00e7a \u00e9 fundamental nas institui\u00e7\u00f5es de seguran\u00e7a p\u00fablica<\/h2>\t\t\t\t<\/div>\n\t\t\t\t<\/div>\n\t\t\t\t\t<\/div>\n\t\t<\/div>\n\t\t\t\t\t<\/div>\n\t\t<\/section>\n\t\t\t\t<section class=\"elementor-section elementor-top-section elementor-element elementor-element-b35d3c1 elementor-section-boxed elementor-section-height-default elementor-section-height-default\" data-id=\"b35d3c1\" data-element_type=\"section\">\n\t\t\t\t\t\t<div class=\"elementor-container elementor-column-gap-default\">\n\t\t\t\t\t<div class=\"elementor-column elementor-col-100 elementor-top-column elementor-element elementor-element-c96fe50\" data-id=\"c96fe50\" data-element_type=\"column\">\n\t\t\t<div class=\"elementor-widget-wrap elementor-element-populated\">\n\t\t\t\t\t\t<div class=\"elementor-element elementor-element-31f7908 elementor-widget elementor-widget-image\" data-id=\"31f7908\" data-element_type=\"widget\" data-widget_type=\"image.default\">\n\t\t\t\t<div class=\"elementor-widget-container\">\n\t\t\t\t\t\t\t\t\t\t\t\t\t\t\t<img fetchpriority=\"high\" decoding=\"async\" width=\"696\" height=\"464\" src=\"https:\/\/pc.sc.gov.br\/\/wp-content\/uploads\/2024\/08\/MINISTRO-1-1024x683.jpg\" class=\"attachment-large size-large wp-image-22672\" alt=\"\" srcset=\"https:\/\/pc.sc.gov.br\/\/wp-content\/uploads\/2024\/08\/MINISTRO-1-1024x683.jpg 1024w, https:\/\/pc.sc.gov.br\/\/wp-content\/uploads\/2024\/08\/MINISTRO-1-300x200.jpg 300w, https:\/\/pc.sc.gov.br\/\/wp-content\/uploads\/2024\/08\/MINISTRO-1-768x512.jpg 768w, https:\/\/pc.sc.gov.br\/\/wp-content\/uploads\/2024\/08\/MINISTRO-1-1536x1024.jpg 1536w, https:\/\/pc.sc.gov.br\/\/wp-content\/uploads\/2024\/08\/MINISTRO-1.jpg 1600w\" sizes=\"(max-width: 696px) 100vw, 696px\" \/>\t\t\t\t\t\t\t\t\t\t\t\t\t\t\t<\/div>\n\t\t\t\t<\/div>\n\t\t\t\t\t<\/div>\n\t\t<\/div>\n\t\t\t\t\t<\/div>\n\t\t<\/section>\n\t\t\t\t<section class=\"elementor-section elementor-top-section elementor-element elementor-element-abcb00a elementor-section-boxed elementor-section-height-default elementor-section-height-default\" data-id=\"abcb00a\" data-element_type=\"section\">\n\t\t\t\t\t\t<div class=\"elementor-container elementor-column-gap-default\">\n\t\t\t\t\t<div class=\"elementor-column elementor-col-100 elementor-top-column elementor-element elementor-element-80c893e\" data-id=\"80c893e\" data-element_type=\"column\">\n\t\t\t<div class=\"elementor-widget-wrap elementor-element-populated\">\n\t\t\t\t\t\t<div class=\"elementor-element elementor-element-2402e7a elementor-widget elementor-widget-text-editor\" data-id=\"2402e7a\" data-element_type=\"widget\" data-widget_type=\"text-editor.default\">\n\t\t\t\t<div class=\"elementor-widget-container\">\n\t\t\t\t\t\t\t\t\t<p>O Delegado-geral da Pol\u00edcia Civil, Ulisses Gabriel, recebeu nesta sexta-feira (16) o Ministro do Supremo Tribunal Federal (STF), Andr\u00e9 Mendon\u00e7a. O Ministro veio a Santa Catarina para participar do evento Governan\u00e7a e Seguran\u00e7a P\u00fablica, promovido pela Academia de Pol\u00edcia Civil (Acadepol), em Florian\u00f3polis.<\/p>\n<p>O Ministro Andr\u00e9 Mendon\u00e7a explorou o tema governan\u00e7a p\u00fablica e crime organizado e come\u00e7ou sua manifesta\u00e7\u00e3o dizendo que a governan\u00e7a nas institui\u00e7\u00f5es de seguran\u00e7a p\u00fablica \u00e9 fundamental para o enfrentamento das associa\u00e7\u00f5es criminosas. Para uma plateia formada por policiais civis e integrantes do Minist\u00e9rio P\u00fablico, do Poder Judici\u00e1rio, dentre outras autoridades, o Ministro elencou quatro grandes desafios para o enfrentamento do crime organizado: a falta de lideran\u00e7a pol\u00edtica; governan\u00e7a no setor de seguran\u00e7a p\u00fablica; atua\u00e7\u00e3o do sistema de justi\u00e7a e gest\u00e3o do sistema penitenci\u00e1rio. Andr\u00e9 Mendon\u00e7a foi enf\u00e1tico ao destacar a import\u00e2ncia do papel da pol\u00edcia junto \u00e0 sociedade e que deve haver mecanismo de corre\u00e7\u00e3o e conduta dos agentes p\u00fablicos. \u201cDigo isso porque o cidad\u00e3o confia no policial e, quando n\u00e3o o agente p\u00fablico falha, no cumprimento de seus deveres, quebra essa rela\u00e7\u00e3o de confian\u00e7a\u201d, assinalou.&nbsp;<\/p>\n<p>Ele tamb\u00e9m discorreu sobre aspectos relacionados ao sistema de justi\u00e7a. \u201cH\u00e1 muito por se fazer para combater \u00e0 criminalidade, mas os policiais n\u00e3o podem desistir e nem fraquejar, pois o cidad\u00e3o confia no agente p\u00fablico. Ven\u00e7am os obst\u00e1culos, melhorem a gest\u00e3o, aprimorem a investiga\u00e7\u00e3o. H\u00e1 espa\u00e7o para melhorar e voc\u00eas podem ser influenciadores desta melhora\u201d, finalizou.<\/p>\n<p>A palestra do Ministro foi precedida pela apresenta\u00e7\u00e3o do Juiz de Direito de Santa Catarina Marcio Schiefler Fontes. Ele elogiou o trabalho das for\u00e7as de seguran\u00e7a de Santa Catarina no socorro \u00e0s v\u00edtimas das recentes enchentes que devastaram o Rio Grande do Sul. Ele tamb\u00e9m destacou a atua\u00e7\u00e3o da PCSC. \u201cA PCSC do meu estado vem sendo dirigida por um amigo, delegado Ulisses e, em menos de dois anos, j\u00e1 registra uma queda significativa nos \u00edndices de criminalidade. Importante ressaltar que a melhora desses \u00edndices s\u00e3o em cima de \u00edndices altamente positivos\u201d, pontuou.<\/p>\n<p>O Procurador do MPSC, F\u00e1bio Trajano de Souza elogiou o desempenho da PCSC. \u201cA Pol\u00edcia Civil de Santa Catarina \u00e9 uma das que mais combate corrup\u00e7\u00e3o, fac\u00e7\u00f5es criminosas, identifica\u00e7\u00e3o de autores de crimes digitais. E isso acontece porque temos harmonia e integra\u00e7\u00e3o entre as pol\u00edcias e um Poder Judici\u00e1rio que d\u00e1 uma resposta r\u00e1pida e c\u00e9lere\u201d, observou.<\/p>\n<p>Representando o governador Jorginho Mello, o secret\u00e1rio da Seguran\u00e7a P\u00fablica, Flavio Graff, disse que ficou honrado pelo convite para participar do evento. \u201cSeguran\u00e7a \u00e9 um tema que recebe especial aten\u00e7\u00e3o do governador Jorginho Mello e tenho certeza que as palestras v\u00e3o contribuir para que, cada vez mais, vamos trabalhar e colocar a governan\u00e7a no dia a dia do gestor p\u00fablico\u201d, assinalou.<\/p>\n<p><span style=\"font-family: var( --e-global-typography-text-font-family ), Sans-serif; font-size: var( --e-global-typography-text-font-size );\">O Delegado-geral da PCSC, Ulisses Gabriel, destacou que a PCSC vem alcan\u00e7ando \u00edndices hist\u00f3ricos como, por exemplo, 80% na resolu\u00e7\u00e3o de crimes e que isso \u00e9 resultado da coopera\u00e7\u00e3o entre a Pol\u00edcia Militar, Pol\u00edcia Civil e Pol\u00edcia Cient\u00edfica. \u201cNossos bons resultados vem de um planejamento estrat\u00e9gico pautado na determina\u00e7\u00e3o do Governador Jorginho Mello que \u00e9 atuar mantendo uma linha dura contra o crime e prestar um atendimento qualificado ao cidad\u00e3o\u201d.<\/span><\/p>\n<p>Ulisses Gabriel tamb\u00e9m fez a entrega simb\u00f3lica de cinco viaturas com prote\u00e7\u00e3o bal\u00edstica, com recursos liberados na gest\u00e3o do Ministro Andr\u00e9 Mendon\u00e7a quando estava \u00e0 frente do Minist\u00e9rio da Justi\u00e7a e Seguran\u00e7a P\u00fablica. As cinco viaturas caracterizadas foram entregues para as delegacias especializadas. A Coordenadoria de Opera\u00e7\u00f5es e Recursos Especiais (CORE) recebeu duas viaturas; a Delegacia de Combate ao Crime Organizado na Capital (DECRIM); a Delegacia de Repress\u00e3o ao Crime Organizado (DRACO) e a Diretoria Estadual de Investiga\u00e7\u00f5es Criminais (DEIC) receberam uma cada.<\/p>\n<p>A solenidade tamb\u00e9m contou com a presen\u00e7a do secret\u00e1rio da Casa Civil, Marcelo Mendes; do Procurador Geral de Justi\u00e7a do MPSC, F\u00e1bio Trajano; do Primeiro Vice-presidente do TJSC, Cid Jos\u00e9 Goulart; da Desembargadora Maria do Rocio Luz Santa Ritta, presidente do TRE, entre outras autoridades.<\/p>\t\t\t\t\t\t\t\t<\/div>\n\t\t\t\t<\/div>\n\t\t\t\t\t<\/div>\n\t\t<\/div>\n\t\t\t\t\t<\/div>\n\t\t<\/section>\n\t\t\t\t<section class=\"elementor-section elementor-top-section elementor-element elementor-element-1844dd0 elementor-section-boxed elementor-section-height-default elementor-section-height-default\" data-id=\"1844dd0\" data-element_type=\"section\">\n\t\t\t\t\t\t<div class=\"elementor-container elementor-column-gap-default\">\n\t\t\t\t\t<div class=\"elementor-column elementor-col-100 elementor-top-column elementor-element elementor-element-bf9bcfa\" data-id=\"bf9bcfa\" data-element_type=\"column\">\n\t\t\t<div class=\"elementor-widget-wrap elementor-element-populated\">\n\t\t\t\t\t\t<div class=\"elementor-element elementor-element-a6c0a7a elementor-widget elementor-widget-image\" data-id=\"a6c0a7a\" data-element_type=\"widget\" data-widget_type=\"image.default\">\n\t\t\t\t<div class=\"elementor-widget-container\">\n\t\t\t\t\t\t\t\t\t\t\t\t\t\t\t<img decoding=\"async\" width=\"696\" height=\"464\" src=\"https:\/\/pc.sc.gov.br\/\/wp-content\/uploads\/2024\/08\/ZACA8245-X3-1024x683.jpg\" class=\"attachment-large size-large wp-image-22673\" alt=\"\" srcset=\"https:\/\/pc.sc.gov.br\/\/wp-content\/uploads\/2024\/08\/ZACA8245-X3-1024x683.jpg 1024w, https:\/\/pc.sc.gov.br\/\/wp-content\/uploads\/2024\/08\/ZACA8245-X3-300x200.jpg 300w, https:\/\/pc.sc.gov.br\/\/wp-content\/uploads\/2024\/08\/ZACA8245-X3-768x512.jpg 768w, https:\/\/pc.sc.gov.br\/\/wp-content\/uploads\/2024\/08\/ZACA8245-X3-1536x1024.jpg 1536w, https:\/\/pc.sc.gov.br\/\/wp-content\/uploads\/2024\/08\/ZACA8245-X3.jpg 1600w\" sizes=\"(max-width: 696px) 100vw, 696px\" \/>\t\t\t\t\t\t\t\t\t\t\t\t\t\t\t<\/div>\n\t\t\t\t<\/div>\n\t\t\t\t\t<\/div>\n\t\t<\/div>\n\t\t\t\t\t<\/div>\n\t\t<\/section>\n\t\t\t\t<\/div>\n\t\t","protected":false},"excerpt":{"rendered":"<p>Ministro do STF, Andr\u00e9 Mendon\u00e7a, diz que governan\u00e7a \u00e9 fundamental nas institui\u00e7\u00f5es de seguran\u00e7a p\u00fablica O Delegado-geral da Pol\u00edcia Civil, Ulisses Gabriel, recebeu nesta sexta-feira (16) o Ministro do Supremo Tribunal Federal (STF), Andr\u00e9 Mendon\u00e7a. O Ministro veio a Santa Catarina para participar do evento Governan\u00e7a e Seguran\u00e7a P\u00fablica, promovido pela Academia de Pol\u00edcia Civil [&hellip;]<\/p>\n","protected":false},"author":5,"featured_media":22670,"comment_status":"closed","ping_status":"open","sticky":false,"template":"","format":"standard","meta":{"_monsterinsights_skip_tracking":false,"_monsterinsights_sitenote_active":false,"_monsterinsights_sitenote_note":"","_monsterinsights_sitenote_category":0,"footnotes":""},"categories":[1],"tags":[],"class_list":["post-22669","post","type-post","status-publish","format-standard","has-post-thumbnail","hentry","category-sem-categoria"],"_links":{"self":[{"href":"https:\/\/pc.sc.gov.br\/index.php?rest_route=\/wp\/v2\/posts\/22669","targetHints":{"allow":["GET"]}}],"collection":[{"href":"https:\/\/pc.sc.gov.br\/index.php?rest_route=\/wp\/v2\/posts"}],"about":[{"href":"https:\/\/pc.sc.gov.br\/index.php?rest_route=\/wp\/v2\/types\/post"}],"author":[{"embeddable":true,"href":"https:\/\/pc.sc.gov.br\/index.php?rest_route=\/wp\/v2\/users\/5"}],"replies":[{"embeddable":true,"href":"https:\/\/pc.sc.gov.br\/index.php?rest_route=%2Fwp%2Fv2%2Fcomments&post=22669"}],"version-history":[{"count":4,"href":"https:\/\/pc.sc.gov.br\/index.php?rest_route=\/wp\/v2\/posts\/22669\/revisions"}],"predecessor-version":[{"id":22676,"href":"https:\/\/pc.sc.gov.br\/index.php?rest_route=\/wp\/v2\/posts\/22669\/revisions\/22676"}],"wp:featuredmedia":[{"embeddable":true,"href":"https:\/\/pc.sc.gov.br\/index.php?rest_route=\/wp\/v2\/media\/22670"}],"wp:attachment":[{"href":"https:\/\/pc.sc.gov.br\/index.php?rest_route=%2Fwp%2Fv2%2Fmedia&parent=22669"}],"wp:term":[{"taxonomy":"category","embeddable":true,"href":"https:\/\/pc.sc.gov.br\/index.php?rest_route=%2Fwp%2Fv2%2Fcategories&post=22669"},{"taxonomy":"post_tag","embeddable":true,"href":"https:\/\/pc.sc.gov.br\/index.php?rest_route=%2Fwp%2Fv2%2Ftags&post=22669"}],"curies":[{"name":"wp","href":"https:\/\/api.w.org\/{rel}","templated":true}]}}