{"id":22700,"date":"2024-08-19T13:36:40","date_gmt":"2024-08-19T16:36:40","guid":{"rendered":"https:\/\/pc.sc.gov.br\/?p=22700"},"modified":"2024-08-19T13:37:58","modified_gmt":"2024-08-19T16:37:58","slug":"policia-civil-participa-de-acao-que-resulta-em-prisao-em-flagrante-por-estupro-de-vulneravel-e-satisfacao-lascivia-em-antonio-carlos","status":"publish","type":"post","link":"https:\/\/pc.sc.gov.br\/?p=22700","title":{"rendered":"Pol\u00edcia Civil participa de a\u00e7\u00e3o que resulta em pris\u00e3o em flagrante por estupro de vulner\u00e1vel e satisfa\u00e7\u00e3o lasc\u00edvia em Ant\u00f4nio Carlos"},"content":{"rendered":"\t\t<div data-elementor-type=\"wp-post\" data-elementor-id=\"22700\" class=\"elementor elementor-22700\" data-elementor-post-type=\"post\">\n\t\t\t\t\t\t<section class=\"elementor-section elementor-top-section elementor-element elementor-element-44f0969 elementor-section-boxed elementor-section-height-default elementor-section-height-default\" data-id=\"44f0969\" data-element_type=\"section\">\n\t\t\t\t\t\t<div class=\"elementor-container elementor-column-gap-default\">\n\t\t\t\t\t<div class=\"elementor-column elementor-col-100 elementor-top-column elementor-element elementor-element-513b426\" data-id=\"513b426\" data-element_type=\"column\">\n\t\t\t<div class=\"elementor-widget-wrap elementor-element-populated\">\n\t\t\t\t\t\t<div class=\"elementor-element elementor-element-4cf0b66 elementor-widget elementor-widget-heading\" data-id=\"4cf0b66\" data-element_type=\"widget\" data-widget_type=\"heading.default\">\n\t\t\t\t<div class=\"elementor-widget-container\">\n\t\t\t\t\t<h2 class=\"elementor-heading-title elementor-size-default\">Pol\u00edcia Civil participa de a\u00e7\u00e3o que resulta em pris\u00e3o em flagrante por estupro de vulner\u00e1vel e satisfa\u00e7\u00e3o lasc\u00edvia em Ant\u00f4nio Carlos<\/h2>\t\t\t\t<\/div>\n\t\t\t\t<\/div>\n\t\t\t\t\t<\/div>\n\t\t<\/div>\n\t\t\t\t\t<\/div>\n\t\t<\/section>\n\t\t\t\t<section class=\"elementor-section elementor-top-section elementor-element elementor-element-3af37a6 elementor-section-boxed elementor-section-height-default elementor-section-height-default\" data-id=\"3af37a6\" data-element_type=\"section\">\n\t\t\t\t\t\t<div class=\"elementor-container elementor-column-gap-default\">\n\t\t\t\t\t<div class=\"elementor-column elementor-col-100 elementor-top-column elementor-element elementor-element-b4866f9\" data-id=\"b4866f9\" data-element_type=\"column\">\n\t\t\t<div class=\"elementor-widget-wrap elementor-element-populated\">\n\t\t\t\t\t\t<div class=\"elementor-element elementor-element-f4ed85b elementor-widget elementor-widget-image\" data-id=\"f4ed85b\" data-element_type=\"widget\" data-widget_type=\"image.default\">\n\t\t\t\t<div class=\"elementor-widget-container\">\n\t\t\t\t\t\t\t\t\t\t\t\t\t\t\t<img fetchpriority=\"high\" decoding=\"async\" width=\"696\" height=\"928\" src=\"https:\/\/pc.sc.gov.br\/\/wp-content\/uploads\/2024\/08\/WhatsApp-Image-2024-08-08-at-16.56.12-1-768x1024.jpeg\" class=\"attachment-large size-large wp-image-22493\" alt=\"\" srcset=\"https:\/\/pc.sc.gov.br\/\/wp-content\/uploads\/2024\/08\/WhatsApp-Image-2024-08-08-at-16.56.12-1-768x1024.jpeg 768w, https:\/\/pc.sc.gov.br\/\/wp-content\/uploads\/2024\/08\/WhatsApp-Image-2024-08-08-at-16.56.12-1-225x300.jpeg 225w, https:\/\/pc.sc.gov.br\/\/wp-content\/uploads\/2024\/08\/WhatsApp-Image-2024-08-08-at-16.56.12-1-1152x1536.jpeg 1152w, https:\/\/pc.sc.gov.br\/\/wp-content\/uploads\/2024\/08\/WhatsApp-Image-2024-08-08-at-16.56.12-1.jpeg 1200w\" sizes=\"(max-width: 696px) 100vw, 696px\" \/>\t\t\t\t\t\t\t\t\t\t\t\t\t\t\t<\/div>\n\t\t\t\t<\/div>\n\t\t\t\t\t<\/div>\n\t\t<\/div>\n\t\t\t\t\t<\/div>\n\t\t<\/section>\n\t\t\t\t<section class=\"elementor-section elementor-top-section elementor-element elementor-element-e8fd853 elementor-section-boxed elementor-section-height-default elementor-section-height-default\" data-id=\"e8fd853\" data-element_type=\"section\">\n\t\t\t\t\t\t<div class=\"elementor-container elementor-column-gap-default\">\n\t\t\t\t\t<div class=\"elementor-column elementor-col-100 elementor-top-column elementor-element elementor-element-6bfebed\" data-id=\"6bfebed\" data-element_type=\"column\">\n\t\t\t<div class=\"elementor-widget-wrap elementor-element-populated\">\n\t\t\t\t\t\t<div class=\"elementor-element elementor-element-fd9a042 elementor-widget elementor-widget-text-editor\" data-id=\"fd9a042\" data-element_type=\"widget\" data-widget_type=\"text-editor.default\">\n\t\t\t\t<div class=\"elementor-widget-container\">\n\t\t\t\t\t\t\t\t\t<p>Na quinta-feira (15\/08), a Pol\u00edcia Civil de Santa Catarina, por meio da Delegacia do Munic\u00edpio de Ant\u00f4nio Carlos e da Delegacia de Repress\u00e3o aos Crimes de Inform\u00e1tica da Diretoria Estadual de Investiga\u00e7\u00f5es Criminais, com o apoio da Pol\u00edcia Militar, obteve \u00eaxito, ap\u00f3s persegui\u00e7\u00e3o continua e ininterrupta, de capturar um homem acusado do crime de estupro de vulner\u00e1vel e pelo crime de satisfa\u00e7\u00e3o de lasc\u00edvia mediante presen\u00e7a de crian\u00e7a ou adolescente, previstos no art. 217-A e art. 218-A, C\u00f3digo Penal, respectivamente.<\/p><p>Trata-se de ocorr\u00eancia que iniciou por volta das 4 horas da madrugada, quando as for\u00e7as policiais do munic\u00edpio de Ant\u00f4nio Carlos foram acionadas e, chegando ao local, a av\u00f3 da v\u00edtima contou que sua neta de 11 anos de idade teria lhe mandado mensagem, informando que estava sozinha em casa com seu padrasto e seus outros tr\u00eas irm\u00e3os menores de idade e que seu padrasto teria passado a m\u00e3o nas suas partes intimas. A av\u00f3 da crian\u00e7a foi imediatamente ao local, e se deparou com o suspeito em flagrante e acionou a Pol\u00edcia.<\/p><p>O suspeito se evadiu e uma for\u00e7a tarefa entre as For\u00e7as de Seguran\u00e7a desde aquele momento foi empenha a fim de capturar o acusado do crime de estupro de vulner\u00e1vel e satisfa\u00e7\u00e3o de lasc\u00edvia em face de uma crian\u00e7a de 11 anos, havendo ainda a suspeita de que o mesmo abusa sexualmente dos demais irm\u00e3os da v\u00edtima, sendo uma menina e dos meninos.<\/p><p>Por conseguinte, j\u00e1 no per\u00edodo da tarde, ap\u00f3s intensa procura e persegui\u00e7\u00e3o do acusado, de forma ininterrupta, e informa\u00e7\u00f5es do Setor de Intelig\u00eancia da Pol\u00edcia Civil sobre seu paradeiro, a Pol\u00edcia Civil obteve \u00eaxito em captur\u00e1-lo ainda em situa\u00e7\u00e3o flagrancial, quando estava dentro de um \u00f4nibus se dirigindo a cidade de Bigua\u00e7u.<\/p><p>Diante dos fatos, o suspeito foi encaminhado a Central de Plant\u00e3o Policial para as provid\u00eancias cab\u00edveis. As investiga\u00e7\u00f5es continuam, com o intuito de apurar se o suspeito tamb\u00e9m abusava sexualmente dos outros irm\u00e3os da v\u00edtima.<\/p>\t\t\t\t\t\t\t\t<\/div>\n\t\t\t\t<\/div>\n\t\t\t\t\t<\/div>\n\t\t<\/div>\n\t\t\t\t\t<\/div>\n\t\t<\/section>\n\t\t\t\t<\/div>\n\t\t","protected":false},"excerpt":{"rendered":"<p>Pol\u00edcia Civil participa de a\u00e7\u00e3o que resulta em pris\u00e3o em flagrante por estupro de vulner\u00e1vel e satisfa\u00e7\u00e3o lasc\u00edvia em Ant\u00f4nio Carlos Na quinta-feira (15\/08), a Pol\u00edcia Civil de Santa Catarina, por meio da Delegacia do Munic\u00edpio de Ant\u00f4nio Carlos e da Delegacia de Repress\u00e3o aos Crimes de Inform\u00e1tica da Diretoria Estadual de Investiga\u00e7\u00f5es Criminais, com [&hellip;]<\/p>\n","protected":false},"author":5,"featured_media":22493,"comment_status":"closed","ping_status":"open","sticky":false,"template":"","format":"standard","meta":{"_monsterinsights_skip_tracking":false,"_monsterinsights_sitenote_active":false,"_monsterinsights_sitenote_note":"","_monsterinsights_sitenote_category":0,"footnotes":""},"categories":[1],"tags":[],"class_list":["post-22700","post","type-post","status-publish","format-standard","has-post-thumbnail","hentry","category-sem-categoria"],"_links":{"self":[{"href":"https:\/\/pc.sc.gov.br\/index.php?rest_route=\/wp\/v2\/posts\/22700","targetHints":{"allow":["GET"]}}],"collection":[{"href":"https:\/\/pc.sc.gov.br\/index.php?rest_route=\/wp\/v2\/posts"}],"about":[{"href":"https:\/\/pc.sc.gov.br\/index.php?rest_route=\/wp\/v2\/types\/post"}],"author":[{"embeddable":true,"href":"https:\/\/pc.sc.gov.br\/index.php?rest_route=\/wp\/v2\/users\/5"}],"replies":[{"embeddable":true,"href":"https:\/\/pc.sc.gov.br\/index.php?rest_route=%2Fwp%2Fv2%2Fcomments&post=22700"}],"version-history":[{"count":4,"href":"https:\/\/pc.sc.gov.br\/index.php?rest_route=\/wp\/v2\/posts\/22700\/revisions"}],"predecessor-version":[{"id":22704,"href":"https:\/\/pc.sc.gov.br\/index.php?rest_route=\/wp\/v2\/posts\/22700\/revisions\/22704"}],"wp:featuredmedia":[{"embeddable":true,"href":"https:\/\/pc.sc.gov.br\/index.php?rest_route=\/wp\/v2\/media\/22493"}],"wp:attachment":[{"href":"https:\/\/pc.sc.gov.br\/index.php?rest_route=%2Fwp%2Fv2%2Fmedia&parent=22700"}],"wp:term":[{"taxonomy":"category","embeddable":true,"href":"https:\/\/pc.sc.gov.br\/index.php?rest_route=%2Fwp%2Fv2%2Fcategories&post=22700"},{"taxonomy":"post_tag","embeddable":true,"href":"https:\/\/pc.sc.gov.br\/index.php?rest_route=%2Fwp%2Fv2%2Ftags&post=22700"}],"curies":[{"name":"wp","href":"https:\/\/api.w.org\/{rel}","templated":true}]}}