{"id":22705,"date":"2024-08-19T13:54:41","date_gmt":"2024-08-19T16:54:41","guid":{"rendered":"https:\/\/pc.sc.gov.br\/?p=22705"},"modified":"2024-08-19T13:55:25","modified_gmt":"2024-08-19T16:55:25","slug":"policia-civil-participa-de-operacao-conjunta-que-resulta-na-recuperacao-de-caminhonete-furtada","status":"publish","type":"post","link":"https:\/\/pc.sc.gov.br\/?p=22705","title":{"rendered":"Pol\u00edcia Civil participa de opera\u00e7\u00e3o conjunta que resulta na recupera\u00e7\u00e3o de caminhonete furtada"},"content":{"rendered":"\t\t<div data-elementor-type=\"wp-post\" data-elementor-id=\"22705\" class=\"elementor elementor-22705\" data-elementor-post-type=\"post\">\n\t\t\t\t\t\t<section class=\"elementor-section elementor-top-section elementor-element elementor-element-e1a4bbe elementor-section-boxed elementor-section-height-default elementor-section-height-default\" data-id=\"e1a4bbe\" data-element_type=\"section\">\n\t\t\t\t\t\t<div class=\"elementor-container elementor-column-gap-default\">\n\t\t\t\t\t<div class=\"elementor-column elementor-col-100 elementor-top-column elementor-element elementor-element-2d226ec\" data-id=\"2d226ec\" data-element_type=\"column\">\n\t\t\t<div class=\"elementor-widget-wrap elementor-element-populated\">\n\t\t\t\t\t\t<div class=\"elementor-element elementor-element-8983f35 elementor-widget elementor-widget-heading\" data-id=\"8983f35\" data-element_type=\"widget\" data-widget_type=\"heading.default\">\n\t\t\t\t<div class=\"elementor-widget-container\">\n\t\t\t\t\t<h2 class=\"elementor-heading-title elementor-size-default\">Pol\u00edcia Civil participa de opera\u00e7\u00e3o conjunta que resulta na recupera\u00e7\u00e3o de caminhonete furtada <\/h2>\t\t\t\t<\/div>\n\t\t\t\t<\/div>\n\t\t\t\t\t<\/div>\n\t\t<\/div>\n\t\t\t\t\t<\/div>\n\t\t<\/section>\n\t\t\t\t<section class=\"elementor-section elementor-top-section elementor-element elementor-element-2457341 elementor-section-boxed elementor-section-height-default elementor-section-height-default\" data-id=\"2457341\" data-element_type=\"section\">\n\t\t\t\t\t\t<div class=\"elementor-container elementor-column-gap-default\">\n\t\t\t\t\t<div class=\"elementor-column elementor-col-100 elementor-top-column elementor-element elementor-element-482ef0e\" data-id=\"482ef0e\" data-element_type=\"column\">\n\t\t\t<div class=\"elementor-widget-wrap elementor-element-populated\">\n\t\t\t\t\t\t<div class=\"elementor-element elementor-element-965311a elementor-widget elementor-widget-image\" data-id=\"965311a\" data-element_type=\"widget\" data-widget_type=\"image.default\">\n\t\t\t\t<div class=\"elementor-widget-container\">\n\t\t\t\t\t\t\t\t\t\t\t\t\t\t\t<img fetchpriority=\"high\" decoding=\"async\" width=\"696\" height=\"696\" src=\"https:\/\/pc.sc.gov.br\/\/wp-content\/uploads\/2024\/08\/WhatsApp-Image-2024-08-16-at-16.13.09-1024x1024.jpeg\" class=\"attachment-large size-large wp-image-22706\" alt=\"\" srcset=\"https:\/\/pc.sc.gov.br\/\/wp-content\/uploads\/2024\/08\/WhatsApp-Image-2024-08-16-at-16.13.09-1024x1024.jpeg 1024w, https:\/\/pc.sc.gov.br\/\/wp-content\/uploads\/2024\/08\/WhatsApp-Image-2024-08-16-at-16.13.09-300x300.jpeg 300w, https:\/\/pc.sc.gov.br\/\/wp-content\/uploads\/2024\/08\/WhatsApp-Image-2024-08-16-at-16.13.09-150x150.jpeg 150w, https:\/\/pc.sc.gov.br\/\/wp-content\/uploads\/2024\/08\/WhatsApp-Image-2024-08-16-at-16.13.09-768x768.jpeg 768w, https:\/\/pc.sc.gov.br\/\/wp-content\/uploads\/2024\/08\/WhatsApp-Image-2024-08-16-at-16.13.09.jpeg 1280w\" sizes=\"(max-width: 696px) 100vw, 696px\" \/>\t\t\t\t\t\t\t\t\t\t\t\t\t\t\t<\/div>\n\t\t\t\t<\/div>\n\t\t\t\t\t<\/div>\n\t\t<\/div>\n\t\t\t\t\t<\/div>\n\t\t<\/section>\n\t\t\t\t<section class=\"elementor-section elementor-top-section elementor-element elementor-element-ae6da90 elementor-section-boxed elementor-section-height-default elementor-section-height-default\" data-id=\"ae6da90\" data-element_type=\"section\">\n\t\t\t\t\t\t<div class=\"elementor-container elementor-column-gap-default\">\n\t\t\t\t\t<div class=\"elementor-column elementor-col-100 elementor-top-column elementor-element elementor-element-e79dbe7\" data-id=\"e79dbe7\" data-element_type=\"column\">\n\t\t\t<div class=\"elementor-widget-wrap elementor-element-populated\">\n\t\t\t\t\t\t<div class=\"elementor-element elementor-element-8a3f5fd elementor-widget elementor-widget-text-editor\" data-id=\"8a3f5fd\" data-element_type=\"widget\" data-widget_type=\"text-editor.default\">\n\t\t\t\t<div class=\"elementor-widget-container\">\n\t\t\t\t\t\t\t\t\t<p>Na sexta-feira (16\/08), a Pol\u00edcia Civil de Santa Catarina, por meio da Delegacia de Furtos e Roubos de Ve\u00edculos da Diretoria Estadual de Investiga\u00e7\u00f5es Criminais, em trabalho conjunto com a Pol\u00edcia Civil de Itapema, da Guarda Municipal de Itapema e da Pol\u00edcia Militar de Itapema, recuperaram um ve\u00edculo Toyota Hilux SW4, na cidade de Itapema.<\/p><p>A caminhonete foi furtada em Porto Alegre no in\u00edcio de abril deste ano. Ap\u00f3s intensa troca de informa\u00e7\u00f5es, a SIC de Itapema, Guarda Municipal de Itapema e Pol\u00edcia Militar de Itapema, o ve\u00edculo foi recuperado e apresentava os sinais identificadores suprimidos. O condutor do ve\u00edculo foi encaminhado \u00e0 delegacia para depoimento.<\/p><p>As investiga\u00e7\u00f5es continuam para identificar o grupo criminoso envolvido no furto e adultera\u00e7\u00e3o da caminhonete.<\/p>\t\t\t\t\t\t\t\t<\/div>\n\t\t\t\t<\/div>\n\t\t\t\t\t<\/div>\n\t\t<\/div>\n\t\t\t\t\t<\/div>\n\t\t<\/section>\n\t\t\t\t<\/div>\n\t\t","protected":false},"excerpt":{"rendered":"<p>Pol\u00edcia Civil participa de opera\u00e7\u00e3o conjunta que resulta na recupera\u00e7\u00e3o de caminhonete furtada Na sexta-feira (16\/08), a Pol\u00edcia Civil de Santa Catarina, por meio da Delegacia de Furtos e Roubos de Ve\u00edculos da Diretoria Estadual de Investiga\u00e7\u00f5es Criminais, em trabalho conjunto com a Pol\u00edcia Civil de Itapema, da Guarda Municipal de Itapema e da Pol\u00edcia [&hellip;]<\/p>\n","protected":false},"author":5,"featured_media":22706,"comment_status":"closed","ping_status":"open","sticky":false,"template":"","format":"standard","meta":{"_monsterinsights_skip_tracking":false,"_monsterinsights_sitenote_active":false,"_monsterinsights_sitenote_note":"","_monsterinsights_sitenote_category":0,"footnotes":""},"categories":[1],"tags":[],"class_list":["post-22705","post","type-post","status-publish","format-standard","has-post-thumbnail","hentry","category-sem-categoria"],"_links":{"self":[{"href":"https:\/\/pc.sc.gov.br\/index.php?rest_route=\/wp\/v2\/posts\/22705","targetHints":{"allow":["GET"]}}],"collection":[{"href":"https:\/\/pc.sc.gov.br\/index.php?rest_route=\/wp\/v2\/posts"}],"about":[{"href":"https:\/\/pc.sc.gov.br\/index.php?rest_route=\/wp\/v2\/types\/post"}],"author":[{"embeddable":true,"href":"https:\/\/pc.sc.gov.br\/index.php?rest_route=\/wp\/v2\/users\/5"}],"replies":[{"embeddable":true,"href":"https:\/\/pc.sc.gov.br\/index.php?rest_route=%2Fwp%2Fv2%2Fcomments&post=22705"}],"version-history":[{"count":4,"href":"https:\/\/pc.sc.gov.br\/index.php?rest_route=\/wp\/v2\/posts\/22705\/revisions"}],"predecessor-version":[{"id":22710,"href":"https:\/\/pc.sc.gov.br\/index.php?rest_route=\/wp\/v2\/posts\/22705\/revisions\/22710"}],"wp:featuredmedia":[{"embeddable":true,"href":"https:\/\/pc.sc.gov.br\/index.php?rest_route=\/wp\/v2\/media\/22706"}],"wp:attachment":[{"href":"https:\/\/pc.sc.gov.br\/index.php?rest_route=%2Fwp%2Fv2%2Fmedia&parent=22705"}],"wp:term":[{"taxonomy":"category","embeddable":true,"href":"https:\/\/pc.sc.gov.br\/index.php?rest_route=%2Fwp%2Fv2%2Fcategories&post=22705"},{"taxonomy":"post_tag","embeddable":true,"href":"https:\/\/pc.sc.gov.br\/index.php?rest_route=%2Fwp%2Fv2%2Ftags&post=22705"}],"curies":[{"name":"wp","href":"https:\/\/api.w.org\/{rel}","templated":true}]}}