{"id":22716,"date":"2024-08-20T13:20:45","date_gmt":"2024-08-20T16:20:45","guid":{"rendered":"https:\/\/pc.sc.gov.br\/?p=22716"},"modified":"2024-08-20T13:21:52","modified_gmt":"2024-08-20T16:21:52","slug":"policia-civil-deflagra-operacao-decreto-final-em-combate-ao-crime-organizado-em-diversas-cidades-de-sc","status":"publish","type":"post","link":"https:\/\/pc.sc.gov.br\/?p=22716","title":{"rendered":"Pol\u00edcia Civil deflagra opera\u00e7\u00e3o \u201cDecreto Final\u201d em combate ao crime organizado em diversas cidades de SC"},"content":{"rendered":"\t\t<div data-elementor-type=\"wp-post\" data-elementor-id=\"22716\" class=\"elementor elementor-22716\" data-elementor-post-type=\"post\">\n\t\t\t\t\t\t<section class=\"elementor-section elementor-top-section elementor-element elementor-element-cb2b43d elementor-section-boxed elementor-section-height-default elementor-section-height-default\" data-id=\"cb2b43d\" data-element_type=\"section\">\n\t\t\t\t\t\t<div class=\"elementor-container elementor-column-gap-default\">\n\t\t\t\t\t<div class=\"elementor-column elementor-col-100 elementor-top-column elementor-element elementor-element-0d4fe98\" data-id=\"0d4fe98\" data-element_type=\"column\">\n\t\t\t<div class=\"elementor-widget-wrap elementor-element-populated\">\n\t\t\t\t\t\t<div class=\"elementor-element elementor-element-bfe3eb7 elementor-widget elementor-widget-heading\" data-id=\"bfe3eb7\" data-element_type=\"widget\" data-widget_type=\"heading.default\">\n\t\t\t\t<div class=\"elementor-widget-container\">\n\t\t\t\t\t<h2 class=\"elementor-heading-title elementor-size-default\">Pol\u00edcia Civil deflagra opera\u00e7\u00e3o \u201cDecreto Final\u201d em combate ao crime organizado em diversas cidades de SC<\/h2>\t\t\t\t<\/div>\n\t\t\t\t<\/div>\n\t\t\t\t\t<\/div>\n\t\t<\/div>\n\t\t\t\t\t<\/div>\n\t\t<\/section>\n\t\t\t\t<section class=\"elementor-section elementor-top-section elementor-element elementor-element-f6baa23 elementor-section-boxed elementor-section-height-default elementor-section-height-default\" data-id=\"f6baa23\" data-element_type=\"section\">\n\t\t\t\t\t\t<div class=\"elementor-container elementor-column-gap-default\">\n\t\t\t\t\t<div class=\"elementor-column elementor-col-100 elementor-top-column elementor-element elementor-element-42d857c\" data-id=\"42d857c\" data-element_type=\"column\">\n\t\t\t<div class=\"elementor-widget-wrap elementor-element-populated\">\n\t\t\t\t\t\t<div class=\"elementor-element elementor-element-c38c3d9 elementor-widget elementor-widget-image\" data-id=\"c38c3d9\" data-element_type=\"widget\" data-widget_type=\"image.default\">\n\t\t\t\t<div class=\"elementor-widget-container\">\n\t\t\t\t\t\t\t\t\t\t\t\t\t\t\t<img fetchpriority=\"high\" decoding=\"async\" width=\"696\" height=\"928\" src=\"https:\/\/pc.sc.gov.br\/\/wp-content\/uploads\/2024\/08\/WhatsApp-Image-2024-08-20-at-09.50.19-1-768x1024.jpeg\" class=\"attachment-large size-large wp-image-22717\" alt=\"\" srcset=\"https:\/\/pc.sc.gov.br\/\/wp-content\/uploads\/2024\/08\/WhatsApp-Image-2024-08-20-at-09.50.19-1-768x1024.jpeg 768w, https:\/\/pc.sc.gov.br\/\/wp-content\/uploads\/2024\/08\/WhatsApp-Image-2024-08-20-at-09.50.19-1-225x300.jpeg 225w, https:\/\/pc.sc.gov.br\/\/wp-content\/uploads\/2024\/08\/WhatsApp-Image-2024-08-20-at-09.50.19-1-1152x1536.jpeg 1152w, https:\/\/pc.sc.gov.br\/\/wp-content\/uploads\/2024\/08\/WhatsApp-Image-2024-08-20-at-09.50.19-1.jpeg 1200w\" sizes=\"(max-width: 696px) 100vw, 696px\" \/>\t\t\t\t\t\t\t\t\t\t\t\t\t\t\t<\/div>\n\t\t\t\t<\/div>\n\t\t\t\t\t<\/div>\n\t\t<\/div>\n\t\t\t\t\t<\/div>\n\t\t<\/section>\n\t\t\t\t<section class=\"elementor-section elementor-top-section elementor-element elementor-element-ca5cb59 elementor-section-boxed elementor-section-height-default elementor-section-height-default\" data-id=\"ca5cb59\" data-element_type=\"section\">\n\t\t\t\t\t\t<div class=\"elementor-container elementor-column-gap-default\">\n\t\t\t\t\t<div class=\"elementor-column elementor-col-100 elementor-top-column elementor-element elementor-element-614f03d\" data-id=\"614f03d\" data-element_type=\"column\">\n\t\t\t<div class=\"elementor-widget-wrap elementor-element-populated\">\n\t\t\t\t\t\t<div class=\"elementor-element elementor-element-321de54 elementor-widget elementor-widget-text-editor\" data-id=\"321de54\" data-element_type=\"widget\" data-widget_type=\"text-editor.default\">\n\t\t\t\t<div class=\"elementor-widget-container\">\n\t\t\t\t\t\t\t\t\t<p>Nesta ter\u00e7a-feira (20\/08), a Pol\u00edcia Civil de Santa Catarina, por meio da Delegacia de Repress\u00e3o a Roubos e da Delegacia de Combate ao Crime Organizado, ambas do Departamento de Investiga\u00e7\u00e3o Criminal de Blumenau, deflagraram a opera\u00e7\u00e3o \u201cDecreto Final\u201d. A a\u00e7\u00e3o teve como objetivo cumprir 21 mandados de pris\u00e3o preventiva e 29 mandados de busca e apreens\u00e3o em desfavor de integrantes de uma organiza\u00e7\u00e3o criminosa de \u00e2mbito estadual, que atua dentro e fora dos pres\u00eddios e \u00e9 respons\u00e1vel pelo cometimento de in\u00fameros crimes graves, a exemplo de roubos, tr\u00e1fico de drogas, homic\u00eddios e etc.<\/p><p>A investiga\u00e7\u00e3o teve in\u00edcio com a pris\u00e3o de um homem suspeito de envolvimento com um roubo ocorrido em uma farm\u00e1cia, situada no bairro Jardim Blumenau, em Blumenau, no dia 23 de janeiro do ano passado. Com o aprofundamento da investiga\u00e7\u00e3o, constatou-se que o homem tamb\u00e9m era integrante da fac\u00e7\u00e3o criminosa mencionada, do n\u00facleo da cidade de Indaial. Al\u00e9m dele, comprovou-se o envolvimento de outros tantos, igualmente vinculados ao crime organizado daquela cidade e de Blumenau, todos com diversas passagens policiais.<\/p><p>Ao todo, 65 policiais civis participam da opera\u00e7\u00e3o, que foi deflagrada nas cidades de Blumenau, Indaial, Timb\u00f3, Santa Cec\u00edlia, Rio do Sul, Trombudo Central e Lages. A opera\u00e7\u00e3o contou tamb\u00e9m com o apoio da Pol\u00edcia Penal, que ficou respons\u00e1vel pela organiza\u00e7\u00e3o do cumprimento de mandados de busca e apreens\u00e3o nas celas de alguns dos investigados, que j\u00e1 se encontram presos por outros motivos, no Pres\u00eddio Regional de Blumenau, na Penitenci\u00e1ria Industrial de Blumenau e no Pres\u00eddio de Lages.<\/p><p>No total, 18 mandados de pris\u00e3o foram cumpridos, al\u00e9m de mais duas pessoas presas em flagrante delito. Ainda, restaram apreendidos drogas e uma arma de fogo, al\u00e9m de outros objetos de interesse para a investiga\u00e7\u00e3o.<\/p>\t\t\t\t\t\t\t\t<\/div>\n\t\t\t\t<\/div>\n\t\t\t\t\t<\/div>\n\t\t<\/div>\n\t\t\t\t\t<\/div>\n\t\t<\/section>\n\t\t\t\t<section class=\"elementor-section elementor-top-section elementor-element elementor-element-f3cb889 elementor-section-boxed elementor-section-height-default elementor-section-height-default\" data-id=\"f3cb889\" data-element_type=\"section\">\n\t\t\t\t\t\t<div class=\"elementor-container elementor-column-gap-default\">\n\t\t\t\t\t<div class=\"elementor-column elementor-col-100 elementor-top-column elementor-element elementor-element-f46f811\" data-id=\"f46f811\" data-element_type=\"column\">\n\t\t\t<div class=\"elementor-widget-wrap elementor-element-populated\">\n\t\t\t\t\t\t<div class=\"elementor-element elementor-element-9e20f8c elementor-widget elementor-widget-image\" data-id=\"9e20f8c\" data-element_type=\"widget\" data-widget_type=\"image.default\">\n\t\t\t\t<div class=\"elementor-widget-container\">\n\t\t\t\t\t\t\t\t\t\t\t\t\t\t\t<img decoding=\"async\" width=\"696\" height=\"522\" src=\"https:\/\/pc.sc.gov.br\/\/wp-content\/uploads\/2024\/08\/WhatsApp-Image-2024-08-20-at-09.50.19-1024x768.jpeg\" class=\"attachment-large size-large wp-image-22718\" alt=\"\" srcset=\"https:\/\/pc.sc.gov.br\/\/wp-content\/uploads\/2024\/08\/WhatsApp-Image-2024-08-20-at-09.50.19-1024x768.jpeg 1024w, https:\/\/pc.sc.gov.br\/\/wp-content\/uploads\/2024\/08\/WhatsApp-Image-2024-08-20-at-09.50.19-300x225.jpeg 300w, https:\/\/pc.sc.gov.br\/\/wp-content\/uploads\/2024\/08\/WhatsApp-Image-2024-08-20-at-09.50.19-768x576.jpeg 768w, https:\/\/pc.sc.gov.br\/\/wp-content\/uploads\/2024\/08\/WhatsApp-Image-2024-08-20-at-09.50.19-1536x1152.jpeg 1536w, https:\/\/pc.sc.gov.br\/\/wp-content\/uploads\/2024\/08\/WhatsApp-Image-2024-08-20-at-09.50.19.jpeg 1600w\" sizes=\"(max-width: 696px) 100vw, 696px\" \/>\t\t\t\t\t\t\t\t\t\t\t\t\t\t\t<\/div>\n\t\t\t\t<\/div>\n\t\t\t\t\t<\/div>\n\t\t<\/div>\n\t\t\t\t\t<\/div>\n\t\t<\/section>\n\t\t\t\t<\/div>\n\t\t","protected":false},"excerpt":{"rendered":"<p>Pol\u00edcia Civil deflagra opera\u00e7\u00e3o \u201cDecreto Final\u201d em combate ao crime organizado em diversas cidades de SC Nesta ter\u00e7a-feira (20\/08), a Pol\u00edcia Civil de Santa Catarina, por meio da Delegacia de Repress\u00e3o a Roubos e da Delegacia de Combate ao Crime Organizado, ambas do Departamento de Investiga\u00e7\u00e3o Criminal de Blumenau, deflagraram a opera\u00e7\u00e3o \u201cDecreto Final\u201d. A [&hellip;]<\/p>\n","protected":false},"author":5,"featured_media":22717,"comment_status":"closed","ping_status":"open","sticky":false,"template":"","format":"standard","meta":{"_monsterinsights_skip_tracking":false,"_monsterinsights_sitenote_active":false,"_monsterinsights_sitenote_note":"","_monsterinsights_sitenote_category":0,"footnotes":""},"categories":[1],"tags":[],"class_list":["post-22716","post","type-post","status-publish","format-standard","has-post-thumbnail","hentry","category-sem-categoria"],"_links":{"self":[{"href":"https:\/\/pc.sc.gov.br\/index.php?rest_route=\/wp\/v2\/posts\/22716","targetHints":{"allow":["GET"]}}],"collection":[{"href":"https:\/\/pc.sc.gov.br\/index.php?rest_route=\/wp\/v2\/posts"}],"about":[{"href":"https:\/\/pc.sc.gov.br\/index.php?rest_route=\/wp\/v2\/types\/post"}],"author":[{"embeddable":true,"href":"https:\/\/pc.sc.gov.br\/index.php?rest_route=\/wp\/v2\/users\/5"}],"replies":[{"embeddable":true,"href":"https:\/\/pc.sc.gov.br\/index.php?rest_route=%2Fwp%2Fv2%2Fcomments&post=22716"}],"version-history":[{"count":4,"href":"https:\/\/pc.sc.gov.br\/index.php?rest_route=\/wp\/v2\/posts\/22716\/revisions"}],"predecessor-version":[{"id":22722,"href":"https:\/\/pc.sc.gov.br\/index.php?rest_route=\/wp\/v2\/posts\/22716\/revisions\/22722"}],"wp:featuredmedia":[{"embeddable":true,"href":"https:\/\/pc.sc.gov.br\/index.php?rest_route=\/wp\/v2\/media\/22717"}],"wp:attachment":[{"href":"https:\/\/pc.sc.gov.br\/index.php?rest_route=%2Fwp%2Fv2%2Fmedia&parent=22716"}],"wp:term":[{"taxonomy":"category","embeddable":true,"href":"https:\/\/pc.sc.gov.br\/index.php?rest_route=%2Fwp%2Fv2%2Fcategories&post=22716"},{"taxonomy":"post_tag","embeddable":true,"href":"https:\/\/pc.sc.gov.br\/index.php?rest_route=%2Fwp%2Fv2%2Ftags&post=22716"}],"curies":[{"name":"wp","href":"https:\/\/api.w.org\/{rel}","templated":true}]}}