{"id":22729,"date":"2024-08-20T15:15:10","date_gmt":"2024-08-20T18:15:10","guid":{"rendered":"https:\/\/pc.sc.gov.br\/?p=22729"},"modified":"2024-08-20T15:19:16","modified_gmt":"2024-08-20T18:19:16","slug":"policia-civil-deflagra-operacao-maestro-em-investigacao-a-crimes-conta-a-administracao-publica","status":"publish","type":"post","link":"https:\/\/pc.sc.gov.br\/?p=22729","title":{"rendered":"Pol\u00edcia Civil deflagra opera\u00e7\u00e3o \u201cMaestro\u201d em investiga\u00e7\u00e3o a crimes contra a Administra\u00e7\u00e3o P\u00fablica"},"content":{"rendered":"\t\t<div data-elementor-type=\"wp-post\" data-elementor-id=\"22729\" class=\"elementor elementor-22729\" data-elementor-post-type=\"post\">\n\t\t\t\t\t\t<section class=\"elementor-section elementor-top-section elementor-element elementor-element-4a9d890 elementor-section-boxed elementor-section-height-default elementor-section-height-default\" data-id=\"4a9d890\" data-element_type=\"section\">\n\t\t\t\t\t\t<div class=\"elementor-container elementor-column-gap-default\">\n\t\t\t\t\t<div class=\"elementor-column elementor-col-100 elementor-top-column elementor-element elementor-element-a8277f1\" data-id=\"a8277f1\" data-element_type=\"column\">\n\t\t\t<div class=\"elementor-widget-wrap elementor-element-populated\">\n\t\t\t\t\t\t<div class=\"elementor-element elementor-element-5a13c04 elementor-widget elementor-widget-heading\" data-id=\"5a13c04\" data-element_type=\"widget\" data-widget_type=\"heading.default\">\n\t\t\t\t<div class=\"elementor-widget-container\">\n\t\t\t\t\t<h2 class=\"elementor-heading-title elementor-size-default\">Pol\u00edcia Civil deflagra opera\u00e7\u00e3o \u201cMaestro\u201d em investiga\u00e7\u00e3o a crimes contra a Administra\u00e7\u00e3o P\u00fablica <\/h2>\t\t\t\t<\/div>\n\t\t\t\t<\/div>\n\t\t\t\t\t<\/div>\n\t\t<\/div>\n\t\t\t\t\t<\/div>\n\t\t<\/section>\n\t\t\t\t<section class=\"elementor-section elementor-top-section elementor-element elementor-element-404327b elementor-section-boxed elementor-section-height-default elementor-section-height-default\" data-id=\"404327b\" data-element_type=\"section\">\n\t\t\t\t\t\t<div class=\"elementor-container elementor-column-gap-default\">\n\t\t\t\t\t<div class=\"elementor-column elementor-col-100 elementor-top-column elementor-element elementor-element-4533678\" data-id=\"4533678\" data-element_type=\"column\">\n\t\t\t<div class=\"elementor-widget-wrap elementor-element-populated\">\n\t\t\t\t\t\t<div class=\"elementor-element elementor-element-4653116 elementor-widget elementor-widget-image\" data-id=\"4653116\" data-element_type=\"widget\" data-widget_type=\"image.default\">\n\t\t\t\t<div class=\"elementor-widget-container\">\n\t\t\t\t\t\t\t\t\t\t\t\t\t\t\t<img fetchpriority=\"high\" decoding=\"async\" width=\"696\" height=\"522\" src=\"https:\/\/pc.sc.gov.br\/\/wp-content\/uploads\/2024\/08\/WhatsApp-Image-2024-08-20-at-07.52.39-1024x768.jpeg\" class=\"attachment-large size-large wp-image-22731\" alt=\"\" srcset=\"https:\/\/pc.sc.gov.br\/\/wp-content\/uploads\/2024\/08\/WhatsApp-Image-2024-08-20-at-07.52.39-1024x768.jpeg 1024w, https:\/\/pc.sc.gov.br\/\/wp-content\/uploads\/2024\/08\/WhatsApp-Image-2024-08-20-at-07.52.39-300x225.jpeg 300w, https:\/\/pc.sc.gov.br\/\/wp-content\/uploads\/2024\/08\/WhatsApp-Image-2024-08-20-at-07.52.39-768x576.jpeg 768w, https:\/\/pc.sc.gov.br\/\/wp-content\/uploads\/2024\/08\/WhatsApp-Image-2024-08-20-at-07.52.39.jpeg 1280w\" sizes=\"(max-width: 696px) 100vw, 696px\" \/>\t\t\t\t\t\t\t\t\t\t\t\t\t\t\t<\/div>\n\t\t\t\t<\/div>\n\t\t\t\t\t<\/div>\n\t\t<\/div>\n\t\t\t\t\t<\/div>\n\t\t<\/section>\n\t\t\t\t<section class=\"elementor-section elementor-top-section elementor-element elementor-element-73bcdec elementor-section-boxed elementor-section-height-default elementor-section-height-default\" data-id=\"73bcdec\" data-element_type=\"section\">\n\t\t\t\t\t\t<div class=\"elementor-container elementor-column-gap-default\">\n\t\t\t\t\t<div class=\"elementor-column elementor-col-100 elementor-top-column elementor-element elementor-element-4209cb0\" data-id=\"4209cb0\" data-element_type=\"column\">\n\t\t\t<div class=\"elementor-widget-wrap elementor-element-populated\">\n\t\t\t\t\t\t<div class=\"elementor-element elementor-element-ab12cf1 elementor-widget elementor-widget-text-editor\" data-id=\"ab12cf1\" data-element_type=\"widget\" data-widget_type=\"text-editor.default\">\n\t\t\t\t<div class=\"elementor-widget-container\">\n\t\t\t\t\t\t\t\t\t<p>Nesta ter\u00e7a-feira (20\/08), a Pol\u00edcia Civil de Santa Catarina, por meio da 2\u00b0 Delegacia de Combate \u00e0 Corrup\u00e7\u00e3o da Diretoria Estadual de Investiga\u00e7\u00f5es Criminais, cumpriu 23 mandados de busca e apreens\u00e3o, bem como realizou o sequestro de valores e outras medidas cautelares a fim de apurar crimes contra a administra\u00e7\u00e3o p\u00fablica, decorrentes da opera\u00e7\u00e3o \u201cMaestro\u201d. Os mandados de busca e apreens\u00e3o foram cumpridos nos munic\u00edpios de Garopaba, Imbituba, Laguna, Palho\u00e7a, Forquilhinha e Porto Alegre.<\/p><p>No decorrer dos trabalhos investigativos, a Pol\u00edcia Civil de Santa Catarina representou pelas ordens judiciais, sendo-as deferidas pelo Tribunal de Justi\u00e7a Catarinense ap\u00f3s manifesta\u00e7\u00e3o favor\u00e1vel da Sub-Procuradoria Geral de Justi\u00e7a do Minist\u00e9rio P\u00fablico de Santa Catarina. Os fatos v\u00eam sendo apurados desde outubro de 2023, quando se tomou conhecimento de poss\u00edveis fraudes em, especificamente, tr\u00eas procedimentos licitat\u00f3rios.<\/p><p>No curso das investiga\u00e7\u00f5es, apurou-se, por exemplo, que, em um desses procedimentos licitat\u00f3rios, a municipalidade pagou por duas vezes pelo mesmo objeto, valendo-se, contudo, de contratos distintos. Obviamente, apenas um dos recebedores foi quem teria fornecido o produto, enquanto o outro teria recebido por produto que sequer entregou, demonstrando, assim, o uso e desvio indevido da renda p\u00fablica em benef\u00edcio, no m\u00ednimo, de terceiros.<\/p><p>Al\u00e9m disto, apura-se a modifica\u00e7\u00e3o em contrato administrativo sem autoriza\u00e7\u00e3o no edital da licita\u00e7\u00e3o e, por consequ\u00eancia, no contrato administrativo. Vislumbrou-se que pessoa declarada inabilitada no procedimento licitat\u00f3rio foi, todavia, quem executou a obra do procedimento. Ou seja, a empresa vencedora serviu, simplesmente, para receber e repassar a verba p\u00fablica.<\/p><p>Por fim, identificou-se a aquisi\u00e7\u00e3o de determinado objeto sem qualquer contrato administrativo e procedimento licitat\u00f3rio pr\u00e9vio. Ou seja, foi adquirido o objeto desconsiderando todas as normas legais, por\u00e9m providenciou-se o pagamento ao fornecedor atrav\u00e9s de contrato administrativo com outra pessoa.<\/p><p>Participaram das dilig\u00eancias, aproximadamente, 100 policiais civis, sendo recebido apoio da DEIC, CECOR, 1\u00b0DECOR, 2\u00b0DECOR, 3\u00b0DECOR, 4\u00b0DECOR, DECOR\/DEIC, Lab\/LD da Pol\u00edcia Civil, DLAV, DRAS, DECAP, DFRV, DRCI, DD, DRRDI, DEDIR, DRP de Tubar\u00e3o, DRP de Laguna, DRP de Crici\u00fama, DEIC da Pol\u00edcia Civil do Rio Grande do Sul, bem como a Pol\u00edcia Cient\u00edfica do Estado de Santa Catarina atrav\u00e9s dos setores de inform\u00e1tica forense e engenharia forense.<\/p>\t\t\t\t\t\t\t\t<\/div>\n\t\t\t\t<\/div>\n\t\t\t\t\t<\/div>\n\t\t<\/div>\n\t\t\t\t\t<\/div>\n\t\t<\/section>\n\t\t\t\t<section class=\"elementor-section elementor-top-section elementor-element elementor-element-c0a2183 elementor-section-boxed elementor-section-height-default elementor-section-height-default\" data-id=\"c0a2183\" data-element_type=\"section\">\n\t\t\t\t\t\t<div class=\"elementor-container elementor-column-gap-default\">\n\t\t\t\t\t<div class=\"elementor-column elementor-col-100 elementor-top-column elementor-element elementor-element-e3b3a8a\" data-id=\"e3b3a8a\" data-element_type=\"column\">\n\t\t\t<div class=\"elementor-widget-wrap elementor-element-populated\">\n\t\t\t\t\t\t<div class=\"elementor-element elementor-element-63b3e56 elementor-widget elementor-widget-image\" data-id=\"63b3e56\" data-element_type=\"widget\" data-widget_type=\"image.default\">\n\t\t\t\t<div class=\"elementor-widget-container\">\n\t\t\t\t\t\t\t\t\t\t\t\t\t\t\t<img decoding=\"async\" width=\"696\" height=\"522\" src=\"https:\/\/pc.sc.gov.br\/\/wp-content\/uploads\/2024\/08\/WhatsApp-Image-2024-08-20-at-07.52.41-1024x768.jpeg\" class=\"attachment-large size-large wp-image-22730\" alt=\"\" srcset=\"https:\/\/pc.sc.gov.br\/\/wp-content\/uploads\/2024\/08\/WhatsApp-Image-2024-08-20-at-07.52.41-1024x768.jpeg 1024w, https:\/\/pc.sc.gov.br\/\/wp-content\/uploads\/2024\/08\/WhatsApp-Image-2024-08-20-at-07.52.41-300x225.jpeg 300w, https:\/\/pc.sc.gov.br\/\/wp-content\/uploads\/2024\/08\/WhatsApp-Image-2024-08-20-at-07.52.41-768x576.jpeg 768w, https:\/\/pc.sc.gov.br\/\/wp-content\/uploads\/2024\/08\/WhatsApp-Image-2024-08-20-at-07.52.41-1536x1152.jpeg 1536w, https:\/\/pc.sc.gov.br\/\/wp-content\/uploads\/2024\/08\/WhatsApp-Image-2024-08-20-at-07.52.41.jpeg 1600w\" sizes=\"(max-width: 696px) 100vw, 696px\" \/>\t\t\t\t\t\t\t\t\t\t\t\t\t\t\t<\/div>\n\t\t\t\t<\/div>\n\t\t\t\t\t<\/div>\n\t\t<\/div>\n\t\t\t\t\t<\/div>\n\t\t<\/section>\n\t\t\t\t<\/div>\n\t\t","protected":false},"excerpt":{"rendered":"<p>Pol\u00edcia Civil deflagra opera\u00e7\u00e3o \u201cMaestro\u201d em investiga\u00e7\u00e3o a crimes contra a Administra\u00e7\u00e3o P\u00fablica Nesta ter\u00e7a-feira (20\/08), a Pol\u00edcia Civil de Santa Catarina, por meio da 2\u00b0 Delegacia de Combate \u00e0 Corrup\u00e7\u00e3o da Diretoria Estadual de Investiga\u00e7\u00f5es Criminais, cumpriu 23 mandados de busca e apreens\u00e3o, bem como realizou o sequestro de valores e outras medidas cautelares [&hellip;]<\/p>\n","protected":false},"author":5,"featured_media":22731,"comment_status":"closed","ping_status":"open","sticky":false,"template":"","format":"standard","meta":{"_monsterinsights_skip_tracking":false,"_monsterinsights_sitenote_active":false,"_monsterinsights_sitenote_note":"","_monsterinsights_sitenote_category":0,"footnotes":""},"categories":[1],"tags":[],"class_list":["post-22729","post","type-post","status-publish","format-standard","has-post-thumbnail","hentry","category-sem-categoria"],"_links":{"self":[{"href":"https:\/\/pc.sc.gov.br\/index.php?rest_route=\/wp\/v2\/posts\/22729","targetHints":{"allow":["GET"]}}],"collection":[{"href":"https:\/\/pc.sc.gov.br\/index.php?rest_route=\/wp\/v2\/posts"}],"about":[{"href":"https:\/\/pc.sc.gov.br\/index.php?rest_route=\/wp\/v2\/types\/post"}],"author":[{"embeddable":true,"href":"https:\/\/pc.sc.gov.br\/index.php?rest_route=\/wp\/v2\/users\/5"}],"replies":[{"embeddable":true,"href":"https:\/\/pc.sc.gov.br\/index.php?rest_route=%2Fwp%2Fv2%2Fcomments&post=22729"}],"version-history":[{"count":8,"href":"https:\/\/pc.sc.gov.br\/index.php?rest_route=\/wp\/v2\/posts\/22729\/revisions"}],"predecessor-version":[{"id":22739,"href":"https:\/\/pc.sc.gov.br\/index.php?rest_route=\/wp\/v2\/posts\/22729\/revisions\/22739"}],"wp:featuredmedia":[{"embeddable":true,"href":"https:\/\/pc.sc.gov.br\/index.php?rest_route=\/wp\/v2\/media\/22731"}],"wp:attachment":[{"href":"https:\/\/pc.sc.gov.br\/index.php?rest_route=%2Fwp%2Fv2%2Fmedia&parent=22729"}],"wp:term":[{"taxonomy":"category","embeddable":true,"href":"https:\/\/pc.sc.gov.br\/index.php?rest_route=%2Fwp%2Fv2%2Fcategories&post=22729"},{"taxonomy":"post_tag","embeddable":true,"href":"https:\/\/pc.sc.gov.br\/index.php?rest_route=%2Fwp%2Fv2%2Ftags&post=22729"}],"curies":[{"name":"wp","href":"https:\/\/api.w.org\/{rel}","templated":true}]}}