{"id":22740,"date":"2024-08-20T15:38:41","date_gmt":"2024-08-20T18:38:41","guid":{"rendered":"https:\/\/pc.sc.gov.br\/?p=22740"},"modified":"2024-08-20T15:41:20","modified_gmt":"2024-08-20T18:41:20","slug":"policia-civil-prende-estudante-do-curso-de-direito-por-envolvimento-com-organizacao-criminosa","status":"publish","type":"post","link":"https:\/\/pc.sc.gov.br\/?p=22740","title":{"rendered":"Pol\u00edcia Civil prende estudante do Curso de Direito por envolvimento com organiza\u00e7\u00e3o criminosa"},"content":{"rendered":"\t\t<div data-elementor-type=\"wp-post\" data-elementor-id=\"22740\" class=\"elementor elementor-22740\" data-elementor-post-type=\"post\">\n\t\t\t\t\t\t<section class=\"elementor-section elementor-top-section elementor-element elementor-element-151a708 elementor-section-boxed elementor-section-height-default elementor-section-height-default\" data-id=\"151a708\" data-element_type=\"section\">\n\t\t\t\t\t\t<div class=\"elementor-container elementor-column-gap-default\">\n\t\t\t\t\t<div class=\"elementor-column elementor-col-100 elementor-top-column elementor-element elementor-element-a3bf10f\" data-id=\"a3bf10f\" data-element_type=\"column\">\n\t\t\t<div class=\"elementor-widget-wrap elementor-element-populated\">\n\t\t\t\t\t\t<div class=\"elementor-element elementor-element-5021ddd elementor-widget elementor-widget-heading\" data-id=\"5021ddd\" data-element_type=\"widget\" data-widget_type=\"heading.default\">\n\t\t\t\t<div class=\"elementor-widget-container\">\n\t\t\t\t\t<h2 class=\"elementor-heading-title elementor-size-default\">Pol\u00edcia Civil prende estudante do Curso de Direito por envolvimento com organiza\u00e7\u00e3o criminosa<\/h2>\t\t\t\t<\/div>\n\t\t\t\t<\/div>\n\t\t\t\t\t<\/div>\n\t\t<\/div>\n\t\t\t\t\t<\/div>\n\t\t<\/section>\n\t\t\t\t<section class=\"elementor-section elementor-top-section elementor-element elementor-element-8f70baa elementor-section-boxed elementor-section-height-default elementor-section-height-default\" data-id=\"8f70baa\" data-element_type=\"section\">\n\t\t\t\t\t\t<div class=\"elementor-container elementor-column-gap-default\">\n\t\t\t\t\t<div class=\"elementor-column elementor-col-100 elementor-top-column elementor-element elementor-element-e63b59c\" data-id=\"e63b59c\" data-element_type=\"column\">\n\t\t\t<div class=\"elementor-widget-wrap elementor-element-populated\">\n\t\t\t\t\t\t<div class=\"elementor-element elementor-element-b04cca2 elementor-widget elementor-widget-image\" data-id=\"b04cca2\" data-element_type=\"widget\" data-widget_type=\"image.default\">\n\t\t\t\t<div class=\"elementor-widget-container\">\n\t\t\t\t\t\t\t\t\t\t\t\t\t\t\t<img fetchpriority=\"high\" decoding=\"async\" width=\"696\" height=\"522\" src=\"https:\/\/pc.sc.gov.br\/\/wp-content\/uploads\/2024\/08\/WhatsApp-Image-2024-08-20-at-08.08.13-1024x768.jpeg\" class=\"attachment-large size-large wp-image-22742\" alt=\"\" srcset=\"https:\/\/pc.sc.gov.br\/\/wp-content\/uploads\/2024\/08\/WhatsApp-Image-2024-08-20-at-08.08.13-1024x768.jpeg 1024w, https:\/\/pc.sc.gov.br\/\/wp-content\/uploads\/2024\/08\/WhatsApp-Image-2024-08-20-at-08.08.13-300x225.jpeg 300w, https:\/\/pc.sc.gov.br\/\/wp-content\/uploads\/2024\/08\/WhatsApp-Image-2024-08-20-at-08.08.13-768x576.jpeg 768w, https:\/\/pc.sc.gov.br\/\/wp-content\/uploads\/2024\/08\/WhatsApp-Image-2024-08-20-at-08.08.13.jpeg 1280w\" sizes=\"(max-width: 696px) 100vw, 696px\" \/>\t\t\t\t\t\t\t\t\t\t\t\t\t\t\t<\/div>\n\t\t\t\t<\/div>\n\t\t\t\t\t<\/div>\n\t\t<\/div>\n\t\t\t\t\t<\/div>\n\t\t<\/section>\n\t\t\t\t<section class=\"elementor-section elementor-top-section elementor-element elementor-element-a8e7c8f elementor-section-boxed elementor-section-height-default elementor-section-height-default\" data-id=\"a8e7c8f\" data-element_type=\"section\">\n\t\t\t\t\t\t<div class=\"elementor-container elementor-column-gap-default\">\n\t\t\t\t\t<div class=\"elementor-column elementor-col-100 elementor-top-column elementor-element elementor-element-9b9a7ba\" data-id=\"9b9a7ba\" data-element_type=\"column\">\n\t\t\t<div class=\"elementor-widget-wrap elementor-element-populated\">\n\t\t\t\t\t\t<div class=\"elementor-element elementor-element-7090623 elementor-widget elementor-widget-text-editor\" data-id=\"7090623\" data-element_type=\"widget\" data-widget_type=\"text-editor.default\">\n\t\t\t\t<div class=\"elementor-widget-container\">\n\t\t\t\t\t\t\t\t\t<p>Nesta ter\u00e7a-feira (20\/08), a Pol\u00edcia Civil de Santa Catarina, por meio da Delegacia de Repress\u00e3o ao Crime Organizado da Diretoria Estadual de Investiga\u00e7\u00f5es Criminais, realizou opera\u00e7\u00e3o policial em Florian\u00f3polis para dar cumprimento a mandado de pris\u00e3o expedido em desfavor de uma estudante universit\u00e1ria do Curso de Direito, que est\u00e1 sendo investigada por seu envolvimento com organiza\u00e7\u00e3o criminosa.<\/p><p>Ap\u00f3s a deflagra\u00e7\u00e3o da 2\u00aa fase da opera\u00e7\u00e3o \u201cTio Patinhas\u201d, que visava cumprir 69 mandados de busca e apreens\u00e3o e tr\u00eas ordens de sequestro de bens, chegou ao conhecimento da DRACO\/DEIC in\u00fameros relatos de que a opera\u00e7\u00e3o havia \u201cvazado\u201d e que diversos investigados haviam sido avisados previamente sobre a data da opera\u00e7\u00e3o policial, o que prejudicou o cumprimento das ordens judiciais.<\/p><p>Diante de tais informa\u00e7\u00f5es, foi instaurado Inqu\u00e9rito Policial para apurar a pr\u00e1tica dos crimes de associa\u00e7\u00e3o ao tr\u00e1fico, participa\u00e7\u00e3o em organiza\u00e7\u00e3o criminosa e viola\u00e7\u00e3o de sigilo funcional.<\/p><p>Ap\u00f3s parecer favor\u00e1vel da 39\u00aa Promotoria de Justi\u00e7a da Capital e de decis\u00e3o favor\u00e1vel do Ju\u00edzo da Vara de Garantias da Regi\u00e3o Metropolitana de Florian\u00f3polis, obteve-se a autoriza\u00e7\u00e3o judicial pela quebra de sigilo de dados, conseguindo-se, assim, identificar que uma ex-estagi\u00e1ria do F\u00f3rum da Capital havia acessado indevidamente os autos daquela investiga\u00e7\u00e3o sigilosa in\u00fameras vezes, realizando grande parte dos acessos no per\u00edodo da madrugada e de sua pr\u00f3pria resid\u00eancia durante o final de semana que antecedeu a opera\u00e7\u00e3o \u201cTio Patinhas 2\u201d. Diante disso, foi acionado o N\u00facleo de Intelig\u00eancia do Tribunal de Justi\u00e7a, que prestou total apoio nas investiga\u00e7\u00f5es.<\/p><p>Ent\u00e3o, nesta manh\u00e3 (20\/08), cerca de 13 policiais civis da DRACO\/DEIC e do NIS\/TJSC deram cumprimento a um mandado de busca e apreens\u00e3o e um mandado de pris\u00e3o tempor\u00e1ria expedido em desfavor da ex-estagi\u00e1ria.<\/p><p>\u00a0As investiga\u00e7\u00f5es continuam para apurar o envolvimento de advogados e de outros indiv\u00edduos que atuam nesse complexo esquema criminoso, associado ao tr\u00e1fico de drogas e \u00e0 organiza\u00e7\u00e3o criminosa, voltado ainda \u00e0 viola\u00e7\u00e3o do sigilo de investiga\u00e7\u00f5es sens\u00edveis.<\/p>\t\t\t\t\t\t\t\t<\/div>\n\t\t\t\t<\/div>\n\t\t\t\t\t<\/div>\n\t\t<\/div>\n\t\t\t\t\t<\/div>\n\t\t<\/section>\n\t\t\t\t<section class=\"elementor-section elementor-top-section elementor-element elementor-element-ad63632 elementor-section-boxed elementor-section-height-default elementor-section-height-default\" data-id=\"ad63632\" data-element_type=\"section\">\n\t\t\t\t\t\t<div class=\"elementor-container elementor-column-gap-default\">\n\t\t\t\t\t<div class=\"elementor-column elementor-col-100 elementor-top-column elementor-element elementor-element-292e219\" data-id=\"292e219\" data-element_type=\"column\">\n\t\t\t<div class=\"elementor-widget-wrap elementor-element-populated\">\n\t\t\t\t\t\t<div class=\"elementor-element elementor-element-edf8444 elementor-widget elementor-widget-image\" data-id=\"edf8444\" data-element_type=\"widget\" data-widget_type=\"image.default\">\n\t\t\t\t<div class=\"elementor-widget-container\">\n\t\t\t\t\t\t\t\t\t\t\t\t\t\t\t<img decoding=\"async\" width=\"696\" height=\"522\" src=\"https:\/\/pc.sc.gov.br\/\/wp-content\/uploads\/2024\/08\/WhatsApp-Image-2024-08-20-at-08.08.14-1024x768.jpeg\" class=\"attachment-large size-large wp-image-22743\" alt=\"\" srcset=\"https:\/\/pc.sc.gov.br\/\/wp-content\/uploads\/2024\/08\/WhatsApp-Image-2024-08-20-at-08.08.14-1024x768.jpeg 1024w, https:\/\/pc.sc.gov.br\/\/wp-content\/uploads\/2024\/08\/WhatsApp-Image-2024-08-20-at-08.08.14-300x225.jpeg 300w, https:\/\/pc.sc.gov.br\/\/wp-content\/uploads\/2024\/08\/WhatsApp-Image-2024-08-20-at-08.08.14-768x576.jpeg 768w, https:\/\/pc.sc.gov.br\/\/wp-content\/uploads\/2024\/08\/WhatsApp-Image-2024-08-20-at-08.08.14-1536x1152.jpeg 1536w, https:\/\/pc.sc.gov.br\/\/wp-content\/uploads\/2024\/08\/WhatsApp-Image-2024-08-20-at-08.08.14.jpeg 1600w\" sizes=\"(max-width: 696px) 100vw, 696px\" \/>\t\t\t\t\t\t\t\t\t\t\t\t\t\t\t<\/div>\n\t\t\t\t<\/div>\n\t\t\t\t\t<\/div>\n\t\t<\/div>\n\t\t\t\t\t<\/div>\n\t\t<\/section>\n\t\t\t\t<\/div>\n\t\t","protected":false},"excerpt":{"rendered":"<p>Pol\u00edcia Civil prende estudante do Curso de Direito por envolvimento com organiza\u00e7\u00e3o criminosa Nesta ter\u00e7a-feira (20\/08), a Pol\u00edcia Civil de Santa Catarina, por meio da Delegacia de Repress\u00e3o ao Crime Organizado da Diretoria Estadual de Investiga\u00e7\u00f5es Criminais, realizou opera\u00e7\u00e3o policial em Florian\u00f3polis para dar cumprimento a mandado de pris\u00e3o expedido em desfavor de uma estudante [&hellip;]<\/p>\n","protected":false},"author":5,"featured_media":22742,"comment_status":"closed","ping_status":"open","sticky":false,"template":"","format":"standard","meta":{"_monsterinsights_skip_tracking":false,"_monsterinsights_sitenote_active":false,"_monsterinsights_sitenote_note":"","_monsterinsights_sitenote_category":0,"footnotes":""},"categories":[1],"tags":[],"class_list":["post-22740","post","type-post","status-publish","format-standard","has-post-thumbnail","hentry","category-sem-categoria"],"_links":{"self":[{"href":"https:\/\/pc.sc.gov.br\/index.php?rest_route=\/wp\/v2\/posts\/22740","targetHints":{"allow":["GET"]}}],"collection":[{"href":"https:\/\/pc.sc.gov.br\/index.php?rest_route=\/wp\/v2\/posts"}],"about":[{"href":"https:\/\/pc.sc.gov.br\/index.php?rest_route=\/wp\/v2\/types\/post"}],"author":[{"embeddable":true,"href":"https:\/\/pc.sc.gov.br\/index.php?rest_route=\/wp\/v2\/users\/5"}],"replies":[{"embeddable":true,"href":"https:\/\/pc.sc.gov.br\/index.php?rest_route=%2Fwp%2Fv2%2Fcomments&post=22740"}],"version-history":[{"count":4,"href":"https:\/\/pc.sc.gov.br\/index.php?rest_route=\/wp\/v2\/posts\/22740\/revisions"}],"predecessor-version":[{"id":22746,"href":"https:\/\/pc.sc.gov.br\/index.php?rest_route=\/wp\/v2\/posts\/22740\/revisions\/22746"}],"wp:featuredmedia":[{"embeddable":true,"href":"https:\/\/pc.sc.gov.br\/index.php?rest_route=\/wp\/v2\/media\/22742"}],"wp:attachment":[{"href":"https:\/\/pc.sc.gov.br\/index.php?rest_route=%2Fwp%2Fv2%2Fmedia&parent=22740"}],"wp:term":[{"taxonomy":"category","embeddable":true,"href":"https:\/\/pc.sc.gov.br\/index.php?rest_route=%2Fwp%2Fv2%2Fcategories&post=22740"},{"taxonomy":"post_tag","embeddable":true,"href":"https:\/\/pc.sc.gov.br\/index.php?rest_route=%2Fwp%2Fv2%2Ftags&post=22740"}],"curies":[{"name":"wp","href":"https:\/\/api.w.org\/{rel}","templated":true}]}}