{"id":22761,"date":"2024-08-21T17:54:37","date_gmt":"2024-08-21T20:54:37","guid":{"rendered":"https:\/\/pc.sc.gov.br\/?p=22761"},"modified":"2024-08-21T17:57:24","modified_gmt":"2024-08-21T20:57:24","slug":"deic-inaugura-galeria-de-ex-diretores-e-homenageia-policiais-com-30-20-e-10-anos-de-atuacao-no-servico-publico","status":"publish","type":"post","link":"https:\/\/pc.sc.gov.br\/?p=22761","title":{"rendered":"DEIC inaugura galeria de ex-diretores e homenageia policiais com 30, 20 e 10 anos de atua\u00e7\u00e3o no servi\u00e7o p\u00fablico"},"content":{"rendered":"\t\t<div data-elementor-type=\"wp-post\" data-elementor-id=\"22761\" class=\"elementor elementor-22761\" data-elementor-post-type=\"post\">\n\t\t\t\t\t\t<section class=\"elementor-section elementor-top-section elementor-element elementor-element-a0f98df elementor-section-boxed elementor-section-height-default elementor-section-height-default\" data-id=\"a0f98df\" data-element_type=\"section\">\n\t\t\t\t\t\t<div class=\"elementor-container elementor-column-gap-default\">\n\t\t\t\t\t<div class=\"elementor-column elementor-col-100 elementor-top-column elementor-element elementor-element-fe6cd24\" data-id=\"fe6cd24\" data-element_type=\"column\">\n\t\t\t<div class=\"elementor-widget-wrap elementor-element-populated\">\n\t\t\t\t\t\t<div class=\"elementor-element elementor-element-5d793ad elementor-widget elementor-widget-heading\" data-id=\"5d793ad\" data-element_type=\"widget\" data-widget_type=\"heading.default\">\n\t\t\t\t<div class=\"elementor-widget-container\">\n\t\t\t\t\t<h2 class=\"elementor-heading-title elementor-size-default\">DEIC inaugura galeria de ex-diretores e homenageia policiais com 30, 20 e 10 anos de atua\u00e7\u00e3o no servi\u00e7o p\u00fablico<\/h2>\t\t\t\t<\/div>\n\t\t\t\t<\/div>\n\t\t\t\t\t<\/div>\n\t\t<\/div>\n\t\t\t\t\t<\/div>\n\t\t<\/section>\n\t\t\t\t<section class=\"elementor-section elementor-top-section elementor-element elementor-element-7524776 elementor-section-boxed elementor-section-height-default elementor-section-height-default\" data-id=\"7524776\" data-element_type=\"section\">\n\t\t\t\t\t\t<div class=\"elementor-container elementor-column-gap-default\">\n\t\t\t\t\t<div class=\"elementor-column elementor-col-100 elementor-top-column elementor-element elementor-element-7dc6b72\" data-id=\"7dc6b72\" data-element_type=\"column\">\n\t\t\t<div class=\"elementor-widget-wrap elementor-element-populated\">\n\t\t\t\t\t\t<div class=\"elementor-element elementor-element-af2eb94 elementor-widget elementor-widget-image\" data-id=\"af2eb94\" data-element_type=\"widget\" data-widget_type=\"image.default\">\n\t\t\t\t<div class=\"elementor-widget-container\">\n\t\t\t\t\t\t\t\t\t\t\t\t\t\t\t<img fetchpriority=\"high\" decoding=\"async\" width=\"696\" height=\"521\" src=\"https:\/\/pc.sc.gov.br\/\/wp-content\/uploads\/2024\/08\/WhatsApp-Image-2024-08-21-at-17.50.11-1024x766.jpeg\" class=\"attachment-large size-large wp-image-22763\" alt=\"\" srcset=\"https:\/\/pc.sc.gov.br\/\/wp-content\/uploads\/2024\/08\/WhatsApp-Image-2024-08-21-at-17.50.11-1024x766.jpeg 1024w, https:\/\/pc.sc.gov.br\/\/wp-content\/uploads\/2024\/08\/WhatsApp-Image-2024-08-21-at-17.50.11-300x224.jpeg 300w, https:\/\/pc.sc.gov.br\/\/wp-content\/uploads\/2024\/08\/WhatsApp-Image-2024-08-21-at-17.50.11-768x575.jpeg 768w, https:\/\/pc.sc.gov.br\/\/wp-content\/uploads\/2024\/08\/WhatsApp-Image-2024-08-21-at-17.50.11-1536x1149.jpeg 1536w, https:\/\/pc.sc.gov.br\/\/wp-content\/uploads\/2024\/08\/WhatsApp-Image-2024-08-21-at-17.50.11.jpeg 1600w\" sizes=\"(max-width: 696px) 100vw, 696px\" \/>\t\t\t\t\t\t\t\t\t\t\t\t\t\t\t<\/div>\n\t\t\t\t<\/div>\n\t\t\t\t\t<\/div>\n\t\t<\/div>\n\t\t\t\t\t<\/div>\n\t\t<\/section>\n\t\t\t\t<section class=\"elementor-section elementor-top-section elementor-element elementor-element-c6d45f8 elementor-section-boxed elementor-section-height-default elementor-section-height-default\" data-id=\"c6d45f8\" data-element_type=\"section\">\n\t\t\t\t\t\t<div class=\"elementor-container elementor-column-gap-default\">\n\t\t\t\t\t<div class=\"elementor-column elementor-col-100 elementor-top-column elementor-element elementor-element-e450c40\" data-id=\"e450c40\" data-element_type=\"column\">\n\t\t\t<div class=\"elementor-widget-wrap elementor-element-populated\">\n\t\t\t\t\t\t<div class=\"elementor-element elementor-element-af38be3 elementor-widget elementor-widget-text-editor\" data-id=\"af38be3\" data-element_type=\"widget\" data-widget_type=\"text-editor.default\">\n\t\t\t\t<div class=\"elementor-widget-container\">\n\t\t\t\t\t\t\t\t\t<p>A Pol\u00edcia Civil de Santa Catarina inaugurou nesta quarta-feira (21) a galeria de ex-diretores da Diretoria Estadual de Investiga\u00e7\u00f5es Criminais (DEIC) e homenageou policiais civis com 30, 20 e 10 anos de atua\u00e7\u00e3o no servi\u00e7o p\u00fablico. Criada em 1989, a DEIC j\u00e1 teve 13 delegados no seu comando.&nbsp;<\/p>\n<p>Atualmente, a DEIC \u00e9 dirigida pelo delegado Daniel S\u00e1 Fortes R\u00e9gis. \u201cO evento \u00e9 uma necessidade de reconhecimento aos ex-diretores que dedicaram suas vidas \u00e0 DEIC e \u00e0 constru\u00e7\u00e3o da DEIC, que segue sendo uma institui\u00e7\u00e3o de excel\u00eancia\u201d, assinalou o diretor da DEIC, delegado Daniel R\u00e9gis lembrando que a Delegacia come\u00e7ou com a miss\u00e3o de atuar na \u00e1rea de crimes fazend\u00e1rios. O titular da DEIC destacou ainda que a Diretoria \u00e9 composta por 150 policiais sendo que 30 est\u00e3o atuando na Delegacia de Combate \u00e0 Corrup\u00e7\u00e3o (DECOR).<\/p>\n<p>Na solenidade o delegado-geral, Ulisses Gabriel, destacou a import\u00e2ncia de cada policial civil que atua na institui\u00e7\u00e3o. \u201cO bom desempenho da PCSC reflete a qualidade do nosso trabalho e que tem contribu\u00eddo fortemente para seguran\u00e7a p\u00fablica dos catarinenses\u201c, disse.&nbsp;<\/p>\n<p>Na galeria de homenageados est\u00e3o os delegados: Maur\u00edcio de Freitas Noronha; El\u00f3i Gon\u00e7alves de Azevedo; Dirceu Augusto Silveira J\u00fanior; Waldir Cesar Padilha; Ilson Da Silva; Juarez De Souza Medeiros; Cl\u00e1udio Monteiro; Laurito Akira Sato; Adriano Krul Bini; Anselmo Firmo de Oliveira Cruz; Luis Felipe Del Solar Fuentes; Jo\u00e3o Adolpho Fleury Castilho e Verdi Luz Furlanetto.&nbsp;<\/p>\n<p>DEIC em n\u00fameros&nbsp;<\/p>\n<p>Composto por 16 delegacias especializadas, a DEIC tem obtido resultados excepcionais na atua\u00e7\u00e3o de seus policiais. No ano de 2023 foram realizadas 255 opera\u00e7\u00f5es complexas, sens\u00edveis ou de alto risco que resultaram na apreens\u00e3o de um patrim\u00f4nio estimado de R$ 100 milh\u00f5es.<\/p>\n<p>E em 2024, a DEIC na mesma linha de combate \u00e0 criminalidade. Apenas na Opera\u00e7\u00e3o Acapulco, realizada em 13 de agosto, pela Delegacia de Crimes Ambientais e Rela\u00e7\u00f5es de Consumo, foram sequestrados 238 im\u00f3veis, objeto de lavagem de dinheiro.<\/p>\n<p>No evento tamb\u00e9m foram entregues certificados aos policiais que atuam na Diretoria por 30, 20 e 10 anos de servi\u00e7o p\u00fablico.<\/p>\n<p>Policiais homenageados:<\/p>\n<p>30 anos:&nbsp;<\/p>\n<p><b>Agente de Pol\u00edcia Jo\u00e3o Luiz de Souza&nbsp;<\/b><\/p>\n<p>20 anos:&nbsp;<\/p>\n<p><b>Delegado de Pol\u00edcia Anselmo Firmo De Oliveira Cruz<\/b><\/p>\n<p><b>Delegado Rodrigo R. Schneider \u2013 representado pelo agente de Pol\u00edcia Fabiano Althoff<\/b><\/p>\n<p><b>Agente de Pol\u00edcia Maximiliano Machado Borges<\/b><\/p>\n<p><b>Agente de Pol\u00edcia Mylena Gomes Esp\u00edndola<\/b><\/p>\n<p>10 anos<\/p>\n<p><b>Delegado Gustavo Muniz Siqueira<\/b><\/p>\n<p><b>Escriv\u00e3 De Pol\u00edcia Marayse Oderdenge&nbsp;<\/b><\/p>\n<p><b>Escriv\u00e3o de Pol\u00edcia Bruno Eduardo Schmidt Carvalho<\/b><\/p>\n<p><b>Escriv\u00e3 de Pol\u00edcia Mauane Moro de Mattos&nbsp;<\/b><\/p>\n<p><b>Escriv\u00e3o de Pol\u00edcia Rafael Rocha<\/b><\/p>\n<p>O Diretor da DEIC, delegado Daniel R\u00e9gis, agradeceu e parabenizou o setor de Opera\u00e7\u00f5es (SEOPE) da Delegacia-Geral e aos policiais civis da DEIC que organizaram o evento.<\/p>\n<div>&nbsp;<\/div>\t\t\t\t\t\t\t\t<\/div>\n\t\t\t\t<\/div>\n\t\t\t\t\t<\/div>\n\t\t<\/div>\n\t\t\t\t\t<\/div>\n\t\t<\/section>\n\t\t\t\t<\/div>\n\t\t","protected":false},"excerpt":{"rendered":"<p>DEIC inaugura galeria de ex-diretores e homenageia policiais com 30, 20 e 10 anos de atua\u00e7\u00e3o no servi\u00e7o p\u00fablico A Pol\u00edcia Civil de Santa Catarina inaugurou nesta quarta-feira (21) a galeria de ex-diretores da Diretoria Estadual de Investiga\u00e7\u00f5es Criminais (DEIC) e homenageou policiais civis com 30, 20 e 10 anos de atua\u00e7\u00e3o no servi\u00e7o p\u00fablico. [&hellip;]<\/p>\n","protected":false},"author":5,"featured_media":22763,"comment_status":"closed","ping_status":"open","sticky":false,"template":"","format":"standard","meta":{"_monsterinsights_skip_tracking":false,"_monsterinsights_sitenote_active":false,"_monsterinsights_sitenote_note":"","_monsterinsights_sitenote_category":0,"footnotes":""},"categories":[1],"tags":[],"class_list":["post-22761","post","type-post","status-publish","format-standard","has-post-thumbnail","hentry","category-sem-categoria"],"_links":{"self":[{"href":"https:\/\/pc.sc.gov.br\/index.php?rest_route=\/wp\/v2\/posts\/22761","targetHints":{"allow":["GET"]}}],"collection":[{"href":"https:\/\/pc.sc.gov.br\/index.php?rest_route=\/wp\/v2\/posts"}],"about":[{"href":"https:\/\/pc.sc.gov.br\/index.php?rest_route=\/wp\/v2\/types\/post"}],"author":[{"embeddable":true,"href":"https:\/\/pc.sc.gov.br\/index.php?rest_route=\/wp\/v2\/users\/5"}],"replies":[{"embeddable":true,"href":"https:\/\/pc.sc.gov.br\/index.php?rest_route=%2Fwp%2Fv2%2Fcomments&post=22761"}],"version-history":[{"count":3,"href":"https:\/\/pc.sc.gov.br\/index.php?rest_route=\/wp\/v2\/posts\/22761\/revisions"}],"predecessor-version":[{"id":22766,"href":"https:\/\/pc.sc.gov.br\/index.php?rest_route=\/wp\/v2\/posts\/22761\/revisions\/22766"}],"wp:featuredmedia":[{"embeddable":true,"href":"https:\/\/pc.sc.gov.br\/index.php?rest_route=\/wp\/v2\/media\/22763"}],"wp:attachment":[{"href":"https:\/\/pc.sc.gov.br\/index.php?rest_route=%2Fwp%2Fv2%2Fmedia&parent=22761"}],"wp:term":[{"taxonomy":"category","embeddable":true,"href":"https:\/\/pc.sc.gov.br\/index.php?rest_route=%2Fwp%2Fv2%2Fcategories&post=22761"},{"taxonomy":"post_tag","embeddable":true,"href":"https:\/\/pc.sc.gov.br\/index.php?rest_route=%2Fwp%2Fv2%2Ftags&post=22761"}],"curies":[{"name":"wp","href":"https:\/\/api.w.org\/{rel}","templated":true}]}}