{"id":22771,"date":"2024-08-22T13:48:14","date_gmt":"2024-08-22T16:48:14","guid":{"rendered":"https:\/\/pc.sc.gov.br\/?p=22771"},"modified":"2024-08-22T13:50:46","modified_gmt":"2024-08-22T16:50:46","slug":"operacao-trapaca-pcsc-cumpre-mandados-de-busca-e-apreensao-e-prisao-em-investigacao-sobre-corrupcao-em-licitacoes-em-anita-garibaldi","status":"publish","type":"post","link":"https:\/\/pc.sc.gov.br\/?p=22771","title":{"rendered":"Opera\u00e7\u00e3o \u201cTrapa\u00e7a\u201d: PCSC cumpre mandados de busca e apreens\u00e3o e pris\u00e3o em investiga\u00e7\u00e3o sobre corrup\u00e7\u00e3o em licita\u00e7\u00f5es em Anita Garibaldi"},"content":{"rendered":"\t\t<div data-elementor-type=\"wp-post\" data-elementor-id=\"22771\" class=\"elementor elementor-22771\" data-elementor-post-type=\"post\">\n\t\t\t\t\t\t<section class=\"elementor-section elementor-top-section elementor-element elementor-element-92ec5c9 elementor-section-boxed elementor-section-height-default elementor-section-height-default\" data-id=\"92ec5c9\" data-element_type=\"section\">\n\t\t\t\t\t\t<div class=\"elementor-container elementor-column-gap-default\">\n\t\t\t\t\t<div class=\"elementor-column elementor-col-100 elementor-top-column elementor-element elementor-element-e1a3bd4\" data-id=\"e1a3bd4\" data-element_type=\"column\">\n\t\t\t<div class=\"elementor-widget-wrap elementor-element-populated\">\n\t\t\t\t\t\t<div class=\"elementor-element elementor-element-d90aa69 elementor-widget elementor-widget-heading\" data-id=\"d90aa69\" data-element_type=\"widget\" data-widget_type=\"heading.default\">\n\t\t\t\t<div class=\"elementor-widget-container\">\n\t\t\t\t\t<h2 class=\"elementor-heading-title elementor-size-default\">Opera\u00e7\u00e3o \u201cTrapa\u00e7a\u201d: PCSC cumpre mandados de busca e apreens\u00e3o e pris\u00e3o em investiga\u00e7\u00e3o sobre corrup\u00e7\u00e3o em licita\u00e7\u00f5es em Anita Garibaldi<\/h2>\t\t\t\t<\/div>\n\t\t\t\t<\/div>\n\t\t\t\t\t<\/div>\n\t\t<\/div>\n\t\t\t\t\t<\/div>\n\t\t<\/section>\n\t\t\t\t<section class=\"elementor-section elementor-top-section elementor-element elementor-element-9b31878 elementor-section-boxed elementor-section-height-default elementor-section-height-default\" data-id=\"9b31878\" data-element_type=\"section\">\n\t\t\t\t\t\t<div class=\"elementor-container elementor-column-gap-default\">\n\t\t\t\t\t<div class=\"elementor-column elementor-col-100 elementor-top-column elementor-element elementor-element-6fc2ff0\" data-id=\"6fc2ff0\" data-element_type=\"column\">\n\t\t\t<div class=\"elementor-widget-wrap elementor-element-populated\">\n\t\t\t\t\t\t<div class=\"elementor-element elementor-element-254d1c2 elementor-widget elementor-widget-image\" data-id=\"254d1c2\" data-element_type=\"widget\" data-widget_type=\"image.default\">\n\t\t\t\t<div class=\"elementor-widget-container\">\n\t\t\t\t\t\t\t\t\t\t\t\t\t\t\t<img fetchpriority=\"high\" decoding=\"async\" width=\"696\" height=\"712\" src=\"https:\/\/pc.sc.gov.br\/\/wp-content\/uploads\/2024\/08\/c5b69393-1d88-4fa7-89f3-49aeee8b0913-fotor-20240822134616.jpg\" class=\"attachment-large size-large wp-image-22775\" alt=\"\" srcset=\"https:\/\/pc.sc.gov.br\/\/wp-content\/uploads\/2024\/08\/c5b69393-1d88-4fa7-89f3-49aeee8b0913-fotor-20240822134616.jpg 730w, https:\/\/pc.sc.gov.br\/\/wp-content\/uploads\/2024\/08\/c5b69393-1d88-4fa7-89f3-49aeee8b0913-fotor-20240822134616-293x300.jpg 293w\" sizes=\"(max-width: 696px) 100vw, 696px\" \/>\t\t\t\t\t\t\t\t\t\t\t\t\t\t\t<\/div>\n\t\t\t\t<\/div>\n\t\t\t\t\t<\/div>\n\t\t<\/div>\n\t\t\t\t\t<\/div>\n\t\t<\/section>\n\t\t\t\t<section class=\"elementor-section elementor-top-section elementor-element elementor-element-03215de elementor-section-boxed elementor-section-height-default elementor-section-height-default\" data-id=\"03215de\" data-element_type=\"section\">\n\t\t\t\t\t\t<div class=\"elementor-container elementor-column-gap-default\">\n\t\t\t\t\t<div class=\"elementor-column elementor-col-100 elementor-top-column elementor-element elementor-element-382aa18\" data-id=\"382aa18\" data-element_type=\"column\">\n\t\t\t<div class=\"elementor-widget-wrap elementor-element-populated\">\n\t\t\t\t\t\t<div class=\"elementor-element elementor-element-a3c5030 elementor-widget elementor-widget-text-editor\" data-id=\"a3c5030\" data-element_type=\"widget\" data-widget_type=\"text-editor.default\">\n\t\t\t\t<div class=\"elementor-widget-container\">\n\t\t\t\t\t\t\t\t\t<p>A Pol\u00edcia Civil de Santa Catarina desencadeou nesta quarta-feira (21) a opera\u00e7\u00e3o \u201cTrapa\u00e7a\u201d e deu cumprimento a sete mandados de busca e apreens\u00e3o e um de pris\u00e3o expedidos em investiga\u00e7\u00e3o sobre organiza\u00e7\u00e3o criminosa pelos crimes de fraude em licita\u00e7\u00f5es, falsidade documental e falsidade ideol\u00f3gica.<\/p>\n<p>A opera\u00e7\u00e3o contou com o apoio das 1\u00ba e 2\u00ba Delegacias de Pol\u00edcia, Delegacia de Prote\u00e7\u00e3o \u00e0 Mulher, Crian\u00e7a, Adolescente e Idoso (DPCAMI), Central de Plant\u00e3o Policial (CPP), Delegacias de Policia das Comarcas de Celso Ramos, Abdon Batista, Correia Pinto, Otac\u00edlio Costa, Cerro Negro e Cap\u00e3o Alto. Tamb\u00e9m participaram da opera\u00e7\u00e3o, policiais da Pol\u00edcia Cient\u00edfica.&nbsp;<span style=\"font-family: var( --e-global-typography-primary-font-family ), Sans-serif; font-size: var( --e-global-typography-primary-font-size ); font-weight: var( --e-global-typography-primary-font-weight ); letter-spacing: var( --e-global-typography-primary-letter-spacing );\">Foram mobilizados cerca de 30 policiais e nove viaturas que deram cumprimento a mandados de busca e de pris\u00e3o em diversos endere\u00e7os residenciais, em um escrit\u00f3rio de contabilidade e na Prefeitura de Anita Garibaldi.<\/span><\/p>\n<p>As investiga\u00e7\u00f5es iniciaram ap\u00f3s den\u00fancias de um esquema de fraude em licita\u00e7\u00f5es e desvio de recursos da Prefeitura de Anita Garibaldi. Durante os trabalhos, os policiais identificaram ind\u00edcios de direcionamento do edital e irregularidades em documentos, visando favorecer a empresa vencedora de uma licita\u00e7\u00e3o para fornecimento de merendeiras para \u00f3rg\u00e3os da Prefeitura. Tamb\u00e9m foram identificados os respons\u00e1veis pelo procedimento licitat\u00f3rio e outros envolvidos.&nbsp;<span style=\"font-family: var( --e-global-typography-primary-font-family ), Sans-serif; font-size: var( --e-global-typography-primary-font-size ); font-weight: var( --e-global-typography-primary-font-weight ); letter-spacing: var( --e-global-typography-primary-letter-spacing );\">As investiga\u00e7\u00f5es apontam um desvio de recursos na ordem aproximada de R$ 2 milh\u00f5es apenas em um dos procedimentos de licita\u00e7\u00e3o investigados.<\/span><\/p>\n<p>Durante as buscas, foram apreendidos celulares e documentos, enquanto a Pol\u00edcia Cient\u00edfica realizava a extra\u00e7\u00e3o de dados de computadores dos alvos no escrit\u00f3rio de contabilidade e na Prefeitura.&nbsp;<span style=\"font-family: var( --e-global-typography-primary-font-family ), Sans-serif; font-size: var( --e-global-typography-primary-font-size ); font-weight: var( --e-global-typography-primary-font-weight ); letter-spacing: var( --e-global-typography-primary-letter-spacing );\">Um indiv\u00edduo, considerado pe\u00e7a chave do esquema criminoso foi preso e encaminhado ao sistema penitenci\u00e1rio, onde ficar\u00e1 \u00e0 disposi\u00e7\u00e3o da justi\u00e7a. Outros envolvidos foram conduzidos para a Delegacia de Pol\u00edcia de Anita Garibaldi para prestar depoimentos como testemunhas e interrogar suspeitos.&nbsp;<\/span><span style=\"font-family: var( --e-global-typography-primary-font-family ), Sans-serif; font-size: var( --e-global-typography-primary-font-size ); font-weight: var( --e-global-typography-primary-font-weight ); letter-spacing: var( --e-global-typography-primary-letter-spacing );\">As investiga\u00e7\u00f5es prosseguem para analisar os dados extra\u00eddos dos aparelhos e documentos apreendidos e identificar outros envolvidos.<\/span><span style=\"color: var( --e-global-color-text ); font-family: var( --e-global-typography-primary-font-family ), Sans-serif; font-size: var( --e-global-typography-primary-font-size ); font-weight: var( --e-global-typography-primary-font-weight ); letter-spacing: var( --e-global-typography-primary-letter-spacing );\">&nbsp;<\/span><\/p>\t\t\t\t\t\t\t\t<\/div>\n\t\t\t\t<\/div>\n\t\t\t\t\t<\/div>\n\t\t<\/div>\n\t\t\t\t\t<\/div>\n\t\t<\/section>\n\t\t\t\t<\/div>\n\t\t","protected":false},"excerpt":{"rendered":"<p>Opera\u00e7\u00e3o \u201cTrapa\u00e7a\u201d: PCSC cumpre mandados de busca e apreens\u00e3o e pris\u00e3o em investiga\u00e7\u00e3o sobre corrup\u00e7\u00e3o em licita\u00e7\u00f5es em Anita Garibaldi A Pol\u00edcia Civil de Santa Catarina desencadeou nesta quarta-feira (21) a opera\u00e7\u00e3o \u201cTrapa\u00e7a\u201d e deu cumprimento a sete mandados de busca e apreens\u00e3o e um de pris\u00e3o expedidos em investiga\u00e7\u00e3o sobre organiza\u00e7\u00e3o criminosa pelos crimes [&hellip;]<\/p>\n","protected":false},"author":5,"featured_media":22772,"comment_status":"closed","ping_status":"open","sticky":false,"template":"","format":"standard","meta":{"_monsterinsights_skip_tracking":false,"_monsterinsights_sitenote_active":false,"_monsterinsights_sitenote_note":"","_monsterinsights_sitenote_category":0,"footnotes":""},"categories":[1],"tags":[],"class_list":["post-22771","post","type-post","status-publish","format-standard","has-post-thumbnail","hentry","category-sem-categoria"],"_links":{"self":[{"href":"https:\/\/pc.sc.gov.br\/index.php?rest_route=\/wp\/v2\/posts\/22771","targetHints":{"allow":["GET"]}}],"collection":[{"href":"https:\/\/pc.sc.gov.br\/index.php?rest_route=\/wp\/v2\/posts"}],"about":[{"href":"https:\/\/pc.sc.gov.br\/index.php?rest_route=\/wp\/v2\/types\/post"}],"author":[{"embeddable":true,"href":"https:\/\/pc.sc.gov.br\/index.php?rest_route=\/wp\/v2\/users\/5"}],"replies":[{"embeddable":true,"href":"https:\/\/pc.sc.gov.br\/index.php?rest_route=%2Fwp%2Fv2%2Fcomments&post=22771"}],"version-history":[{"count":4,"href":"https:\/\/pc.sc.gov.br\/index.php?rest_route=\/wp\/v2\/posts\/22771\/revisions"}],"predecessor-version":[{"id":22778,"href":"https:\/\/pc.sc.gov.br\/index.php?rest_route=\/wp\/v2\/posts\/22771\/revisions\/22778"}],"wp:featuredmedia":[{"embeddable":true,"href":"https:\/\/pc.sc.gov.br\/index.php?rest_route=\/wp\/v2\/media\/22772"}],"wp:attachment":[{"href":"https:\/\/pc.sc.gov.br\/index.php?rest_route=%2Fwp%2Fv2%2Fmedia&parent=22771"}],"wp:term":[{"taxonomy":"category","embeddable":true,"href":"https:\/\/pc.sc.gov.br\/index.php?rest_route=%2Fwp%2Fv2%2Fcategories&post=22771"},{"taxonomy":"post_tag","embeddable":true,"href":"https:\/\/pc.sc.gov.br\/index.php?rest_route=%2Fwp%2Fv2%2Ftags&post=22771"}],"curies":[{"name":"wp","href":"https:\/\/api.w.org\/{rel}","templated":true}]}}