{"id":22780,"date":"2024-08-22T14:25:34","date_gmt":"2024-08-22T17:25:34","guid":{"rendered":"https:\/\/pc.sc.gov.br\/?p=22780"},"modified":"2024-08-22T14:41:28","modified_gmt":"2024-08-22T17:41:28","slug":"em-balneario-camboriu-pcsc-prende-traficante-de-cetamina-e-outras-drogas-sinteticas","status":"publish","type":"post","link":"https:\/\/pc.sc.gov.br\/?p=22780","title":{"rendered":"Em Balne\u00e1rio Cambori\u00fa, PCSC prende traficante de cetamina e outras drogas sint\u00e9ticas"},"content":{"rendered":"<style>\/*! elementor - v3.7.8 - 02-10-2022 *\/\n.elementor-heading-title{padding:0;margin:0;line-height:1}.elementor-widget-heading .elementor-heading-title[class*=elementor-size-]>a{color:inherit;font-size:inherit;line-height:inherit}.elementor-widget-heading .elementor-heading-title.elementor-size-small{font-size:15px}.elementor-widget-heading .elementor-heading-title.elementor-size-medium{font-size:19px}.elementor-widget-heading .elementor-heading-title.elementor-size-large{font-size:29px}.elementor-widget-heading .elementor-heading-title.elementor-size-xl{font-size:39px}.elementor-widget-heading .elementor-heading-title.elementor-size-xxl{font-size:59px}<\/style>\n<h2>Em Balne\u00e1rio Cambori\u00fa, PCSC prende traficante de cetamina e outras drogas sint\u00e9ticas<\/h2>\n<style>\/*! elementor - v3.7.8 - 02-10-2022 *\/\n.elementor-widget-image{text-align:center}.elementor-widget-image a{display:inline-block}.elementor-widget-image a img[src$=\".svg\"]{width:48px}.elementor-widget-image img{vertical-align:middle;display:inline-block}<\/style>\n<p>\t\t\t\t\t\t\t\t\t\t\t\t<img loading=\"lazy\" decoding=\"async\" width=\"696\" height=\"392\" src=\"https:\/\/pc.sc.gov.br\/wp-content\/uploads\/2024\/08\/WhatsApp-Image-2024-08-21-at-21.38.25-1024x576.jpeg\" alt=\"\" loading=\"lazy\" srcset=\"https:\/\/pc.sc.gov.br\/wp-content\/uploads\/2024\/08\/WhatsApp-Image-2024-08-21-at-21.38.25-1024x576.jpeg 1024w, https:\/\/pc.sc.gov.br\/wp-content\/uploads\/2024\/08\/WhatsApp-Image-2024-08-21-at-21.38.25-300x169.jpeg 300w, https:\/\/pc.sc.gov.br\/wp-content\/uploads\/2024\/08\/WhatsApp-Image-2024-08-21-at-21.38.25-768x432.jpeg 768w, https:\/\/pc.sc.gov.br\/wp-content\/uploads\/2024\/08\/WhatsApp-Image-2024-08-21-at-21.38.25-1536x864.jpeg 1536w, https:\/\/pc.sc.gov.br\/wp-content\/uploads\/2024\/08\/WhatsApp-Image-2024-08-21-at-21.38.25.jpeg 1599w\" sizes=\"auto, (max-width: 696px) 100vw, 696px\" \/>\t\t\t\t\t\t\t\t\t\t\t\t\t\t\t<\/p>\n<p>A Pol\u00edcia Civil de Santa Catarina, por meio da Delegacia de Investiga\u00e7\u00e3o Criminal (DIC) de Balne\u00e1rio Cambori\u00fa, deflagrou, nesta quarta-feira (21), opera\u00e7\u00e3o para cumprimento de mandado de busca e apreens\u00e3o em investiga\u00e7\u00e3o que apura o tr\u00e1fico de drogas sint\u00e9ticas.<\/p>\n<p>Na resid\u00eancia do investigado, situada no centro de Balne\u00e1rio Cambori\u00fa, foram apreendidas cerca de 135 comprimidos de ecstasy, frascos de anabolizantes e 18 frascos de Cetamina, tamb\u00e9m conhecida como Ketamina ou \u201cSpecial K\u201d. Tamb\u00e9m foram apreendidos material para embalar a droga e dinheiro em esp\u00e9cie.<\/p>\n<p>No momento da chegada dos policiais, o investigado estava realizando o preparo da cetamina para venda. Essa subst\u00e2ncia \u00e9 um analg\u00e9sico usado, sobretudo, em animais e tem um alto risco de letalidade conforme a dose aplicada.&nbsp;Ap\u00f3s a lavratura do auto de pris\u00e3o em flagrante o investigado foi conduzido ao Pres\u00eddio do Vale do Itaja\u00ed.<\/p>\n<p><b>Colabore com a Pol\u00edcia Civil fazendo den\u00fancias pelo telefone 181 ou atrav\u00e9s do WhatsApp, pelo n\u00famero (48)98844-0011. O sigilo \u00e9 absoluto!<\/b><\/p>\n<p>&nbsp;<\/p>\n","protected":false},"excerpt":{"rendered":"<p>Em Balne\u00e1rio Cambori\u00fa, PCSC prende traficante de cetamina e outras drogas sint\u00e9ticas A Pol\u00edcia Civil de Santa Catarina, por meio da Delegacia de Investiga\u00e7\u00e3o Criminal (DIC) de Balne\u00e1rio Cambori\u00fa, deflagrou, nesta quarta-feira (21), opera\u00e7\u00e3o para cumprimento de mandado de busca e apreens\u00e3o em investiga\u00e7\u00e3o que apura o tr\u00e1fico de drogas sint\u00e9ticas. Na resid\u00eancia do investigado, [&hellip;]<\/p>\n","protected":false},"author":5,"featured_media":22781,"comment_status":"closed","ping_status":"open","sticky":false,"template":"","format":"standard","meta":{"_monsterinsights_skip_tracking":false,"_monsterinsights_sitenote_active":false,"_monsterinsights_sitenote_note":"","_monsterinsights_sitenote_category":0,"footnotes":""},"categories":[1],"tags":[],"class_list":["post-22780","post","type-post","status-publish","format-standard","has-post-thumbnail","hentry","category-sem-categoria"],"_links":{"self":[{"href":"https:\/\/pc.sc.gov.br\/index.php?rest_route=\/wp\/v2\/posts\/22780","targetHints":{"allow":["GET"]}}],"collection":[{"href":"https:\/\/pc.sc.gov.br\/index.php?rest_route=\/wp\/v2\/posts"}],"about":[{"href":"https:\/\/pc.sc.gov.br\/index.php?rest_route=\/wp\/v2\/types\/post"}],"author":[{"embeddable":true,"href":"https:\/\/pc.sc.gov.br\/index.php?rest_route=\/wp\/v2\/users\/5"}],"replies":[{"embeddable":true,"href":"https:\/\/pc.sc.gov.br\/index.php?rest_route=%2Fwp%2Fv2%2Fcomments&post=22780"}],"version-history":[{"count":4,"href":"https:\/\/pc.sc.gov.br\/index.php?rest_route=\/wp\/v2\/posts\/22780\/revisions"}],"predecessor-version":[{"id":22785,"href":"https:\/\/pc.sc.gov.br\/index.php?rest_route=\/wp\/v2\/posts\/22780\/revisions\/22785"}],"wp:featuredmedia":[{"embeddable":true,"href":"https:\/\/pc.sc.gov.br\/index.php?rest_route=\/wp\/v2\/media\/22781"}],"wp:attachment":[{"href":"https:\/\/pc.sc.gov.br\/index.php?rest_route=%2Fwp%2Fv2%2Fmedia&parent=22780"}],"wp:term":[{"taxonomy":"category","embeddable":true,"href":"https:\/\/pc.sc.gov.br\/index.php?rest_route=%2Fwp%2Fv2%2Fcategories&post=22780"},{"taxonomy":"post_tag","embeddable":true,"href":"https:\/\/pc.sc.gov.br\/index.php?rest_route=%2Fwp%2Fv2%2Ftags&post=22780"}],"curies":[{"name":"wp","href":"https:\/\/api.w.org\/{rel}","templated":true}]}}