{"id":22786,"date":"2024-08-22T14:54:47","date_gmt":"2024-08-22T17:54:47","guid":{"rendered":"https:\/\/pc.sc.gov.br\/?p=22786"},"modified":"2024-08-22T14:57:07","modified_gmt":"2024-08-22T17:57:07","slug":"pcsc-cumpre-mandados-de-busca-e-apreensao-em-investigacao-que-apura-crimes-de-ameaca-furto-de-gado-e-extorsao-em-celso-ramos","status":"publish","type":"post","link":"https:\/\/pc.sc.gov.br\/?p=22786","title":{"rendered":"PCSC cumpre mandados de busca e apreens\u00e3o em investiga\u00e7\u00e3o que apura crimes de amea\u00e7a, furto de gado e extors\u00e3o em Celso Ramos"},"content":{"rendered":"\t\t<div data-elementor-type=\"wp-post\" data-elementor-id=\"22786\" class=\"elementor elementor-22786\" data-elementor-post-type=\"post\">\n\t\t\t\t\t\t<section class=\"elementor-section elementor-top-section elementor-element elementor-element-253bcb1 elementor-section-boxed elementor-section-height-default elementor-section-height-default\" data-id=\"253bcb1\" data-element_type=\"section\">\n\t\t\t\t\t\t<div class=\"elementor-container elementor-column-gap-default\">\n\t\t\t\t\t<div class=\"elementor-column elementor-col-100 elementor-top-column elementor-element elementor-element-f58171a\" data-id=\"f58171a\" data-element_type=\"column\">\n\t\t\t<div class=\"elementor-widget-wrap elementor-element-populated\">\n\t\t\t\t\t\t<div class=\"elementor-element elementor-element-3ed7ac4 elementor-widget elementor-widget-heading\" data-id=\"3ed7ac4\" data-element_type=\"widget\" data-widget_type=\"heading.default\">\n\t\t\t\t<div class=\"elementor-widget-container\">\n\t\t\t\t\t<h2 class=\"elementor-heading-title elementor-size-default\">PCSC cumpre mandados de busca e apreens\u00e3o em investiga\u00e7\u00e3o que apura crimes de amea\u00e7a, furto de gado e extors\u00e3o em Celso Ramos<\/h2>\t\t\t\t<\/div>\n\t\t\t\t<\/div>\n\t\t\t\t\t<\/div>\n\t\t<\/div>\n\t\t\t\t\t<\/div>\n\t\t<\/section>\n\t\t\t\t<section class=\"elementor-section elementor-top-section elementor-element elementor-element-05bf3e7 elementor-section-boxed elementor-section-height-default elementor-section-height-default\" data-id=\"05bf3e7\" data-element_type=\"section\">\n\t\t\t\t\t\t<div class=\"elementor-container elementor-column-gap-default\">\n\t\t\t\t\t<div class=\"elementor-column elementor-col-100 elementor-top-column elementor-element elementor-element-ba22c17\" data-id=\"ba22c17\" data-element_type=\"column\">\n\t\t\t<div class=\"elementor-widget-wrap elementor-element-populated\">\n\t\t\t\t\t\t<div class=\"elementor-element elementor-element-87a94f2 elementor-widget elementor-widget-image\" data-id=\"87a94f2\" data-element_type=\"widget\" data-widget_type=\"image.default\">\n\t\t\t\t<div class=\"elementor-widget-container\">\n\t\t\t\t\t\t\t\t\t\t\t\t\t\t\t<img fetchpriority=\"high\" decoding=\"async\" width=\"696\" height=\"522\" src=\"https:\/\/pc.sc.gov.br\/\/wp-content\/uploads\/2024\/08\/WhatsApp-Image-2024-08-02-at-16.53.34-1.jpeg\" class=\"attachment-large size-large wp-image-22787\" alt=\"\" srcset=\"https:\/\/pc.sc.gov.br\/\/wp-content\/uploads\/2024\/08\/WhatsApp-Image-2024-08-02-at-16.53.34-1.jpeg 768w, https:\/\/pc.sc.gov.br\/\/wp-content\/uploads\/2024\/08\/WhatsApp-Image-2024-08-02-at-16.53.34-1-300x225.jpeg 300w\" sizes=\"(max-width: 696px) 100vw, 696px\" \/>\t\t\t\t\t\t\t\t\t\t\t\t\t\t\t<\/div>\n\t\t\t\t<\/div>\n\t\t\t\t\t<\/div>\n\t\t<\/div>\n\t\t\t\t\t<\/div>\n\t\t<\/section>\n\t\t\t\t<section class=\"elementor-section elementor-top-section elementor-element elementor-element-b23ca4c elementor-section-boxed elementor-section-height-default elementor-section-height-default\" data-id=\"b23ca4c\" data-element_type=\"section\">\n\t\t\t\t\t\t<div class=\"elementor-container elementor-column-gap-default\">\n\t\t\t\t\t<div class=\"elementor-column elementor-col-100 elementor-top-column elementor-element elementor-element-ff6befe\" data-id=\"ff6befe\" data-element_type=\"column\">\n\t\t\t<div class=\"elementor-widget-wrap elementor-element-populated\">\n\t\t\t\t\t\t<div class=\"elementor-element elementor-element-bb52681 elementor-widget elementor-widget-text-editor\" data-id=\"bb52681\" data-element_type=\"widget\" data-widget_type=\"text-editor.default\">\n\t\t\t\t<div class=\"elementor-widget-container\">\n\t\t\t\t\t\t\t\t\t<p>A Pol\u00edcia Civil de Santa Catarina, por meio da Delegacia de Pol\u00edcia de Celso Ramos, com apoio da Delegacia de Pol\u00edcia de Anita Garibaldi, Campo Belo do Sul, Abdon Batista e Cerro Negro, deu cumprimento nesta quinta-feira (22) a quatro mandados de busca e apreens\u00e3o, expedidos em investiga\u00e7\u00e3o sobre furto de gado, amea\u00e7a e extors\u00e3o ocorridos no Munic\u00edpio de Celso Ramos.<\/p><p>As investiga\u00e7\u00f5es iniciaram ap\u00f3s a v\u00edtima procurar a Delegacia de Pol\u00edcia de Celso Ramos para relatar a subtra\u00e7\u00e3o de gado de sua ch\u00e1cara. Foram encontrados partes do animal e ferramentas que os investigados deixaram no local.<\/p><p>Os policiais identificaram suspeitos e constataram que estavam fazendo intimida\u00e7\u00f5es por meio de redes sociais e amea\u00e7as veladas \u00e0 v\u00edtima. Ainda, buscavam obter vantagem patrimonial indevida, sob pretexto de fazer a vigil\u00e2ncia da comunidade local para evitar furtos. Foi representado pela expedi\u00e7\u00e3o de mandados de busca e apreens\u00e3o, sendo deferidos os pedidos.<\/p><p>Cumpridas as buscas, os policiais localizaram dois rifles, uma espingarda, uma pistola e uma arma modificada al\u00e9m de muni\u00e7\u00f5es de diversos calibres. Um indiv\u00edduo foi preso em flagrante, sendo autuado por posse ilegal de arma de fogo e liberado ap\u00f3s pagamento de fian\u00e7a.<\/p><p>Encerrados os trabalhos, o material ser\u00e1 encaminhado para a Pol\u00edcia Cient\u00edfica para exames periciais. As investiga\u00e7\u00f5es prosseguem para analisar os objetos apreendidos.<\/p>\t\t\t\t\t\t\t\t<\/div>\n\t\t\t\t<\/div>\n\t\t\t\t\t<\/div>\n\t\t<\/div>\n\t\t\t\t\t<\/div>\n\t\t<\/section>\n\t\t\t\t<\/div>\n\t\t","protected":false},"excerpt":{"rendered":"<p>PCSC cumpre mandados de busca e apreens\u00e3o em investiga\u00e7\u00e3o que apura crimes de amea\u00e7a, furto de gado e extors\u00e3o em Celso Ramos A Pol\u00edcia Civil de Santa Catarina, por meio da Delegacia de Pol\u00edcia de Celso Ramos, com apoio da Delegacia de Pol\u00edcia de Anita Garibaldi, Campo Belo do Sul, Abdon Batista e Cerro Negro, [&hellip;]<\/p>\n","protected":false},"author":5,"featured_media":22787,"comment_status":"closed","ping_status":"open","sticky":false,"template":"","format":"standard","meta":{"_monsterinsights_skip_tracking":false,"_monsterinsights_sitenote_active":false,"_monsterinsights_sitenote_note":"","_monsterinsights_sitenote_category":0,"footnotes":""},"categories":[1],"tags":[],"class_list":["post-22786","post","type-post","status-publish","format-standard","has-post-thumbnail","hentry","category-sem-categoria"],"_links":{"self":[{"href":"https:\/\/pc.sc.gov.br\/index.php?rest_route=\/wp\/v2\/posts\/22786","targetHints":{"allow":["GET"]}}],"collection":[{"href":"https:\/\/pc.sc.gov.br\/index.php?rest_route=\/wp\/v2\/posts"}],"about":[{"href":"https:\/\/pc.sc.gov.br\/index.php?rest_route=\/wp\/v2\/types\/post"}],"author":[{"embeddable":true,"href":"https:\/\/pc.sc.gov.br\/index.php?rest_route=\/wp\/v2\/users\/5"}],"replies":[{"embeddable":true,"href":"https:\/\/pc.sc.gov.br\/index.php?rest_route=%2Fwp%2Fv2%2Fcomments&post=22786"}],"version-history":[{"count":3,"href":"https:\/\/pc.sc.gov.br\/index.php?rest_route=\/wp\/v2\/posts\/22786\/revisions"}],"predecessor-version":[{"id":22790,"href":"https:\/\/pc.sc.gov.br\/index.php?rest_route=\/wp\/v2\/posts\/22786\/revisions\/22790"}],"wp:featuredmedia":[{"embeddable":true,"href":"https:\/\/pc.sc.gov.br\/index.php?rest_route=\/wp\/v2\/media\/22787"}],"wp:attachment":[{"href":"https:\/\/pc.sc.gov.br\/index.php?rest_route=%2Fwp%2Fv2%2Fmedia&parent=22786"}],"wp:term":[{"taxonomy":"category","embeddable":true,"href":"https:\/\/pc.sc.gov.br\/index.php?rest_route=%2Fwp%2Fv2%2Fcategories&post=22786"},{"taxonomy":"post_tag","embeddable":true,"href":"https:\/\/pc.sc.gov.br\/index.php?rest_route=%2Fwp%2Fv2%2Ftags&post=22786"}],"curies":[{"name":"wp","href":"https:\/\/api.w.org\/{rel}","templated":true}]}}