{"id":22791,"date":"2024-08-22T16:39:22","date_gmt":"2024-08-22T19:39:22","guid":{"rendered":"https:\/\/pc.sc.gov.br\/?p=22791"},"modified":"2024-08-22T16:40:13","modified_gmt":"2024-08-22T19:40:13","slug":"pcsc-deflagra-operacao-contra-associacao-criminosa-em-investigacao-sobre-trafico-de-drogas-em-balneario-camboriu-e-regiao","status":"publish","type":"post","link":"https:\/\/pc.sc.gov.br\/?p=22791","title":{"rendered":"PCSC deflagra opera\u00e7\u00e3o contra associa\u00e7\u00e3o criminosa em investiga\u00e7\u00e3o sobre tr\u00e1fico de drogas em Balne\u00e1rio Cambori\u00fa e regi\u00e3o"},"content":{"rendered":"\t\t<div data-elementor-type=\"wp-post\" data-elementor-id=\"22791\" class=\"elementor elementor-22791\" data-elementor-post-type=\"post\">\n\t\t\t\t\t\t<section class=\"elementor-section elementor-top-section elementor-element elementor-element-67bbf53 elementor-section-boxed elementor-section-height-default elementor-section-height-default\" data-id=\"67bbf53\" data-element_type=\"section\">\n\t\t\t\t\t\t<div class=\"elementor-container elementor-column-gap-default\">\n\t\t\t\t\t<div class=\"elementor-column elementor-col-100 elementor-top-column elementor-element elementor-element-1a16b8b\" data-id=\"1a16b8b\" data-element_type=\"column\">\n\t\t\t<div class=\"elementor-widget-wrap elementor-element-populated\">\n\t\t\t\t\t\t<div class=\"elementor-element elementor-element-29b0f0e elementor-widget elementor-widget-heading\" data-id=\"29b0f0e\" data-element_type=\"widget\" data-widget_type=\"heading.default\">\n\t\t\t\t<div class=\"elementor-widget-container\">\n\t\t\t\t\t<h2 class=\"elementor-heading-title elementor-size-default\">PCSC deflagra opera\u00e7\u00e3o contra associa\u00e7\u00e3o criminosa em investiga\u00e7\u00e3o sobre tr\u00e1fico de drogas em Balne\u00e1rio Cambori\u00fa e regi\u00e3o<\/h2>\t\t\t\t<\/div>\n\t\t\t\t<\/div>\n\t\t\t\t\t<\/div>\n\t\t<\/div>\n\t\t\t\t\t<\/div>\n\t\t<\/section>\n\t\t\t\t<section class=\"elementor-section elementor-top-section elementor-element elementor-element-f51fc7c elementor-section-boxed elementor-section-height-default elementor-section-height-default\" data-id=\"f51fc7c\" data-element_type=\"section\">\n\t\t\t\t\t\t<div class=\"elementor-container elementor-column-gap-default\">\n\t\t\t\t\t<div class=\"elementor-column elementor-col-100 elementor-top-column elementor-element elementor-element-3b52bfe\" data-id=\"3b52bfe\" data-element_type=\"column\">\n\t\t\t<div class=\"elementor-widget-wrap elementor-element-populated\">\n\t\t\t\t\t\t<div class=\"elementor-element elementor-element-ba10006 elementor-widget elementor-widget-image\" data-id=\"ba10006\" data-element_type=\"widget\" data-widget_type=\"image.default\">\n\t\t\t\t<div class=\"elementor-widget-container\">\n\t\t\t\t\t\t\t\t\t\t\t\t\t\t\t<img fetchpriority=\"high\" decoding=\"async\" width=\"696\" height=\"392\" src=\"https:\/\/pc.sc.gov.br\/\/wp-content\/uploads\/2024\/08\/WhatsApp-Image-2024-08-22-at-16.00.01-1024x576.jpeg\" class=\"attachment-large size-large wp-image-22792\" alt=\"\" srcset=\"https:\/\/pc.sc.gov.br\/\/wp-content\/uploads\/2024\/08\/WhatsApp-Image-2024-08-22-at-16.00.01-1024x576.jpeg 1024w, https:\/\/pc.sc.gov.br\/\/wp-content\/uploads\/2024\/08\/WhatsApp-Image-2024-08-22-at-16.00.01-300x169.jpeg 300w, https:\/\/pc.sc.gov.br\/\/wp-content\/uploads\/2024\/08\/WhatsApp-Image-2024-08-22-at-16.00.01-768x432.jpeg 768w, https:\/\/pc.sc.gov.br\/\/wp-content\/uploads\/2024\/08\/WhatsApp-Image-2024-08-22-at-16.00.01-1536x864.jpeg 1536w, https:\/\/pc.sc.gov.br\/\/wp-content\/uploads\/2024\/08\/WhatsApp-Image-2024-08-22-at-16.00.01.jpeg 1599w\" sizes=\"(max-width: 696px) 100vw, 696px\" \/>\t\t\t\t\t\t\t\t\t\t\t\t\t\t\t<\/div>\n\t\t\t\t<\/div>\n\t\t\t\t\t<\/div>\n\t\t<\/div>\n\t\t\t\t\t<\/div>\n\t\t<\/section>\n\t\t\t\t<section class=\"elementor-section elementor-top-section elementor-element elementor-element-ccc8add elementor-section-boxed elementor-section-height-default elementor-section-height-default\" data-id=\"ccc8add\" data-element_type=\"section\">\n\t\t\t\t\t\t<div class=\"elementor-container elementor-column-gap-default\">\n\t\t\t\t\t<div class=\"elementor-column elementor-col-100 elementor-top-column elementor-element elementor-element-7a7047b\" data-id=\"7a7047b\" data-element_type=\"column\">\n\t\t\t<div class=\"elementor-widget-wrap elementor-element-populated\">\n\t\t\t\t\t\t<div class=\"elementor-element elementor-element-93d912d elementor-widget elementor-widget-text-editor\" data-id=\"93d912d\" data-element_type=\"widget\" data-widget_type=\"text-editor.default\">\n\t\t\t\t<div class=\"elementor-widget-container\">\n\t\t\t\t\t\t\t\t\t<p>A Pol\u00edcia Civil de Santa Catarina, por meio da Delegacia de Investiga\u00e7\u00f5es Criminais de Balne\u00e1rio Cambori\u00fa, com apoio das DPCOs de Balne\u00e1rio Cambori\u00fa e Cambori\u00fa, na manh\u00e3 desta quinta-feira (22) deflagrou opera\u00e7\u00e3o para cumprimento de 02 mandados de pris\u00e3o e 02 de busca e apreens\u00e3o em investiga\u00e7\u00e3o que apurava o tr\u00e1fico de drogas realizado por um trio de indiv\u00edduos na cidade de Balne\u00e1rio Cambori\u00fa e adjac\u00eancias.<\/p>\n<p>A opera\u00e7\u00e3o \u00e9 desdobramento da pris\u00e3o de um dos integrantes do grupo criminoso ocorrida no dia 10\/06\/2024. Na ocasi\u00e3o foram apreendidas grandes quantidades de maconha, coca\u00edna e crack. Como apurado, as drogas pertenceriam a outros dois homens, sendo o preso o respons\u00e1vel por armazenar e fazer as entregas das subst\u00e2ncias il\u00edcitas, conforme determina\u00e7\u00e3o dos dois l\u00edderes.<\/p>\n<p>Dessa vez, os alvos dos mandados foram esses dois l\u00edderes do grupo, cujas resid\u00eancias eram situadas nas cidades de Cambori\u00fa e Itapema. Na resid\u00eancia de um dos suspeitos, situada em Cambori\u00fa, foi apreendido uma pequena quantidade de maconha, material para pesar e embalar as drogas, al\u00e9m de diversas anota\u00e7\u00f5es com a contabilidade do tr\u00e1fico.<\/p>\n<p>A investiga\u00e7\u00e3o agora entra em sua fase final com an\u00e1lise do material apreendido e encaminhamento do inqu\u00e9rito policial ao Poder Judici\u00e1rio.&nbsp;&nbsp;<\/p>\n<p><b>Colabore com a Pol\u00edcia Civil fazendo den\u00fancias pelo telefone 181 ou atrav\u00e9s do WhatsApp, pelo n\u00famero (48)98844-0011. O sigilo \u00e9 absoluto!<\/b><\/p>\n<div>&nbsp;<\/div>\t\t\t\t\t\t\t\t<\/div>\n\t\t\t\t<\/div>\n\t\t\t\t\t<\/div>\n\t\t<\/div>\n\t\t\t\t\t<\/div>\n\t\t<\/section>\n\t\t\t\t<\/div>\n\t\t","protected":false},"excerpt":{"rendered":"<p>PCSC deflagra opera\u00e7\u00e3o contra associa\u00e7\u00e3o criminosa em investiga\u00e7\u00e3o sobre tr\u00e1fico de drogas em Balne\u00e1rio Cambori\u00fa e regi\u00e3o A Pol\u00edcia Civil de Santa Catarina, por meio da Delegacia de Investiga\u00e7\u00f5es Criminais de Balne\u00e1rio Cambori\u00fa, com apoio das DPCOs de Balne\u00e1rio Cambori\u00fa e Cambori\u00fa, na manh\u00e3 desta quinta-feira (22) deflagrou opera\u00e7\u00e3o para cumprimento de 02 mandados de [&hellip;]<\/p>\n","protected":false},"author":5,"featured_media":22792,"comment_status":"closed","ping_status":"open","sticky":false,"template":"","format":"standard","meta":{"_monsterinsights_skip_tracking":false,"_monsterinsights_sitenote_active":false,"_monsterinsights_sitenote_note":"","_monsterinsights_sitenote_category":0,"footnotes":""},"categories":[1],"tags":[],"class_list":["post-22791","post","type-post","status-publish","format-standard","has-post-thumbnail","hentry","category-sem-categoria"],"_links":{"self":[{"href":"https:\/\/pc.sc.gov.br\/index.php?rest_route=\/wp\/v2\/posts\/22791","targetHints":{"allow":["GET"]}}],"collection":[{"href":"https:\/\/pc.sc.gov.br\/index.php?rest_route=\/wp\/v2\/posts"}],"about":[{"href":"https:\/\/pc.sc.gov.br\/index.php?rest_route=\/wp\/v2\/types\/post"}],"author":[{"embeddable":true,"href":"https:\/\/pc.sc.gov.br\/index.php?rest_route=\/wp\/v2\/users\/5"}],"replies":[{"embeddable":true,"href":"https:\/\/pc.sc.gov.br\/index.php?rest_route=%2Fwp%2Fv2%2Fcomments&post=22791"}],"version-history":[{"count":7,"href":"https:\/\/pc.sc.gov.br\/index.php?rest_route=\/wp\/v2\/posts\/22791\/revisions"}],"predecessor-version":[{"id":22799,"href":"https:\/\/pc.sc.gov.br\/index.php?rest_route=\/wp\/v2\/posts\/22791\/revisions\/22799"}],"wp:featuredmedia":[{"embeddable":true,"href":"https:\/\/pc.sc.gov.br\/index.php?rest_route=\/wp\/v2\/media\/22792"}],"wp:attachment":[{"href":"https:\/\/pc.sc.gov.br\/index.php?rest_route=%2Fwp%2Fv2%2Fmedia&parent=22791"}],"wp:term":[{"taxonomy":"category","embeddable":true,"href":"https:\/\/pc.sc.gov.br\/index.php?rest_route=%2Fwp%2Fv2%2Fcategories&post=22791"},{"taxonomy":"post_tag","embeddable":true,"href":"https:\/\/pc.sc.gov.br\/index.php?rest_route=%2Fwp%2Fv2%2Ftags&post=22791"}],"curies":[{"name":"wp","href":"https:\/\/api.w.org\/{rel}","templated":true}]}}