{"id":22801,"date":"2024-08-22T17:20:18","date_gmt":"2024-08-22T20:20:18","guid":{"rendered":"https:\/\/pc.sc.gov.br\/?p=22801"},"modified":"2024-08-22T17:22:25","modified_gmt":"2024-08-22T20:22:25","slug":"em-itajai-acao-conjunta-entre-pcsc-pmsc-e-guarda-municipal-cumpre-mandados-de-busca-e-apreensao-em-investigacao-sobre-furto-de-fios","status":"publish","type":"post","link":"https:\/\/pc.sc.gov.br\/?p=22801","title":{"rendered":"Em Itaja\u00ed, a\u00e7\u00e3o conjunta entre PCSC, PMSC e Guarda Municipal cumpre mandados de busca e apreens\u00e3o em investiga\u00e7\u00e3o sobre furto de fios"},"content":{"rendered":"\t\t<div data-elementor-type=\"wp-post\" data-elementor-id=\"22801\" class=\"elementor elementor-22801\" data-elementor-post-type=\"post\">\n\t\t\t\t\t\t<section class=\"elementor-section elementor-top-section elementor-element elementor-element-f263fa6 elementor-section-boxed elementor-section-height-default elementor-section-height-default\" data-id=\"f263fa6\" data-element_type=\"section\">\n\t\t\t\t\t\t<div class=\"elementor-container elementor-column-gap-default\">\n\t\t\t\t\t<div class=\"elementor-column elementor-col-100 elementor-top-column elementor-element elementor-element-e79c6bc\" data-id=\"e79c6bc\" data-element_type=\"column\">\n\t\t\t<div class=\"elementor-widget-wrap elementor-element-populated\">\n\t\t\t\t\t\t<div class=\"elementor-element elementor-element-576823c elementor-widget elementor-widget-heading\" data-id=\"576823c\" data-element_type=\"widget\" data-widget_type=\"heading.default\">\n\t\t\t\t<div class=\"elementor-widget-container\">\n\t\t\t\t\t<h2 class=\"elementor-heading-title elementor-size-default\">Em Itaja\u00ed, a\u00e7\u00e3o conjunta entre PCSC, PMSC e Guarda Municipal cumpre mandados de busca e apreens\u00e3o em investiga\u00e7\u00e3o sobre furto de fios<\/h2>\t\t\t\t<\/div>\n\t\t\t\t<\/div>\n\t\t\t\t\t<\/div>\n\t\t<\/div>\n\t\t\t\t\t<\/div>\n\t\t<\/section>\n\t\t\t\t<section class=\"elementor-section elementor-top-section elementor-element elementor-element-3176ef5 elementor-section-boxed elementor-section-height-default elementor-section-height-default\" data-id=\"3176ef5\" data-element_type=\"section\">\n\t\t\t\t\t\t<div class=\"elementor-container elementor-column-gap-default\">\n\t\t\t\t\t<div class=\"elementor-column elementor-col-100 elementor-top-column elementor-element elementor-element-dea87a4\" data-id=\"dea87a4\" data-element_type=\"column\">\n\t\t\t<div class=\"elementor-widget-wrap elementor-element-populated\">\n\t\t\t\t\t\t<div class=\"elementor-element elementor-element-5b630b3 elementor-widget elementor-widget-image\" data-id=\"5b630b3\" data-element_type=\"widget\" data-widget_type=\"image.default\">\n\t\t\t\t<div class=\"elementor-widget-container\">\n\t\t\t\t\t\t\t\t\t\t\t\t\t\t\t<img fetchpriority=\"high\" decoding=\"async\" width=\"696\" height=\"672\" src=\"https:\/\/pc.sc.gov.br\/\/wp-content\/uploads\/2024\/08\/7d1c22e2-39b9-4526-ae0f-69745269ee1e-fotor-20240822171035.jpg\" class=\"attachment-large size-large wp-image-22803\" alt=\"\" srcset=\"https:\/\/pc.sc.gov.br\/\/wp-content\/uploads\/2024\/08\/7d1c22e2-39b9-4526-ae0f-69745269ee1e-fotor-20240822171035.jpg 899w, https:\/\/pc.sc.gov.br\/\/wp-content\/uploads\/2024\/08\/7d1c22e2-39b9-4526-ae0f-69745269ee1e-fotor-20240822171035-300x290.jpg 300w, https:\/\/pc.sc.gov.br\/\/wp-content\/uploads\/2024\/08\/7d1c22e2-39b9-4526-ae0f-69745269ee1e-fotor-20240822171035-768x742.jpg 768w\" sizes=\"(max-width: 696px) 100vw, 696px\" \/>\t\t\t\t\t\t\t\t\t\t\t\t\t\t\t<\/div>\n\t\t\t\t<\/div>\n\t\t\t\t\t<\/div>\n\t\t<\/div>\n\t\t\t\t\t<\/div>\n\t\t<\/section>\n\t\t\t\t<section class=\"elementor-section elementor-top-section elementor-element elementor-element-185be51 elementor-section-boxed elementor-section-height-default elementor-section-height-default\" data-id=\"185be51\" data-element_type=\"section\">\n\t\t\t\t\t\t<div class=\"elementor-container elementor-column-gap-default\">\n\t\t\t\t\t<div class=\"elementor-column elementor-col-100 elementor-top-column elementor-element elementor-element-5200f02\" data-id=\"5200f02\" data-element_type=\"column\">\n\t\t\t<div class=\"elementor-widget-wrap elementor-element-populated\">\n\t\t\t\t\t\t<div class=\"elementor-element elementor-element-49dc58b elementor-widget elementor-widget-text-editor\" data-id=\"49dc58b\" data-element_type=\"widget\" data-widget_type=\"text-editor.default\">\n\t\t\t\t<div class=\"elementor-widget-container\">\n\t\t\t\t\t\t\t\t\t<p>Em cumprimento a cinco Mandados de Busca e Apreens\u00e3o expedidos pela Vara de Garantias de Itaja\u00ed, a Pol\u00edcia Civil de Santa Catarina coordenou a\u00e7\u00e3o conjunta com a Pol\u00edcia Militar e a Guarda Municipal de Itaja\u00ed e demais \u00f3rg\u00e3os para fiscalizar estabelecimentos comerciais suspeitos de receptar material produto de furtos ocorridos na cidade.\u00a0<\/p><p>Esse material, principalmente cobre de fia\u00e7\u00e3o el\u00e9trica e telef\u00f4nica, seria comercializado por usu\u00e1rios de drogas que negociam com propriet\u00e1rios dos estabelecimentos investigados a fim e obter meios financeiros de sustentar o v\u00edcio.\u00a0<\/p><p>O Inqu\u00e9rito Policial continua tramitando na 2\u00aa DP de Itaja\u00ed, instru\u00eddo com as novas informa\u00e7\u00f5es obtidas a fim de identificar todos os envolvidos numa rede de com\u00e9rcio ilegal que prejudica o funcionamento e o fornecimento de servi\u00e7os para a popula\u00e7\u00e3o.<\/p>\t\t\t\t\t\t\t\t<\/div>\n\t\t\t\t<\/div>\n\t\t\t\t\t<\/div>\n\t\t<\/div>\n\t\t\t\t\t<\/div>\n\t\t<\/section>\n\t\t\t\t<\/div>\n\t\t","protected":false},"excerpt":{"rendered":"<p>Em Itaja\u00ed, a\u00e7\u00e3o conjunta entre PCSC, PMSC e Guarda Municipal cumpre mandados de busca e apreens\u00e3o em investiga\u00e7\u00e3o sobre furto de fios Em cumprimento a cinco Mandados de Busca e Apreens\u00e3o expedidos pela Vara de Garantias de Itaja\u00ed, a Pol\u00edcia Civil de Santa Catarina coordenou a\u00e7\u00e3o conjunta com a Pol\u00edcia Militar e a Guarda Municipal [&hellip;]<\/p>\n","protected":false},"author":5,"featured_media":22802,"comment_status":"closed","ping_status":"open","sticky":false,"template":"","format":"standard","meta":{"_monsterinsights_skip_tracking":false,"_monsterinsights_sitenote_active":false,"_monsterinsights_sitenote_note":"","_monsterinsights_sitenote_category":0,"footnotes":""},"categories":[1],"tags":[],"class_list":["post-22801","post","type-post","status-publish","format-standard","has-post-thumbnail","hentry","category-sem-categoria"],"_links":{"self":[{"href":"https:\/\/pc.sc.gov.br\/index.php?rest_route=\/wp\/v2\/posts\/22801","targetHints":{"allow":["GET"]}}],"collection":[{"href":"https:\/\/pc.sc.gov.br\/index.php?rest_route=\/wp\/v2\/posts"}],"about":[{"href":"https:\/\/pc.sc.gov.br\/index.php?rest_route=\/wp\/v2\/types\/post"}],"author":[{"embeddable":true,"href":"https:\/\/pc.sc.gov.br\/index.php?rest_route=\/wp\/v2\/users\/5"}],"replies":[{"embeddable":true,"href":"https:\/\/pc.sc.gov.br\/index.php?rest_route=%2Fwp%2Fv2%2Fcomments&post=22801"}],"version-history":[{"count":3,"href":"https:\/\/pc.sc.gov.br\/index.php?rest_route=\/wp\/v2\/posts\/22801\/revisions"}],"predecessor-version":[{"id":22806,"href":"https:\/\/pc.sc.gov.br\/index.php?rest_route=\/wp\/v2\/posts\/22801\/revisions\/22806"}],"wp:featuredmedia":[{"embeddable":true,"href":"https:\/\/pc.sc.gov.br\/index.php?rest_route=\/wp\/v2\/media\/22802"}],"wp:attachment":[{"href":"https:\/\/pc.sc.gov.br\/index.php?rest_route=%2Fwp%2Fv2%2Fmedia&parent=22801"}],"wp:term":[{"taxonomy":"category","embeddable":true,"href":"https:\/\/pc.sc.gov.br\/index.php?rest_route=%2Fwp%2Fv2%2Fcategories&post=22801"},{"taxonomy":"post_tag","embeddable":true,"href":"https:\/\/pc.sc.gov.br\/index.php?rest_route=%2Fwp%2Fv2%2Ftags&post=22801"}],"curies":[{"name":"wp","href":"https:\/\/api.w.org\/{rel}","templated":true}]}}