{"id":22808,"date":"2024-08-23T13:08:08","date_gmt":"2024-08-23T16:08:08","guid":{"rendered":"https:\/\/pc.sc.gov.br\/?p=22808"},"modified":"2024-08-23T13:08:42","modified_gmt":"2024-08-23T16:08:42","slug":"policia-civil-inaugura-sala-lilas-em-sao-lourenco-do-oeste","status":"publish","type":"post","link":"https:\/\/pc.sc.gov.br\/?p=22808","title":{"rendered":"Pol\u00edcia Civil inaugura Sala Lil\u00e1s em S\u00e3o Louren\u00e7o do Oeste"},"content":{"rendered":"\t\t<div data-elementor-type=\"wp-post\" data-elementor-id=\"22808\" class=\"elementor elementor-22808\" data-elementor-post-type=\"post\">\n\t\t\t\t\t\t<section class=\"elementor-section elementor-top-section elementor-element elementor-element-556e6cc elementor-section-boxed elementor-section-height-default elementor-section-height-default\" data-id=\"556e6cc\" data-element_type=\"section\">\n\t\t\t\t\t\t<div class=\"elementor-container elementor-column-gap-default\">\n\t\t\t\t\t<div class=\"elementor-column elementor-col-100 elementor-top-column elementor-element elementor-element-bd88aa7\" data-id=\"bd88aa7\" data-element_type=\"column\">\n\t\t\t<div class=\"elementor-widget-wrap elementor-element-populated\">\n\t\t\t\t\t\t<div class=\"elementor-element elementor-element-d2cdefe elementor-widget elementor-widget-heading\" data-id=\"d2cdefe\" data-element_type=\"widget\" data-widget_type=\"heading.default\">\n\t\t\t\t<div class=\"elementor-widget-container\">\n\t\t\t\t\t<h2 class=\"elementor-heading-title elementor-size-default\">Pol\u00edcia Civil inaugura Sala Lil\u00e1s em S\u00e3o Louren\u00e7o do Oeste<\/h2>\t\t\t\t<\/div>\n\t\t\t\t<\/div>\n\t\t\t\t\t<\/div>\n\t\t<\/div>\n\t\t\t\t\t<\/div>\n\t\t<\/section>\n\t\t\t\t<section class=\"elementor-section elementor-top-section elementor-element elementor-element-13033a0 elementor-section-boxed elementor-section-height-default elementor-section-height-default\" data-id=\"13033a0\" data-element_type=\"section\">\n\t\t\t\t\t\t<div class=\"elementor-container elementor-column-gap-default\">\n\t\t\t\t\t<div class=\"elementor-column elementor-col-100 elementor-top-column elementor-element elementor-element-eddccc7\" data-id=\"eddccc7\" data-element_type=\"column\">\n\t\t\t<div class=\"elementor-widget-wrap elementor-element-populated\">\n\t\t\t\t\t\t<div class=\"elementor-element elementor-element-b2e1760 elementor-widget elementor-widget-image\" data-id=\"b2e1760\" data-element_type=\"widget\" data-widget_type=\"image.default\">\n\t\t\t\t<div class=\"elementor-widget-container\">\n\t\t\t\t\t\t\t\t\t\t\t\t\t\t\t<img fetchpriority=\"high\" decoding=\"async\" width=\"696\" height=\"522\" src=\"https:\/\/pc.sc.gov.br\/\/wp-content\/uploads\/2024\/08\/WhatsApp-Image-2024-08-23-at-12.59.44-1-1024x768.jpeg\" class=\"attachment-large size-large wp-image-22809\" alt=\"\" srcset=\"https:\/\/pc.sc.gov.br\/\/wp-content\/uploads\/2024\/08\/WhatsApp-Image-2024-08-23-at-12.59.44-1-1024x768.jpeg 1024w, https:\/\/pc.sc.gov.br\/\/wp-content\/uploads\/2024\/08\/WhatsApp-Image-2024-08-23-at-12.59.44-1-300x225.jpeg 300w, https:\/\/pc.sc.gov.br\/\/wp-content\/uploads\/2024\/08\/WhatsApp-Image-2024-08-23-at-12.59.44-1-768x576.jpeg 768w, https:\/\/pc.sc.gov.br\/\/wp-content\/uploads\/2024\/08\/WhatsApp-Image-2024-08-23-at-12.59.44-1-1536x1152.jpeg 1536w, https:\/\/pc.sc.gov.br\/\/wp-content\/uploads\/2024\/08\/WhatsApp-Image-2024-08-23-at-12.59.44-1.jpeg 1600w\" sizes=\"(max-width: 696px) 100vw, 696px\" \/>\t\t\t\t\t\t\t\t\t\t\t\t\t\t\t<\/div>\n\t\t\t\t<\/div>\n\t\t\t\t\t<\/div>\n\t\t<\/div>\n\t\t\t\t\t<\/div>\n\t\t<\/section>\n\t\t\t\t<section class=\"elementor-section elementor-top-section elementor-element elementor-element-295d53f elementor-section-boxed elementor-section-height-default elementor-section-height-default\" data-id=\"295d53f\" data-element_type=\"section\">\n\t\t\t\t\t\t<div class=\"elementor-container elementor-column-gap-default\">\n\t\t\t\t\t<div class=\"elementor-column elementor-col-100 elementor-top-column elementor-element elementor-element-e14f0f6\" data-id=\"e14f0f6\" data-element_type=\"column\">\n\t\t\t<div class=\"elementor-widget-wrap elementor-element-populated\">\n\t\t\t\t\t\t<div class=\"elementor-element elementor-element-46002eb elementor-widget elementor-widget-text-editor\" data-id=\"46002eb\" data-element_type=\"widget\" data-widget_type=\"text-editor.default\">\n\t\t\t\t<div class=\"elementor-widget-container\">\n\t\t\t\t\t\t\t\t\t<p>A Pol\u00edcia Civil de Santa Catarina inaugurou, na tarde desta quinta-feira (22\/08), a Sala Lil\u00e1s na Delegacia de Prote\u00e7\u00e3o \u00e0 Crian\u00e7a, ao Adolescente, \u00e0 Mulher e ao Idoso (DPCAMI) em S\u00e3o Louren\u00e7o do Oeste. A Sala Lil\u00e1s \u00e9 um espa\u00e7o acolhedor para que as v\u00edtimas de viol\u00eancia preservem sua integridade f\u00edsica, ps\u00edquica e emocional, levando em considera\u00e7\u00e3o a condi\u00e7\u00e3o de pessoa em situa\u00e7\u00e3o de viol\u00eancia dom\u00e9stica e familiar.<\/p><p>Na oportunidade, a Pol\u00edcia Civil anunciou um projeto de coopera\u00e7\u00e3o entre a Unochapec\u00f3 e a DPCAMI. O projeto prev\u00ea atendimento \u00e0s v\u00edtimas encaminhadas pela delegacia para a cl\u00ednica integrada de sa\u00fade da UNO S\u00e3o Louren\u00e7o, por meio da Cl\u00ednica Escola de Psicologia. A a\u00e7\u00e3o vai oferecer um suporte ainda maior na recupera\u00e7\u00e3o emocional, no fortalecimento da autoestima e no apoio nas tomadas de decis\u00f5es.<\/p><p>A instala\u00e7\u00e3o da Sala Lil\u00e1s da DPCAMI-Fron\/SLO ocorreu com apoio do Poder Judici\u00e1rio e do Minist\u00e9rio P\u00fablico, por interm\u00e9dio do CONSEG. A solenidade contou com a presen\u00e7a do Delegado-Geral Adjunto da Pol\u00edcia Civil de SC, Nilson Luis de Oliveira Cezar; do Diretor de Pol\u00edcia da Fronteira, Fernando Callfass; do Delegado Regional da 28\u00aa DRP de S\u00e3o Louren\u00e7o do Oeste, Wilherm Negr\u00e3o; do Delegado da DPCAMI de S\u00e3o Louren\u00e7o do Oeste, Ricardo Melo; da Ju\u00edza de Direito Adriana Restum; do Promotor de Justi\u00e7a Mateus Gomes; e demais autoridades e convidados.<\/p>\t\t\t\t\t\t\t\t<\/div>\n\t\t\t\t<\/div>\n\t\t\t\t\t<\/div>\n\t\t<\/div>\n\t\t\t\t\t<\/div>\n\t\t<\/section>\n\t\t\t\t<section class=\"elementor-section elementor-top-section elementor-element elementor-element-b5db634 elementor-section-boxed elementor-section-height-default elementor-section-height-default\" data-id=\"b5db634\" data-element_type=\"section\">\n\t\t\t\t\t\t<div class=\"elementor-container elementor-column-gap-default\">\n\t\t\t\t\t<div class=\"elementor-column elementor-col-100 elementor-top-column elementor-element elementor-element-ae6ffc9\" data-id=\"ae6ffc9\" data-element_type=\"column\">\n\t\t\t<div class=\"elementor-widget-wrap elementor-element-populated\">\n\t\t\t\t\t\t<div class=\"elementor-element elementor-element-43dab1e elementor-widget elementor-widget-image\" data-id=\"43dab1e\" data-element_type=\"widget\" data-widget_type=\"image.default\">\n\t\t\t\t<div class=\"elementor-widget-container\">\n\t\t\t\t\t\t\t\t\t\t\t\t\t\t\t<img decoding=\"async\" width=\"696\" height=\"522\" src=\"https:\/\/pc.sc.gov.br\/\/wp-content\/uploads\/2024\/08\/WhatsApp-Image-2024-08-23-at-12.59.45-1024x768.jpeg\" class=\"attachment-large size-large wp-image-22811\" alt=\"\" srcset=\"https:\/\/pc.sc.gov.br\/\/wp-content\/uploads\/2024\/08\/WhatsApp-Image-2024-08-23-at-12.59.45-1024x768.jpeg 1024w, https:\/\/pc.sc.gov.br\/\/wp-content\/uploads\/2024\/08\/WhatsApp-Image-2024-08-23-at-12.59.45-300x225.jpeg 300w, https:\/\/pc.sc.gov.br\/\/wp-content\/uploads\/2024\/08\/WhatsApp-Image-2024-08-23-at-12.59.45-768x576.jpeg 768w, https:\/\/pc.sc.gov.br\/\/wp-content\/uploads\/2024\/08\/WhatsApp-Image-2024-08-23-at-12.59.45-1536x1152.jpeg 1536w, https:\/\/pc.sc.gov.br\/\/wp-content\/uploads\/2024\/08\/WhatsApp-Image-2024-08-23-at-12.59.45.jpeg 1600w\" sizes=\"(max-width: 696px) 100vw, 696px\" \/>\t\t\t\t\t\t\t\t\t\t\t\t\t\t\t<\/div>\n\t\t\t\t<\/div>\n\t\t\t\t\t<\/div>\n\t\t<\/div>\n\t\t\t\t\t<\/div>\n\t\t<\/section>\n\t\t\t\t<section class=\"elementor-section elementor-top-section elementor-element elementor-element-cc941a8 elementor-section-boxed elementor-section-height-default elementor-section-height-default\" data-id=\"cc941a8\" data-element_type=\"section\">\n\t\t\t\t\t\t<div class=\"elementor-container elementor-column-gap-default\">\n\t\t\t\t\t<div class=\"elementor-column elementor-col-100 elementor-top-column elementor-element elementor-element-c9d2e24\" data-id=\"c9d2e24\" data-element_type=\"column\">\n\t\t\t<div class=\"elementor-widget-wrap elementor-element-populated\">\n\t\t\t\t\t\t<div class=\"elementor-element elementor-element-a2752ac elementor-widget elementor-widget-image\" data-id=\"a2752ac\" data-element_type=\"widget\" data-widget_type=\"image.default\">\n\t\t\t\t<div class=\"elementor-widget-container\">\n\t\t\t\t\t\t\t\t\t\t\t\t\t\t\t<img decoding=\"async\" width=\"696\" height=\"522\" src=\"https:\/\/pc.sc.gov.br\/\/wp-content\/uploads\/2024\/08\/WhatsApp-Image-2024-08-23-at-12.59.44-1024x768.jpeg\" class=\"attachment-large size-large wp-image-22812\" alt=\"\" srcset=\"https:\/\/pc.sc.gov.br\/\/wp-content\/uploads\/2024\/08\/WhatsApp-Image-2024-08-23-at-12.59.44-1024x768.jpeg 1024w, https:\/\/pc.sc.gov.br\/\/wp-content\/uploads\/2024\/08\/WhatsApp-Image-2024-08-23-at-12.59.44-300x225.jpeg 300w, https:\/\/pc.sc.gov.br\/\/wp-content\/uploads\/2024\/08\/WhatsApp-Image-2024-08-23-at-12.59.44-768x576.jpeg 768w, https:\/\/pc.sc.gov.br\/\/wp-content\/uploads\/2024\/08\/WhatsApp-Image-2024-08-23-at-12.59.44.jpeg 1280w\" sizes=\"(max-width: 696px) 100vw, 696px\" \/>\t\t\t\t\t\t\t\t\t\t\t\t\t\t\t<\/div>\n\t\t\t\t<\/div>\n\t\t\t\t\t<\/div>\n\t\t<\/div>\n\t\t\t\t\t<\/div>\n\t\t<\/section>\n\t\t\t\t<\/div>\n\t\t","protected":false},"excerpt":{"rendered":"<p>Pol\u00edcia Civil inaugura Sala Lil\u00e1s em S\u00e3o Louren\u00e7o do Oeste A Pol\u00edcia Civil de Santa Catarina inaugurou, na tarde desta quinta-feira (22\/08), a Sala Lil\u00e1s na Delegacia de Prote\u00e7\u00e3o \u00e0 Crian\u00e7a, ao Adolescente, \u00e0 Mulher e ao Idoso (DPCAMI) em S\u00e3o Louren\u00e7o do Oeste. A Sala Lil\u00e1s \u00e9 um espa\u00e7o acolhedor para que as v\u00edtimas [&hellip;]<\/p>\n","protected":false},"author":5,"featured_media":22809,"comment_status":"closed","ping_status":"open","sticky":false,"template":"","format":"standard","meta":{"_monsterinsights_skip_tracking":false,"_monsterinsights_sitenote_active":false,"_monsterinsights_sitenote_note":"","_monsterinsights_sitenote_category":0,"footnotes":""},"categories":[1],"tags":[],"class_list":["post-22808","post","type-post","status-publish","format-standard","has-post-thumbnail","hentry","category-sem-categoria"],"_links":{"self":[{"href":"https:\/\/pc.sc.gov.br\/index.php?rest_route=\/wp\/v2\/posts\/22808","targetHints":{"allow":["GET"]}}],"collection":[{"href":"https:\/\/pc.sc.gov.br\/index.php?rest_route=\/wp\/v2\/posts"}],"about":[{"href":"https:\/\/pc.sc.gov.br\/index.php?rest_route=\/wp\/v2\/types\/post"}],"author":[{"embeddable":true,"href":"https:\/\/pc.sc.gov.br\/index.php?rest_route=\/wp\/v2\/users\/5"}],"replies":[{"embeddable":true,"href":"https:\/\/pc.sc.gov.br\/index.php?rest_route=%2Fwp%2Fv2%2Fcomments&post=22808"}],"version-history":[{"count":4,"href":"https:\/\/pc.sc.gov.br\/index.php?rest_route=\/wp\/v2\/posts\/22808\/revisions"}],"predecessor-version":[{"id":22815,"href":"https:\/\/pc.sc.gov.br\/index.php?rest_route=\/wp\/v2\/posts\/22808\/revisions\/22815"}],"wp:featuredmedia":[{"embeddable":true,"href":"https:\/\/pc.sc.gov.br\/index.php?rest_route=\/wp\/v2\/media\/22809"}],"wp:attachment":[{"href":"https:\/\/pc.sc.gov.br\/index.php?rest_route=%2Fwp%2Fv2%2Fmedia&parent=22808"}],"wp:term":[{"taxonomy":"category","embeddable":true,"href":"https:\/\/pc.sc.gov.br\/index.php?rest_route=%2Fwp%2Fv2%2Fcategories&post=22808"},{"taxonomy":"post_tag","embeddable":true,"href":"https:\/\/pc.sc.gov.br\/index.php?rest_route=%2Fwp%2Fv2%2Ftags&post=22808"}],"curies":[{"name":"wp","href":"https:\/\/api.w.org\/{rel}","templated":true}]}}