{"id":22816,"date":"2024-08-23T13:10:04","date_gmt":"2024-08-23T16:10:04","guid":{"rendered":"https:\/\/pc.sc.gov.br\/?p=22816"},"modified":"2024-08-23T13:17:08","modified_gmt":"2024-08-23T16:17:08","slug":"operacao-liberdade-pcsc-cumpre-mandado-de-busca-e-apreensao-com-intuito-de-reprimir-condutas-racistas-e-apologia-ao-nazismo-em-laguna","status":"publish","type":"post","link":"https:\/\/pc.sc.gov.br\/?p=22816","title":{"rendered":"Opera\u00e7\u00e3o Liberdade: PCSC cumpre mandado de busca e apreens\u00e3o com intuito de reprimir condutas racistas e apologia ao nazismo em Laguna"},"content":{"rendered":"\t\t<div data-elementor-type=\"wp-post\" data-elementor-id=\"22816\" class=\"elementor elementor-22816\" data-elementor-post-type=\"post\">\n\t\t\t\t\t\t<section class=\"elementor-section elementor-top-section elementor-element elementor-element-53c54f8 elementor-section-boxed elementor-section-height-default elementor-section-height-default\" data-id=\"53c54f8\" data-element_type=\"section\">\n\t\t\t\t\t\t<div class=\"elementor-container elementor-column-gap-default\">\n\t\t\t\t\t<div class=\"elementor-column elementor-col-100 elementor-top-column elementor-element elementor-element-99b0cf1\" data-id=\"99b0cf1\" data-element_type=\"column\">\n\t\t\t<div class=\"elementor-widget-wrap elementor-element-populated\">\n\t\t\t\t\t\t<div class=\"elementor-element elementor-element-164945e elementor-widget elementor-widget-heading\" data-id=\"164945e\" data-element_type=\"widget\" data-widget_type=\"heading.default\">\n\t\t\t\t<div class=\"elementor-widget-container\">\n\t\t\t\t\t<h2 class=\"elementor-heading-title elementor-size-default\">Opera\u00e7\u00e3o Liberdade: PCSC cumpre mandado de busca e apreens\u00e3o com intuito de reprimir condutas racistas e apologia ao nazismo em Laguna<\/h2>\t\t\t\t<\/div>\n\t\t\t\t<\/div>\n\t\t\t\t\t<\/div>\n\t\t<\/div>\n\t\t\t\t\t<\/div>\n\t\t<\/section>\n\t\t\t\t<section class=\"elementor-section elementor-top-section elementor-element elementor-element-5c36092 elementor-section-boxed elementor-section-height-default elementor-section-height-default\" data-id=\"5c36092\" data-element_type=\"section\">\n\t\t\t\t\t\t<div class=\"elementor-container elementor-column-gap-default\">\n\t\t\t\t\t<div class=\"elementor-column elementor-col-100 elementor-top-column elementor-element elementor-element-f1c5bae\" data-id=\"f1c5bae\" data-element_type=\"column\">\n\t\t\t<div class=\"elementor-widget-wrap elementor-element-populated\">\n\t\t\t\t\t\t<div class=\"elementor-element elementor-element-cc4c87c elementor-widget elementor-widget-image\" data-id=\"cc4c87c\" data-element_type=\"widget\" data-widget_type=\"image.default\">\n\t\t\t\t<div class=\"elementor-widget-container\">\n\t\t\t\t\t\t\t\t\t\t\t\t\t\t\t<img fetchpriority=\"high\" decoding=\"async\" width=\"696\" height=\"529\" src=\"https:\/\/pc.sc.gov.br\/\/wp-content\/uploads\/2024\/08\/WhatsApp-Image-2024-01-30-at-16.33.05-fotor-202405031461.jpg\" class=\"attachment-large size-large wp-image-22445\" alt=\"\" srcset=\"https:\/\/pc.sc.gov.br\/\/wp-content\/uploads\/2024\/08\/WhatsApp-Image-2024-01-30-at-16.33.05-fotor-202405031461.jpg 969w, https:\/\/pc.sc.gov.br\/\/wp-content\/uploads\/2024\/08\/WhatsApp-Image-2024-01-30-at-16.33.05-fotor-202405031461-300x228.jpg 300w, https:\/\/pc.sc.gov.br\/\/wp-content\/uploads\/2024\/08\/WhatsApp-Image-2024-01-30-at-16.33.05-fotor-202405031461-768x583.jpg 768w\" sizes=\"(max-width: 696px) 100vw, 696px\" \/>\t\t\t\t\t\t\t\t\t\t\t\t\t\t\t<\/div>\n\t\t\t\t<\/div>\n\t\t\t\t\t<\/div>\n\t\t<\/div>\n\t\t\t\t\t<\/div>\n\t\t<\/section>\n\t\t\t\t<section class=\"elementor-section elementor-top-section elementor-element elementor-element-bf302d8 elementor-section-boxed elementor-section-height-default elementor-section-height-default\" data-id=\"bf302d8\" data-element_type=\"section\">\n\t\t\t\t\t\t<div class=\"elementor-container elementor-column-gap-default\">\n\t\t\t\t\t<div class=\"elementor-column elementor-col-100 elementor-top-column elementor-element elementor-element-6f83f79\" data-id=\"6f83f79\" data-element_type=\"column\">\n\t\t\t<div class=\"elementor-widget-wrap elementor-element-populated\">\n\t\t\t\t\t\t<div class=\"elementor-element elementor-element-21aa00f elementor-widget elementor-widget-text-editor\" data-id=\"21aa00f\" data-element_type=\"widget\" data-widget_type=\"text-editor.default\">\n\t\t\t\t<div class=\"elementor-widget-container\">\n\t\t\t\t\t\t\t\t\t<p>A Pol\u00edcia Civil de Santa Catarina, por meio da Delegacia de Repress\u00e3o a Racismo e Delitos de Intoler\u00e2ncia (DRRDI\/DEIC), com apoio da Delegacia de Investiga\u00e7\u00e3o Criminal (DIC) de Laguna deflagrou nesta sexta-feira (23) a opera\u00e7\u00e3o \u201cLiberdade\u201d cumprindo, um mandado de busca e apreens\u00e3o em Laguna, no Sul do Estado, no intuito de reprimir condutas de racismo e apologia ao nazismo.<\/p><p>Foram apreendidos telefone celular do investigado e diversos objetos de apologia ao nazismo, que ser\u00e3o analisados para a continuidade das investiga\u00e7\u00f5es e identifica\u00e7\u00e3o dos demais envolvidos.<\/p>\t\t\t\t\t\t\t\t<\/div>\n\t\t\t\t<\/div>\n\t\t\t\t\t<\/div>\n\t\t<\/div>\n\t\t\t\t\t<\/div>\n\t\t<\/section>\n\t\t\t\t<\/div>\n\t\t","protected":false},"excerpt":{"rendered":"<p>Opera\u00e7\u00e3o Liberdade: PCSC cumpre mandado de busca e apreens\u00e3o com intuito de reprimir condutas racistas e apologia ao nazismo em Laguna A Pol\u00edcia Civil de Santa Catarina, por meio da Delegacia de Repress\u00e3o a Racismo e Delitos de Intoler\u00e2ncia (DRRDI\/DEIC), com apoio da Delegacia de Investiga\u00e7\u00e3o Criminal (DIC) de Laguna deflagrou nesta sexta-feira (23) a [&hellip;]<\/p>\n","protected":false},"author":5,"featured_media":22445,"comment_status":"closed","ping_status":"open","sticky":false,"template":"","format":"standard","meta":{"_monsterinsights_skip_tracking":false,"_monsterinsights_sitenote_active":false,"_monsterinsights_sitenote_note":"","_monsterinsights_sitenote_category":0,"footnotes":""},"categories":[1],"tags":[],"class_list":["post-22816","post","type-post","status-publish","format-standard","has-post-thumbnail","hentry","category-sem-categoria"],"_links":{"self":[{"href":"https:\/\/pc.sc.gov.br\/index.php?rest_route=\/wp\/v2\/posts\/22816","targetHints":{"allow":["GET"]}}],"collection":[{"href":"https:\/\/pc.sc.gov.br\/index.php?rest_route=\/wp\/v2\/posts"}],"about":[{"href":"https:\/\/pc.sc.gov.br\/index.php?rest_route=\/wp\/v2\/types\/post"}],"author":[{"embeddable":true,"href":"https:\/\/pc.sc.gov.br\/index.php?rest_route=\/wp\/v2\/users\/5"}],"replies":[{"embeddable":true,"href":"https:\/\/pc.sc.gov.br\/index.php?rest_route=%2Fwp%2Fv2%2Fcomments&post=22816"}],"version-history":[{"count":3,"href":"https:\/\/pc.sc.gov.br\/index.php?rest_route=\/wp\/v2\/posts\/22816\/revisions"}],"predecessor-version":[{"id":22820,"href":"https:\/\/pc.sc.gov.br\/index.php?rest_route=\/wp\/v2\/posts\/22816\/revisions\/22820"}],"wp:featuredmedia":[{"embeddable":true,"href":"https:\/\/pc.sc.gov.br\/index.php?rest_route=\/wp\/v2\/media\/22445"}],"wp:attachment":[{"href":"https:\/\/pc.sc.gov.br\/index.php?rest_route=%2Fwp%2Fv2%2Fmedia&parent=22816"}],"wp:term":[{"taxonomy":"category","embeddable":true,"href":"https:\/\/pc.sc.gov.br\/index.php?rest_route=%2Fwp%2Fv2%2Fcategories&post=22816"},{"taxonomy":"post_tag","embeddable":true,"href":"https:\/\/pc.sc.gov.br\/index.php?rest_route=%2Fwp%2Fv2%2Ftags&post=22816"}],"curies":[{"name":"wp","href":"https:\/\/api.w.org\/{rel}","templated":true}]}}