{"id":22827,"date":"2024-08-23T14:17:53","date_gmt":"2024-08-23T17:17:53","guid":{"rendered":"https:\/\/pc.sc.gov.br\/?p=22827"},"modified":"2024-08-23T14:20:00","modified_gmt":"2024-08-23T17:20:00","slug":"policia-civil-deflagra-operacao-celula-tronco-para-apurar-irregularidades-em-convenios-de-santo-amaro-da-imperatriz","status":"publish","type":"post","link":"https:\/\/pc.sc.gov.br\/?p=22827","title":{"rendered":"Pol\u00edcia Civil deflagra opera\u00e7\u00e3o \u201cC\u00e9lula Tronco\u201d para apurar irregularidades em conv\u00eanios de Santo Amaro da Imperatriz"},"content":{"rendered":"\t\t<div data-elementor-type=\"wp-post\" data-elementor-id=\"22827\" class=\"elementor elementor-22827\" data-elementor-post-type=\"post\">\n\t\t\t\t\t\t<section class=\"elementor-section elementor-top-section elementor-element elementor-element-3764653 elementor-section-boxed elementor-section-height-default elementor-section-height-default\" data-id=\"3764653\" data-element_type=\"section\">\n\t\t\t\t\t\t<div class=\"elementor-container elementor-column-gap-default\">\n\t\t\t\t\t<div class=\"elementor-column elementor-col-100 elementor-top-column elementor-element elementor-element-f5f3db6\" data-id=\"f5f3db6\" data-element_type=\"column\">\n\t\t\t<div class=\"elementor-widget-wrap elementor-element-populated\">\n\t\t\t\t\t\t<div class=\"elementor-element elementor-element-20d848e elementor-widget elementor-widget-heading\" data-id=\"20d848e\" data-element_type=\"widget\" data-widget_type=\"heading.default\">\n\t\t\t\t<div class=\"elementor-widget-container\">\n\t\t\t\t\t<h2 class=\"elementor-heading-title elementor-size-default\">Pol\u00edcia Civil deflagra opera\u00e7\u00e3o \u201cC\u00e9lula Tronco\u201d para apurar irregularidades em conv\u00eanios de Santo Amaro da Imperatriz <\/h2>\t\t\t\t<\/div>\n\t\t\t\t<\/div>\n\t\t\t\t\t<\/div>\n\t\t<\/div>\n\t\t\t\t\t<\/div>\n\t\t<\/section>\n\t\t\t\t<section class=\"elementor-section elementor-top-section elementor-element elementor-element-81b4449 elementor-section-boxed elementor-section-height-default elementor-section-height-default\" data-id=\"81b4449\" data-element_type=\"section\">\n\t\t\t\t\t\t<div class=\"elementor-container elementor-column-gap-default\">\n\t\t\t\t\t<div class=\"elementor-column elementor-col-100 elementor-top-column elementor-element elementor-element-9ee42de\" data-id=\"9ee42de\" data-element_type=\"column\">\n\t\t\t<div class=\"elementor-widget-wrap elementor-element-populated\">\n\t\t\t\t\t\t<div class=\"elementor-element elementor-element-bd2a206 elementor-widget elementor-widget-image\" data-id=\"bd2a206\" data-element_type=\"widget\" data-widget_type=\"image.default\">\n\t\t\t\t<div class=\"elementor-widget-container\">\n\t\t\t\t\t\t\t\t\t\t\t\t\t\t\t<img fetchpriority=\"high\" decoding=\"async\" width=\"696\" height=\"321\" src=\"https:\/\/pc.sc.gov.br\/\/wp-content\/uploads\/2024\/08\/WhatsApp-Image-2024-08-23-at-07.48.29-1024x473.jpeg\" class=\"attachment-large size-large wp-image-22828\" alt=\"\" srcset=\"https:\/\/pc.sc.gov.br\/\/wp-content\/uploads\/2024\/08\/WhatsApp-Image-2024-08-23-at-07.48.29-1024x473.jpeg 1024w, https:\/\/pc.sc.gov.br\/\/wp-content\/uploads\/2024\/08\/WhatsApp-Image-2024-08-23-at-07.48.29-300x139.jpeg 300w, https:\/\/pc.sc.gov.br\/\/wp-content\/uploads\/2024\/08\/WhatsApp-Image-2024-08-23-at-07.48.29-768x355.jpeg 768w, https:\/\/pc.sc.gov.br\/\/wp-content\/uploads\/2024\/08\/WhatsApp-Image-2024-08-23-at-07.48.29.jpeg 1280w\" sizes=\"(max-width: 696px) 100vw, 696px\" \/>\t\t\t\t\t\t\t\t\t\t\t\t\t\t\t<\/div>\n\t\t\t\t<\/div>\n\t\t\t\t\t<\/div>\n\t\t<\/div>\n\t\t\t\t\t<\/div>\n\t\t<\/section>\n\t\t\t\t<section class=\"elementor-section elementor-top-section elementor-element elementor-element-696df7c elementor-section-boxed elementor-section-height-default elementor-section-height-default\" data-id=\"696df7c\" data-element_type=\"section\">\n\t\t\t\t\t\t<div class=\"elementor-container elementor-column-gap-default\">\n\t\t\t\t\t<div class=\"elementor-column elementor-col-100 elementor-top-column elementor-element elementor-element-6f604f1\" data-id=\"6f604f1\" data-element_type=\"column\">\n\t\t\t<div class=\"elementor-widget-wrap elementor-element-populated\">\n\t\t\t\t\t\t<div class=\"elementor-element elementor-element-8a14160 elementor-widget elementor-widget-text-editor\" data-id=\"8a14160\" data-element_type=\"widget\" data-widget_type=\"text-editor.default\">\n\t\t\t\t<div class=\"elementor-widget-container\">\n\t\t\t\t\t\t\t\t\t<p>Nesta sexta-feira (23\/08), a Pol\u00edcia Civil de Santa Catarina, por meio da Delegacia Especializada no Combate \u00e0 Corrup\u00e7\u00e3o (1\u00aa DECOR), deflagrou a opera\u00e7\u00e3o \u201cC\u00e9lula Tronco\u201d com o objetivo de dar cumprimento a 25 mandados de buscas em domic\u00edlios de empres\u00e1rios e agentes p\u00fablicos nos munic\u00edpios de Joinville, Itapema, Tijucas, S\u00e3o Jos\u00e9, Florian\u00f3polis e Santo Amaro da Imperatriz, bem como em uma associa\u00e7\u00e3o hospitalar localizada no munic\u00edpio de Santo Amaro da Imperatriz.<\/p><p>Chegou ao conhecimento da Pol\u00edcia Civil de que no ano de 2022, a associa\u00e7\u00e3o hospitalar celebrou dois conv\u00eanios com a Secretaria de Estado da Sa\u00fade. Os conv\u00eanios consistiram no repasse de aproximadamente 8 milh\u00f5es de reais ao hospital para a contrata\u00e7\u00e3o de empresas especializadas em reforma, supervis\u00e3o, eficientiza\u00e7\u00e3o energ\u00e9tica e instala\u00e7\u00e3o de gases medicinais.<\/p><p>As investiga\u00e7\u00f5es apontaram que durante o processo de pesquisa de mercado foram utilizadas empresas \u201claranjas\u201d com o objetivo de beneficiar tr\u00eas empresas que foram efetivamente contratadas, sendo duas delas integrantes do mesmo grupo econ\u00f4mico.<\/p><p>Foram acostados aos autos da investiga\u00e7\u00e3o laudos da Secretaria da Infraestrutura do Estado que constataram in\u00fameras irregularidades na reforma, incluindo sobrepre\u00e7o nas planilhas or\u00e7ament\u00e1rias dos projetos b\u00e1sicos, sobrepre\u00e7o\/superfaturamento de itens, inclusive por parte da empresa que supervisionou a obra, bem como incompatibilidades entre o projeto b\u00e1sico e aquilo que efetivamente foi executado.<\/p><p>Al\u00e9m das buscas, tamb\u00e9m foi deferida pelo Poder Judici\u00e1rio representa\u00e7\u00e3o por medida cautelar de sequestro de bens e valores no valor de R$ 4.208.618,23, referentes aos montantes efetivamente repassados \u00e0s empresas, visando eventuais ressarcimentos aos cofres p\u00fablicos.<\/p><p>As buscas realizadas contaram com o apoio operacional de Delegacias integrantes da Diretoria Estadual de Investiga\u00e7\u00e3o Criminal &#8211; DEIC: DEDIR, CECOR, 2\u00aa DECOR, 3\u00aa DECOR, 4\u00aa DECOR, DECOR\/DEIC, LAB, DECAP, DRCI, DRACO, DPDM, DFAZ, DCAC, DFRV, DRAS e DFRC.<\/p>\t\t\t\t\t\t\t\t<\/div>\n\t\t\t\t<\/div>\n\t\t\t\t\t<\/div>\n\t\t<\/div>\n\t\t\t\t\t<\/div>\n\t\t<\/section>\n\t\t\t\t<section class=\"elementor-section elementor-top-section elementor-element elementor-element-1fde94c elementor-section-boxed elementor-section-height-default elementor-section-height-default\" data-id=\"1fde94c\" data-element_type=\"section\">\n\t\t\t\t\t\t<div class=\"elementor-container elementor-column-gap-default\">\n\t\t\t\t\t<div class=\"elementor-column elementor-col-100 elementor-top-column elementor-element elementor-element-33832c5\" data-id=\"33832c5\" data-element_type=\"column\">\n\t\t\t<div class=\"elementor-widget-wrap elementor-element-populated\">\n\t\t\t\t\t\t<div class=\"elementor-element elementor-element-36ffff4 elementor-widget elementor-widget-video\" data-id=\"36ffff4\" data-element_type=\"widget\" data-settings=\"{&quot;video_type&quot;:&quot;hosted&quot;,&quot;controls&quot;:&quot;yes&quot;}\" data-widget_type=\"video.default\">\n\t\t\t\t<div class=\"elementor-widget-container\">\n\t\t\t\t\t\t\t<div class=\"e-hosted-video elementor-wrapper elementor-open-inline\">\n\t\t\t\t\t<video class=\"elementor-video\" src=\"https:\/\/pc.sc.gov.br\/wp-content\/uploads\/2024\/08\/WhatsApp-Video-2024-08-23-at-08.49.23-1.mp4\" controls=\"\" preload=\"metadata\"><\/video>\n\t\t\t\t<\/div>\n\t\t\t\t\t\t<\/div>\n\t\t\t\t<\/div>\n\t\t\t\t\t<\/div>\n\t\t<\/div>\n\t\t\t\t\t<\/div>\n\t\t<\/section>\n\t\t\t\t<\/div>\n\t\t","protected":false},"excerpt":{"rendered":"<p>Pol\u00edcia Civil deflagra opera\u00e7\u00e3o \u201cC\u00e9lula Tronco\u201d para apurar irregularidades em conv\u00eanios de Santo Amaro da Imperatriz Nesta sexta-feira (23\/08), a Pol\u00edcia Civil de Santa Catarina, por meio da Delegacia Especializada no Combate \u00e0 Corrup\u00e7\u00e3o (1\u00aa DECOR), deflagrou a opera\u00e7\u00e3o \u201cC\u00e9lula Tronco\u201d com o objetivo de dar cumprimento a 25 mandados de buscas em domic\u00edlios de [&hellip;]<\/p>\n","protected":false},"author":5,"featured_media":22828,"comment_status":"closed","ping_status":"open","sticky":false,"template":"","format":"standard","meta":{"_monsterinsights_skip_tracking":false,"_monsterinsights_sitenote_active":false,"_monsterinsights_sitenote_note":"","_monsterinsights_sitenote_category":0,"footnotes":""},"categories":[1],"tags":[],"class_list":["post-22827","post","type-post","status-publish","format-standard","has-post-thumbnail","hentry","category-sem-categoria"],"_links":{"self":[{"href":"https:\/\/pc.sc.gov.br\/index.php?rest_route=\/wp\/v2\/posts\/22827","targetHints":{"allow":["GET"]}}],"collection":[{"href":"https:\/\/pc.sc.gov.br\/index.php?rest_route=\/wp\/v2\/posts"}],"about":[{"href":"https:\/\/pc.sc.gov.br\/index.php?rest_route=\/wp\/v2\/types\/post"}],"author":[{"embeddable":true,"href":"https:\/\/pc.sc.gov.br\/index.php?rest_route=\/wp\/v2\/users\/5"}],"replies":[{"embeddable":true,"href":"https:\/\/pc.sc.gov.br\/index.php?rest_route=%2Fwp%2Fv2%2Fcomments&post=22827"}],"version-history":[{"count":4,"href":"https:\/\/pc.sc.gov.br\/index.php?rest_route=\/wp\/v2\/posts\/22827\/revisions"}],"predecessor-version":[{"id":22834,"href":"https:\/\/pc.sc.gov.br\/index.php?rest_route=\/wp\/v2\/posts\/22827\/revisions\/22834"}],"wp:featuredmedia":[{"embeddable":true,"href":"https:\/\/pc.sc.gov.br\/index.php?rest_route=\/wp\/v2\/media\/22828"}],"wp:attachment":[{"href":"https:\/\/pc.sc.gov.br\/index.php?rest_route=%2Fwp%2Fv2%2Fmedia&parent=22827"}],"wp:term":[{"taxonomy":"category","embeddable":true,"href":"https:\/\/pc.sc.gov.br\/index.php?rest_route=%2Fwp%2Fv2%2Fcategories&post=22827"},{"taxonomy":"post_tag","embeddable":true,"href":"https:\/\/pc.sc.gov.br\/index.php?rest_route=%2Fwp%2Fv2%2Ftags&post=22827"}],"curies":[{"name":"wp","href":"https:\/\/api.w.org\/{rel}","templated":true}]}}