{"id":22836,"date":"2024-08-23T15:23:07","date_gmt":"2024-08-23T18:23:07","guid":{"rendered":"https:\/\/pc.sc.gov.br\/?p=22836"},"modified":"2024-08-23T15:23:59","modified_gmt":"2024-08-23T18:23:59","slug":"apos-diversas-diligencias-da-policia-civil-crianca-de-um-ano-e-devolvida-para-mae-em-barra-velha","status":"publish","type":"post","link":"https:\/\/pc.sc.gov.br\/?p=22836","title":{"rendered":"Ap\u00f3s diversas dilig\u00eancias da Pol\u00edcia Civil, crian\u00e7a de um ano \u00e9 devolvida para m\u00e3e em Barra Velha"},"content":{"rendered":"\t\t<div data-elementor-type=\"wp-post\" data-elementor-id=\"22836\" class=\"elementor elementor-22836\" data-elementor-post-type=\"post\">\n\t\t\t\t\t\t<section class=\"elementor-section elementor-top-section elementor-element elementor-element-8e493d4 elementor-section-boxed elementor-section-height-default elementor-section-height-default\" data-id=\"8e493d4\" data-element_type=\"section\">\n\t\t\t\t\t\t<div class=\"elementor-container elementor-column-gap-default\">\n\t\t\t\t\t<div class=\"elementor-column elementor-col-100 elementor-top-column elementor-element elementor-element-bf3af0b\" data-id=\"bf3af0b\" data-element_type=\"column\">\n\t\t\t<div class=\"elementor-widget-wrap elementor-element-populated\">\n\t\t\t\t\t\t<div class=\"elementor-element elementor-element-37517d6 elementor-widget elementor-widget-heading\" data-id=\"37517d6\" data-element_type=\"widget\" data-widget_type=\"heading.default\">\n\t\t\t\t<div class=\"elementor-widget-container\">\n\t\t\t\t\t<h2 class=\"elementor-heading-title elementor-size-default\">Ap\u00f3s diversas dilig\u00eancias da Pol\u00edcia Civil, crian\u00e7a de um ano \u00e9 devolvida para m\u00e3e em Barra Velha <\/h2>\t\t\t\t<\/div>\n\t\t\t\t<\/div>\n\t\t\t\t\t<\/div>\n\t\t<\/div>\n\t\t\t\t\t<\/div>\n\t\t<\/section>\n\t\t\t\t<section class=\"elementor-section elementor-top-section elementor-element elementor-element-77a228d elementor-section-boxed elementor-section-height-default elementor-section-height-default\" data-id=\"77a228d\" data-element_type=\"section\">\n\t\t\t\t\t\t<div class=\"elementor-container elementor-column-gap-default\">\n\t\t\t\t\t<div class=\"elementor-column elementor-col-100 elementor-top-column elementor-element elementor-element-7022525\" data-id=\"7022525\" data-element_type=\"column\">\n\t\t\t<div class=\"elementor-widget-wrap elementor-element-populated\">\n\t\t\t\t\t\t<div class=\"elementor-element elementor-element-7c3e3ee elementor-widget elementor-widget-image\" data-id=\"7c3e3ee\" data-element_type=\"widget\" data-widget_type=\"image.default\">\n\t\t\t\t<div class=\"elementor-widget-container\">\n\t\t\t\t\t\t\t\t\t\t\t\t\t\t\t<img fetchpriority=\"high\" decoding=\"async\" width=\"696\" height=\"529\" src=\"https:\/\/pc.sc.gov.br\/\/wp-content\/uploads\/2024\/08\/WhatsApp-Image-2024-01-30-at-16.33.05-fotor-202405031461.jpg\" class=\"attachment-large size-large wp-image-22445\" alt=\"\" srcset=\"https:\/\/pc.sc.gov.br\/\/wp-content\/uploads\/2024\/08\/WhatsApp-Image-2024-01-30-at-16.33.05-fotor-202405031461.jpg 969w, https:\/\/pc.sc.gov.br\/\/wp-content\/uploads\/2024\/08\/WhatsApp-Image-2024-01-30-at-16.33.05-fotor-202405031461-300x228.jpg 300w, https:\/\/pc.sc.gov.br\/\/wp-content\/uploads\/2024\/08\/WhatsApp-Image-2024-01-30-at-16.33.05-fotor-202405031461-768x583.jpg 768w\" sizes=\"(max-width: 696px) 100vw, 696px\" \/>\t\t\t\t\t\t\t\t\t\t\t\t\t\t\t<\/div>\n\t\t\t\t<\/div>\n\t\t\t\t\t<\/div>\n\t\t<\/div>\n\t\t\t\t\t<\/div>\n\t\t<\/section>\n\t\t\t\t<section class=\"elementor-section elementor-top-section elementor-element elementor-element-f5c26c4 elementor-section-boxed elementor-section-height-default elementor-section-height-default\" data-id=\"f5c26c4\" data-element_type=\"section\">\n\t\t\t\t\t\t<div class=\"elementor-container elementor-column-gap-default\">\n\t\t\t\t\t<div class=\"elementor-column elementor-col-100 elementor-top-column elementor-element elementor-element-6056234\" data-id=\"6056234\" data-element_type=\"column\">\n\t\t\t<div class=\"elementor-widget-wrap elementor-element-populated\">\n\t\t\t\t\t\t<div class=\"elementor-element elementor-element-b854e1f elementor-widget elementor-widget-text-editor\" data-id=\"b854e1f\" data-element_type=\"widget\" data-widget_type=\"text-editor.default\">\n\t\t\t\t<div class=\"elementor-widget-container\">\n\t\t\t\t\t\t\t\t\t<p>Ap\u00f3s diversas dilig\u00eancias realizadas pela Pol\u00edcia Civil de Santa Catarina, por meio da Delegacia de Pol\u00edcia da Comarca de Barra Velha, uma crian\u00e7a de um ano de idade, que havia sido tirada dos bra\u00e7os da m\u00e3e pelo pai, no dia 12 de agosto, no munic\u00edpio de Cruzeiro do Oeste, no Paran\u00e1, foi devolvida para a genitora.<\/p><p>A crian\u00e7a foi devolvida nesta sexta-feira (23\/08) em Barra Velha \u2013 munic\u00edpio onde o casal residia anteriormente. A m\u00e3e j\u00e1 tinha conseguido pelo Poder Judici\u00e1rio do Paran\u00e1 mandado de busca e apreens\u00e3o da crian\u00e7a em desfavor do pai.<\/p><p>Ap\u00f3s diversas buscas infrut\u00edferas, no local onde o pai da crian\u00e7a residia em Barra Velha, o ve\u00edculo do homem foi localizado por meio de servi\u00e7os de intelig\u00eancia. Foram compartilhadas informa\u00e7\u00f5es com Pol\u00edcia Militar de Penha para ajudar nas buscas do veiculo, por\u00e9m, posteriormente, descobriu-se que o homem tinha abandonado o ve\u00edculo e empreendido fuga para outro munic\u00edpio.<\/p><p>Dessa forma, iniciaram-se novas buscas para encontrar o paradeiro do homem e da crian\u00e7a. Nesta sexta-feira (23\/08), a av\u00f3 paterna fez contato para marcar um encontro com a m\u00e3e da crian\u00e7a no Conselho Tutelar de Barra Velha e, enfim, devolver a crian\u00e7a \u00e0 genitora.<\/p>\t\t\t\t\t\t\t\t<\/div>\n\t\t\t\t<\/div>\n\t\t\t\t\t<\/div>\n\t\t<\/div>\n\t\t\t\t\t<\/div>\n\t\t<\/section>\n\t\t\t\t<\/div>\n\t\t","protected":false},"excerpt":{"rendered":"<p>Ap\u00f3s diversas dilig\u00eancias da Pol\u00edcia Civil, crian\u00e7a de um ano \u00e9 devolvida para m\u00e3e em Barra Velha Ap\u00f3s diversas dilig\u00eancias realizadas pela Pol\u00edcia Civil de Santa Catarina, por meio da Delegacia de Pol\u00edcia da Comarca de Barra Velha, uma crian\u00e7a de um ano de idade, que havia sido tirada dos bra\u00e7os da m\u00e3e pelo pai, [&hellip;]<\/p>\n","protected":false},"author":5,"featured_media":22006,"comment_status":"closed","ping_status":"open","sticky":false,"template":"","format":"standard","meta":{"_monsterinsights_skip_tracking":false,"_monsterinsights_sitenote_active":false,"_monsterinsights_sitenote_note":"","_monsterinsights_sitenote_category":0,"footnotes":""},"categories":[1],"tags":[],"class_list":["post-22836","post","type-post","status-publish","format-standard","has-post-thumbnail","hentry","category-sem-categoria"],"_links":{"self":[{"href":"https:\/\/pc.sc.gov.br\/index.php?rest_route=\/wp\/v2\/posts\/22836","targetHints":{"allow":["GET"]}}],"collection":[{"href":"https:\/\/pc.sc.gov.br\/index.php?rest_route=\/wp\/v2\/posts"}],"about":[{"href":"https:\/\/pc.sc.gov.br\/index.php?rest_route=\/wp\/v2\/types\/post"}],"author":[{"embeddable":true,"href":"https:\/\/pc.sc.gov.br\/index.php?rest_route=\/wp\/v2\/users\/5"}],"replies":[{"embeddable":true,"href":"https:\/\/pc.sc.gov.br\/index.php?rest_route=%2Fwp%2Fv2%2Fcomments&post=22836"}],"version-history":[{"count":4,"href":"https:\/\/pc.sc.gov.br\/index.php?rest_route=\/wp\/v2\/posts\/22836\/revisions"}],"predecessor-version":[{"id":22841,"href":"https:\/\/pc.sc.gov.br\/index.php?rest_route=\/wp\/v2\/posts\/22836\/revisions\/22841"}],"wp:featuredmedia":[{"embeddable":true,"href":"https:\/\/pc.sc.gov.br\/index.php?rest_route=\/wp\/v2\/media\/22006"}],"wp:attachment":[{"href":"https:\/\/pc.sc.gov.br\/index.php?rest_route=%2Fwp%2Fv2%2Fmedia&parent=22836"}],"wp:term":[{"taxonomy":"category","embeddable":true,"href":"https:\/\/pc.sc.gov.br\/index.php?rest_route=%2Fwp%2Fv2%2Fcategories&post=22836"},{"taxonomy":"post_tag","embeddable":true,"href":"https:\/\/pc.sc.gov.br\/index.php?rest_route=%2Fwp%2Fv2%2Ftags&post=22836"}],"curies":[{"name":"wp","href":"https:\/\/api.w.org\/{rel}","templated":true}]}}