{"id":22846,"date":"2024-08-23T16:49:14","date_gmt":"2024-08-23T19:49:14","guid":{"rendered":"https:\/\/pc.sc.gov.br\/?p=22846"},"modified":"2024-08-23T16:49:55","modified_gmt":"2024-08-23T19:49:55","slug":"policia-civil-desarticula-organizacao-criminosa-responsavel-por-diversos-furtos-em-casas-de-alto-padrao-ocorridos-em-tubarao","status":"publish","type":"post","link":"https:\/\/pc.sc.gov.br\/?p=22846","title":{"rendered":"Pol\u00edcia Civil desarticula organiza\u00e7\u00e3o criminosa respons\u00e1vel por diversos furtos em casas de alto padr\u00e3o ocorridos em Tubar\u00e3o"},"content":{"rendered":"\t\t<div data-elementor-type=\"wp-post\" data-elementor-id=\"22846\" class=\"elementor elementor-22846\" data-elementor-post-type=\"post\">\n\t\t\t\t\t\t<section class=\"elementor-section elementor-top-section elementor-element elementor-element-1dbc138 elementor-section-boxed elementor-section-height-default elementor-section-height-default\" data-id=\"1dbc138\" data-element_type=\"section\">\n\t\t\t\t\t\t<div class=\"elementor-container elementor-column-gap-default\">\n\t\t\t\t\t<div class=\"elementor-column elementor-col-100 elementor-top-column elementor-element elementor-element-658d316\" data-id=\"658d316\" data-element_type=\"column\">\n\t\t\t<div class=\"elementor-widget-wrap elementor-element-populated\">\n\t\t\t\t\t\t<div class=\"elementor-element elementor-element-1e22b7e elementor-widget elementor-widget-heading\" data-id=\"1e22b7e\" data-element_type=\"widget\" data-widget_type=\"heading.default\">\n\t\t\t\t<div class=\"elementor-widget-container\">\n\t\t\t\t\t<h2 class=\"elementor-heading-title elementor-size-default\">Pol\u00edcia Civil desarticula organiza\u00e7\u00e3o criminosa respons\u00e1vel por diversos furtos em casas de alto padr\u00e3o ocorridos em Tubar\u00e3o <\/h2>\t\t\t\t<\/div>\n\t\t\t\t<\/div>\n\t\t\t\t\t<\/div>\n\t\t<\/div>\n\t\t\t\t\t<\/div>\n\t\t<\/section>\n\t\t\t\t<section class=\"elementor-section elementor-top-section elementor-element elementor-element-e7eadbd elementor-section-boxed elementor-section-height-default elementor-section-height-default\" data-id=\"e7eadbd\" data-element_type=\"section\">\n\t\t\t\t\t\t<div class=\"elementor-container elementor-column-gap-default\">\n\t\t\t\t\t<div class=\"elementor-column elementor-col-100 elementor-top-column elementor-element elementor-element-90844cc\" data-id=\"90844cc\" data-element_type=\"column\">\n\t\t\t<div class=\"elementor-widget-wrap elementor-element-populated\">\n\t\t\t\t\t\t<div class=\"elementor-element elementor-element-1a9a3a9 elementor-widget elementor-widget-image\" data-id=\"1a9a3a9\" data-element_type=\"widget\" data-widget_type=\"image.default\">\n\t\t\t\t<div class=\"elementor-widget-container\">\n\t\t\t\t\t\t\t\t\t\t\t\t\t\t\t<img fetchpriority=\"high\" decoding=\"async\" width=\"696\" height=\"311\" src=\"https:\/\/pc.sc.gov.br\/\/wp-content\/uploads\/2024\/08\/WhatsApp-Image-2024-08-23-at-16.41.18.jpeg\" class=\"attachment-large size-large wp-image-22848\" alt=\"\" srcset=\"https:\/\/pc.sc.gov.br\/\/wp-content\/uploads\/2024\/08\/WhatsApp-Image-2024-08-23-at-16.41.18.jpeg 696w, https:\/\/pc.sc.gov.br\/\/wp-content\/uploads\/2024\/08\/WhatsApp-Image-2024-08-23-at-16.41.18-300x134.jpeg 300w\" sizes=\"(max-width: 696px) 100vw, 696px\" \/>\t\t\t\t\t\t\t\t\t\t\t\t\t\t\t<\/div>\n\t\t\t\t<\/div>\n\t\t\t\t\t<\/div>\n\t\t<\/div>\n\t\t\t\t\t<\/div>\n\t\t<\/section>\n\t\t\t\t<section class=\"elementor-section elementor-top-section elementor-element elementor-element-11d3f0b elementor-section-boxed elementor-section-height-default elementor-section-height-default\" data-id=\"11d3f0b\" data-element_type=\"section\">\n\t\t\t\t\t\t<div class=\"elementor-container elementor-column-gap-default\">\n\t\t\t\t\t<div class=\"elementor-column elementor-col-100 elementor-top-column elementor-element elementor-element-c9f8047\" data-id=\"c9f8047\" data-element_type=\"column\">\n\t\t\t<div class=\"elementor-widget-wrap elementor-element-populated\">\n\t\t\t\t\t\t<div class=\"elementor-element elementor-element-700cf1d elementor-widget elementor-widget-text-editor\" data-id=\"700cf1d\" data-element_type=\"widget\" data-widget_type=\"text-editor.default\">\n\t\t\t\t<div class=\"elementor-widget-container\">\n\t\t\t\t\t\t\t\t\t<p>A Pol\u00edcia Civil de Santa Catarina, por meio da Divis\u00e3o de Investiga\u00e7\u00e3o Criminal de Tubar\u00e3o, na manh\u00e3 dessa quinta-feira (22\/08\/2024), deflagrou opera\u00e7\u00e3o policial nos estados de Santa Catarina e Paran\u00e1 dando cumprimento a seis mandados de busca e apreens\u00e3o e seis mandados de pris\u00e3o preventiva.<\/p><p>No final do ano passado e in\u00edcio deste ano, diversos furtos a resid\u00eancias, sobretudo de alto padr\u00e3o, ocorreram na cidade de Tubar\u00e3o. A partir de ent\u00e3o, a DIC de Tubar\u00e3o instaurou um inqu\u00e9rito policial e passou investigar os fatos. Logo de in\u00edcio houve a pris\u00e3o em flagrante de dois indiv\u00edduos que conduziam um ve\u00edculo automotor clonado e furtado na cidade de Curitiba.<\/p><p>Com o prosseguimento das investiga\u00e7\u00f5es, em fevereiro deste ano, ap\u00f3s solicita\u00e7\u00e3o da Pol\u00edcia Civil, foram cumpridos cerca de 5 mandados de busca e apreens\u00e3o nas cidades de Curitiba, S\u00e3o Jos\u00e9 dos Pinhais e Tubar\u00e3o. Com base nos elementos coletados durante o cumprimento dessas medidas, a DIC de Tubar\u00e3o conseguiu identificar uma associa\u00e7\u00e3o criminosa que se constituiu com a finalidade de praticar furtos em diversas cidades catarinenses, visto que outros furtos foram praticados pelo bando nas cidades de Crici\u00fama e Jaragu\u00e1 do Sul.<\/p><p>Face ao robusto conjunto probat\u00f3rio coletado at\u00e9 aquele momento, a autoridade policial representou pela pris\u00e3o preventiva de sete suspeitos de integrar essa \u201cquadrilha\u201d e por outras buscas e apreens\u00f5es domiciliares, pedidos que foram prontamente atendidos pelo Ju\u00edzo da 1\u00ba Vara Criminal de Tubar\u00e3o.<\/p><p>De posse dos competentes mandados, uma parte da equipe da DIC de Tubar\u00e3o se deslocou ao Estado do Paran\u00e1 e, com o apoio da Delegacia de Furtos e Roubos de Curitiba (PCPR), deram cumprido a cinco mandados de busca e apreens\u00e3o e tr\u00eas mandados de pris\u00e3o nas cidades de Curitiba e S\u00e3o Jos\u00e9 dos Pinhais e outra parte da equipe deu cumprimento a um mandado de busca e apreens\u00e3o na cidade de Orleans.<\/p><p>Durante as buscas, uma arma de fogo, celulares e outros objetos restaram apreendidos. Tr\u00eas dos investigados j\u00e1 se encontravam presos por outros fatos ocorridos em outras cidades, sendo diligenciado junto ao sistema prisional a fim de dar cumprimento ao mandado de pris\u00e3o requerido pela DIC de Tubar\u00e3o.<\/p><p>O inqu\u00e9rito policial se encaminha para a sua finaliza\u00e7\u00e3o, pelo menos 9 furtos s\u00e3o apurados nesse caderno indici\u00e1rio e o preju\u00edzo total ultrapassa meio milh\u00e3o de reais. Um dos suspeitos ainda se encontra foragido. Foram cerca de 10 meses de investiga\u00e7\u00e3o.<\/p>\t\t\t\t\t\t\t\t<\/div>\n\t\t\t\t<\/div>\n\t\t\t\t\t<\/div>\n\t\t<\/div>\n\t\t\t\t\t<\/div>\n\t\t<\/section>\n\t\t\t\t<\/div>\n\t\t","protected":false},"excerpt":{"rendered":"<p>Pol\u00edcia Civil desarticula organiza\u00e7\u00e3o criminosa respons\u00e1vel por diversos furtos em casas de alto padr\u00e3o ocorridos em Tubar\u00e3o A Pol\u00edcia Civil de Santa Catarina, por meio da Divis\u00e3o de Investiga\u00e7\u00e3o Criminal de Tubar\u00e3o, na manh\u00e3 dessa quinta-feira (22\/08\/2024), deflagrou opera\u00e7\u00e3o policial nos estados de Santa Catarina e Paran\u00e1 dando cumprimento a seis mandados de busca e [&hellip;]<\/p>\n","protected":false},"author":5,"featured_media":22848,"comment_status":"closed","ping_status":"open","sticky":false,"template":"","format":"standard","meta":{"_monsterinsights_skip_tracking":false,"_monsterinsights_sitenote_active":false,"_monsterinsights_sitenote_note":"","_monsterinsights_sitenote_category":0,"footnotes":""},"categories":[1],"tags":[],"class_list":["post-22846","post","type-post","status-publish","format-standard","has-post-thumbnail","hentry","category-sem-categoria"],"_links":{"self":[{"href":"https:\/\/pc.sc.gov.br\/index.php?rest_route=\/wp\/v2\/posts\/22846","targetHints":{"allow":["GET"]}}],"collection":[{"href":"https:\/\/pc.sc.gov.br\/index.php?rest_route=\/wp\/v2\/posts"}],"about":[{"href":"https:\/\/pc.sc.gov.br\/index.php?rest_route=\/wp\/v2\/types\/post"}],"author":[{"embeddable":true,"href":"https:\/\/pc.sc.gov.br\/index.php?rest_route=\/wp\/v2\/users\/5"}],"replies":[{"embeddable":true,"href":"https:\/\/pc.sc.gov.br\/index.php?rest_route=%2Fwp%2Fv2%2Fcomments&post=22846"}],"version-history":[{"count":4,"href":"https:\/\/pc.sc.gov.br\/index.php?rest_route=\/wp\/v2\/posts\/22846\/revisions"}],"predecessor-version":[{"id":22852,"href":"https:\/\/pc.sc.gov.br\/index.php?rest_route=\/wp\/v2\/posts\/22846\/revisions\/22852"}],"wp:featuredmedia":[{"embeddable":true,"href":"https:\/\/pc.sc.gov.br\/index.php?rest_route=\/wp\/v2\/media\/22848"}],"wp:attachment":[{"href":"https:\/\/pc.sc.gov.br\/index.php?rest_route=%2Fwp%2Fv2%2Fmedia&parent=22846"}],"wp:term":[{"taxonomy":"category","embeddable":true,"href":"https:\/\/pc.sc.gov.br\/index.php?rest_route=%2Fwp%2Fv2%2Fcategories&post=22846"},{"taxonomy":"post_tag","embeddable":true,"href":"https:\/\/pc.sc.gov.br\/index.php?rest_route=%2Fwp%2Fv2%2Ftags&post=22846"}],"curies":[{"name":"wp","href":"https:\/\/api.w.org\/{rel}","templated":true}]}}