{"id":22853,"date":"2024-08-26T12:30:44","date_gmt":"2024-08-26T15:30:44","guid":{"rendered":"https:\/\/pc.sc.gov.br\/?p=22853"},"modified":"2024-08-26T12:33:00","modified_gmt":"2024-08-26T15:33:00","slug":"implementacao-do-sistema-de-cartas-precatorias-e-do-pcaa-representa-marco-historico-para-as-policias-civis","status":"publish","type":"post","link":"https:\/\/pc.sc.gov.br\/?p=22853","title":{"rendered":"Implementa\u00e7\u00e3o do Sistema de Cartas Precat\u00f3rias e do PCAA representa marco hist\u00f3rico para as Pol\u00edcias Civis"},"content":{"rendered":"\t\t<div data-elementor-type=\"wp-post\" data-elementor-id=\"22853\" class=\"elementor elementor-22853\" data-elementor-post-type=\"post\">\n\t\t\t\t\t\t<section class=\"elementor-section elementor-top-section elementor-element elementor-element-5cf5f00 elementor-section-boxed elementor-section-height-default elementor-section-height-default\" data-id=\"5cf5f00\" data-element_type=\"section\">\n\t\t\t\t\t\t<div class=\"elementor-container elementor-column-gap-default\">\n\t\t\t\t\t<div class=\"elementor-column elementor-col-100 elementor-top-column elementor-element elementor-element-40fcf0b\" data-id=\"40fcf0b\" data-element_type=\"column\">\n\t\t\t<div class=\"elementor-widget-wrap elementor-element-populated\">\n\t\t\t\t\t\t<div class=\"elementor-element elementor-element-a73626e elementor-widget elementor-widget-heading\" data-id=\"a73626e\" data-element_type=\"widget\" data-widget_type=\"heading.default\">\n\t\t\t\t<div class=\"elementor-widget-container\">\n\t\t\t\t\t<h2 class=\"elementor-heading-title elementor-size-default\">Implementa\u00e7\u00e3o do Sistema de Cartas Precat\u00f3rias e do PCAA representa marco hist\u00f3rico para as Pol\u00edcias Civis<\/h2>\t\t\t\t<\/div>\n\t\t\t\t<\/div>\n\t\t\t\t\t<\/div>\n\t\t<\/div>\n\t\t\t\t\t<\/div>\n\t\t<\/section>\n\t\t\t\t<section class=\"elementor-section elementor-top-section elementor-element elementor-element-9daa9be elementor-section-boxed elementor-section-height-default elementor-section-height-default\" data-id=\"9daa9be\" data-element_type=\"section\">\n\t\t\t\t\t\t<div class=\"elementor-container elementor-column-gap-default\">\n\t\t\t\t\t<div class=\"elementor-column elementor-col-100 elementor-top-column elementor-element elementor-element-1ae13e9\" data-id=\"1ae13e9\" data-element_type=\"column\">\n\t\t\t<div class=\"elementor-widget-wrap elementor-element-populated\">\n\t\t\t\t\t\t<div class=\"elementor-element elementor-element-6c1febf elementor-widget elementor-widget-image\" data-id=\"6c1febf\" data-element_type=\"widget\" data-widget_type=\"image.default\">\n\t\t\t\t<div class=\"elementor-widget-container\">\n\t\t\t\t\t\t\t\t\t\t\t\t\t\t\t<img fetchpriority=\"high\" decoding=\"async\" width=\"696\" height=\"614\" src=\"https:\/\/pc.sc.gov.br\/\/wp-content\/uploads\/2024\/08\/142_24-E-mail-Marketing-Carta-Precatoria-Nacional-e1724686228751-1024x904.png\" class=\"attachment-large size-large wp-image-22854\" alt=\"\" srcset=\"https:\/\/pc.sc.gov.br\/\/wp-content\/uploads\/2024\/08\/142_24-E-mail-Marketing-Carta-Precatoria-Nacional-e1724686228751-1024x904.png 1024w, https:\/\/pc.sc.gov.br\/\/wp-content\/uploads\/2024\/08\/142_24-E-mail-Marketing-Carta-Precatoria-Nacional-e1724686228751-300x265.png 300w, https:\/\/pc.sc.gov.br\/\/wp-content\/uploads\/2024\/08\/142_24-E-mail-Marketing-Carta-Precatoria-Nacional-e1724686228751-768x678.png 768w, https:\/\/pc.sc.gov.br\/\/wp-content\/uploads\/2024\/08\/142_24-E-mail-Marketing-Carta-Precatoria-Nacional-e1724686228751.png 1080w\" sizes=\"(max-width: 696px) 100vw, 696px\" \/>\t\t\t\t\t\t\t\t\t\t\t\t\t\t\t<\/div>\n\t\t\t\t<\/div>\n\t\t\t\t\t<\/div>\n\t\t<\/div>\n\t\t\t\t\t<\/div>\n\t\t<\/section>\n\t\t\t\t<section class=\"elementor-section elementor-top-section elementor-element elementor-element-58d40d9 elementor-section-boxed elementor-section-height-default elementor-section-height-default\" data-id=\"58d40d9\" data-element_type=\"section\">\n\t\t\t\t\t\t<div class=\"elementor-container elementor-column-gap-default\">\n\t\t\t\t\t<div class=\"elementor-column elementor-col-100 elementor-top-column elementor-element elementor-element-1c83acb\" data-id=\"1c83acb\" data-element_type=\"column\">\n\t\t\t<div class=\"elementor-widget-wrap elementor-element-populated\">\n\t\t\t\t\t\t<div class=\"elementor-element elementor-element-15830f4 elementor-widget elementor-widget-text-editor\" data-id=\"15830f4\" data-element_type=\"widget\" data-widget_type=\"text-editor.default\">\n\t\t\t\t<div class=\"elementor-widget-container\">\n\t\t\t\t\t\t\t\t\t<p>As Pol\u00edcias Civis de diversas unidades federativas do Brasil comemoram um marco hist\u00f3rico na seguran\u00e7a p\u00fablica com a implementa\u00e7\u00e3o do Sistema de Cartas Precat\u00f3rias\u00a0 e do Sistema de Intercomunica\u00e7\u00e3o das Pol\u00edcias Civis (PCAA &#8211; Ponto de Controle de Autentica\u00e7\u00e3o e Acesso). Lan\u00e7ados oficialmente no dia 20 de agosto de 2024, esses sistemas representam um avan\u00e7o significativo na integra\u00e7\u00e3o e efici\u00eancia das institui\u00e7\u00f5es policiais em todo o pa\u00eds.<\/p><p>O Sistema de Cartas Precat\u00f3rias e o PCAA foram desenvolvidos com o objetivo de interligar as Pol\u00edcias Civis, proporcionando uma comunica\u00e7\u00e3o mais segura e eficiente. A tecnologia permite a troca de informa\u00e7\u00f5es cruciais entre os estados, facilitando processos como a identifica\u00e7\u00e3o de indiv\u00edduos, o compartilhamento de dados e fotografias, e o uso de Intelig\u00eancia Artificial. Esses recursos s\u00e3o vitais para fortalecer a coopera\u00e7\u00e3o interinstitucional e promover uma resposta mais r\u00e1pida e coordenada em opera\u00e7\u00f5es policiais.<\/p><p>Atualmente, os sistemas est\u00e3o em pleno funcionamento nos estados de Mato Grosso (MT), Sergipe (SE), Santa Catarina (SC), S\u00e3o Paulo (SP), Bahia (BA) e Rio Grande do Sul (RS). Em outras unidades, como Rio de Janeiro (RJ), Minas Gerais (MG), Rio Grande do Norte (RN), Maranh\u00e3o (MA), Mato Grosso do Sul (MS), Alagoas (AL) e Tocantins (TO), os sistemas encontram-se em fase de homologa\u00e7\u00e3o, com previs\u00e3o de integra\u00e7\u00e3o total em breve.<\/p><p>Um destaque importante \u00e9 o estado de alta disponibilidade do PCAA em S\u00e3o Paulo, Santa Catarina e Mato Grosso, onde servidores de replica\u00e7\u00e3o garantem a continuidade e seguran\u00e7a da integra\u00e7\u00e3o, assegurando que as opera\u00e7\u00f5es policiais possam contar com tecnologia de ponta para a execu\u00e7\u00e3o de suas atividades.<\/p><p>Essa conquista \u00e9 fruto do empenho das equipes de Tecnologia da Informa\u00e7\u00e3o das Pol\u00edcias Civis de S\u00e3o Paulo, Santa Catarina e Mato Grosso, que trabalharam arduamente nos \u00faltimos 24 meses para tornar esse projeto uma realidade. O sucesso desta integra\u00e7\u00e3o hist\u00f3rica reflete a dedica\u00e7\u00e3o e a compet\u00eancia desses profissionais, cujo trabalho merece reconhecimento e elogio.<\/p><p>O presidente do Comit\u00ea Gestor de Tecnologia das Pol\u00edcias Civis do Brasil, o investigador da Pol\u00edcia Civil de Mato Grosso F\u00e1bio Arruda, celebrou a iniciativa como um marco na coopera\u00e7\u00e3o interinstitucional. \u201cEstamos inaugurando uma nova era onde a seguran\u00e7a, a efici\u00eancia e a troca de informa\u00e7\u00f5es entre as Pol\u00edcias Civis acontecem de forma totalmente digital e automatizada. Estados como Sergipe, Mato Grosso, S\u00e3o Paulo, Santa Catarina, Bahia, Rio Grande do Sul, Minas Gerais e Rio de Janeiro est\u00e3o na vanguarda dessa inova\u00e7\u00e3o. Essa integra\u00e7\u00e3o nacional \u00e9 apenas o come\u00e7o de futuras iniciativas que transformar\u00e3o a maneira como trabalhamos\u201d, destacou.<\/p><p>A implementa\u00e7\u00e3o desses sistemas marca o in\u00edcio de uma nova era para a seguran\u00e7a p\u00fablica brasileira, convidando todos os estados a se unirem a este projeto transformador. A expectativa \u00e9 que, com a amplia\u00e7\u00e3o da integra\u00e7\u00e3o, o Brasil se torne refer\u00eancia em tecnologia aplicada \u00e0 seguran\u00e7a p\u00fablica, promovendo um ambiente mais seguro para todos os cidad\u00e3os.<\/p>\t\t\t\t\t\t\t\t<\/div>\n\t\t\t\t<\/div>\n\t\t\t\t\t<\/div>\n\t\t<\/div>\n\t\t\t\t\t<\/div>\n\t\t<\/section>\n\t\t\t\t<\/div>\n\t\t","protected":false},"excerpt":{"rendered":"<p>Implementa\u00e7\u00e3o do Sistema de Cartas Precat\u00f3rias e do PCAA representa marco hist\u00f3rico para as Pol\u00edcias Civis As Pol\u00edcias Civis de diversas unidades federativas do Brasil comemoram um marco hist\u00f3rico na seguran\u00e7a p\u00fablica com a implementa\u00e7\u00e3o do Sistema de Cartas Precat\u00f3rias\u00a0 e do Sistema de Intercomunica\u00e7\u00e3o das Pol\u00edcias Civis (PCAA &#8211; Ponto de Controle de Autentica\u00e7\u00e3o [&hellip;]<\/p>\n","protected":false},"author":5,"featured_media":22854,"comment_status":"closed","ping_status":"open","sticky":false,"template":"","format":"standard","meta":{"_monsterinsights_skip_tracking":false,"_monsterinsights_sitenote_active":false,"_monsterinsights_sitenote_note":"","_monsterinsights_sitenote_category":0,"footnotes":""},"categories":[1],"tags":[],"class_list":["post-22853","post","type-post","status-publish","format-standard","has-post-thumbnail","hentry","category-sem-categoria"],"_links":{"self":[{"href":"https:\/\/pc.sc.gov.br\/index.php?rest_route=\/wp\/v2\/posts\/22853","targetHints":{"allow":["GET"]}}],"collection":[{"href":"https:\/\/pc.sc.gov.br\/index.php?rest_route=\/wp\/v2\/posts"}],"about":[{"href":"https:\/\/pc.sc.gov.br\/index.php?rest_route=\/wp\/v2\/types\/post"}],"author":[{"embeddable":true,"href":"https:\/\/pc.sc.gov.br\/index.php?rest_route=\/wp\/v2\/users\/5"}],"replies":[{"embeddable":true,"href":"https:\/\/pc.sc.gov.br\/index.php?rest_route=%2Fwp%2Fv2%2Fcomments&post=22853"}],"version-history":[{"count":4,"href":"https:\/\/pc.sc.gov.br\/index.php?rest_route=\/wp\/v2\/posts\/22853\/revisions"}],"predecessor-version":[{"id":22858,"href":"https:\/\/pc.sc.gov.br\/index.php?rest_route=\/wp\/v2\/posts\/22853\/revisions\/22858"}],"wp:featuredmedia":[{"embeddable":true,"href":"https:\/\/pc.sc.gov.br\/index.php?rest_route=\/wp\/v2\/media\/22854"}],"wp:attachment":[{"href":"https:\/\/pc.sc.gov.br\/index.php?rest_route=%2Fwp%2Fv2%2Fmedia&parent=22853"}],"wp:term":[{"taxonomy":"category","embeddable":true,"href":"https:\/\/pc.sc.gov.br\/index.php?rest_route=%2Fwp%2Fv2%2Fcategories&post=22853"},{"taxonomy":"post_tag","embeddable":true,"href":"https:\/\/pc.sc.gov.br\/index.php?rest_route=%2Fwp%2Fv2%2Ftags&post=22853"}],"curies":[{"name":"wp","href":"https:\/\/api.w.org\/{rel}","templated":true}]}}