{"id":22874,"date":"2024-08-26T18:22:00","date_gmt":"2024-08-26T21:22:00","guid":{"rendered":"https:\/\/pc.sc.gov.br\/?p=22874"},"modified":"2024-08-26T18:22:52","modified_gmt":"2024-08-26T21:22:52","slug":"policia-civil-prende-idoso-por-estupro-de-vulneravel-em-braco-do-norte","status":"publish","type":"post","link":"https:\/\/pc.sc.gov.br\/?p=22874","title":{"rendered":"Pol\u00edcia Civil prende idoso por estupro de vulner\u00e1vel em Bra\u00e7o do Norte"},"content":{"rendered":"\t\t<div data-elementor-type=\"wp-post\" data-elementor-id=\"22874\" class=\"elementor elementor-22874\" data-elementor-post-type=\"post\">\n\t\t\t\t\t\t<section class=\"elementor-section elementor-top-section elementor-element elementor-element-b85f539 elementor-section-boxed elementor-section-height-default elementor-section-height-default\" data-id=\"b85f539\" data-element_type=\"section\">\n\t\t\t\t\t\t<div class=\"elementor-container elementor-column-gap-default\">\n\t\t\t\t\t<div class=\"elementor-column elementor-col-100 elementor-top-column elementor-element elementor-element-d1011fe\" data-id=\"d1011fe\" data-element_type=\"column\">\n\t\t\t<div class=\"elementor-widget-wrap elementor-element-populated\">\n\t\t\t\t\t\t<div class=\"elementor-element elementor-element-f712e9e elementor-widget elementor-widget-heading\" data-id=\"f712e9e\" data-element_type=\"widget\" data-widget_type=\"heading.default\">\n\t\t\t\t<div class=\"elementor-widget-container\">\n\t\t\t\t\t<h2 class=\"elementor-heading-title elementor-size-default\">Pol\u00edcia Civil prende idoso por estupro de vulner\u00e1vel em Bra\u00e7o do Norte<\/h2>\t\t\t\t<\/div>\n\t\t\t\t<\/div>\n\t\t\t\t\t<\/div>\n\t\t<\/div>\n\t\t\t\t\t<\/div>\n\t\t<\/section>\n\t\t\t\t<section class=\"elementor-section elementor-top-section elementor-element elementor-element-26ef56c elementor-section-boxed elementor-section-height-default elementor-section-height-default\" data-id=\"26ef56c\" data-element_type=\"section\">\n\t\t\t\t\t\t<div class=\"elementor-container elementor-column-gap-default\">\n\t\t\t\t\t<div class=\"elementor-column elementor-col-100 elementor-top-column elementor-element elementor-element-8d59103\" data-id=\"8d59103\" data-element_type=\"column\">\n\t\t\t<div class=\"elementor-widget-wrap elementor-element-populated\">\n\t\t\t\t\t\t<div class=\"elementor-element elementor-element-0bd99b6 elementor-widget elementor-widget-image\" data-id=\"0bd99b6\" data-element_type=\"widget\" data-widget_type=\"image.default\">\n\t\t\t\t<div class=\"elementor-widget-container\">\n\t\t\t\t\t\t\t\t\t\t\t\t\t\t\t<img fetchpriority=\"high\" decoding=\"async\" width=\"696\" height=\"529\" src=\"https:\/\/pc.sc.gov.br\/\/wp-content\/uploads\/2024\/08\/WhatsApp-Image-2024-01-30-at-16.33.05-fotor-202405031461.jpg\" class=\"attachment-large size-large wp-image-22445\" alt=\"\" srcset=\"https:\/\/pc.sc.gov.br\/\/wp-content\/uploads\/2024\/08\/WhatsApp-Image-2024-01-30-at-16.33.05-fotor-202405031461.jpg 969w, https:\/\/pc.sc.gov.br\/\/wp-content\/uploads\/2024\/08\/WhatsApp-Image-2024-01-30-at-16.33.05-fotor-202405031461-300x228.jpg 300w, https:\/\/pc.sc.gov.br\/\/wp-content\/uploads\/2024\/08\/WhatsApp-Image-2024-01-30-at-16.33.05-fotor-202405031461-768x583.jpg 768w\" sizes=\"(max-width: 696px) 100vw, 696px\" \/>\t\t\t\t\t\t\t\t\t\t\t\t\t\t\t<\/div>\n\t\t\t\t<\/div>\n\t\t\t\t\t<\/div>\n\t\t<\/div>\n\t\t\t\t\t<\/div>\n\t\t<\/section>\n\t\t\t\t<section class=\"elementor-section elementor-top-section elementor-element elementor-element-1f0ed7c elementor-section-boxed elementor-section-height-default elementor-section-height-default\" data-id=\"1f0ed7c\" data-element_type=\"section\">\n\t\t\t\t\t\t<div class=\"elementor-container elementor-column-gap-default\">\n\t\t\t\t\t<div class=\"elementor-column elementor-col-100 elementor-top-column elementor-element elementor-element-3b18e75\" data-id=\"3b18e75\" data-element_type=\"column\">\n\t\t\t<div class=\"elementor-widget-wrap elementor-element-populated\">\n\t\t\t\t\t\t<div class=\"elementor-element elementor-element-2ae33ca elementor-widget elementor-widget-text-editor\" data-id=\"2ae33ca\" data-element_type=\"widget\" data-widget_type=\"text-editor.default\">\n\t\t\t\t<div class=\"elementor-widget-container\">\n\t\t\t\t\t\t\t\t\t<p>Nesta segunda-feira (26\/08), a Pol\u00edcia Civil de Santa Catarina, por meio da Delegacia de Pol\u00edcia da Comarca de Bra\u00e7o do Norte, cumpriu mandado de pris\u00e3o preventiva contra um idoso indiciado pelo crime de estupro de vulner\u00e1vel. A pris\u00e3o preventiva ocorreu na cidade de Lauro Muller, onde o idoso se escondia na casa de um parente.<br \/><br \/>Tal homem foi investigado por ter ido at\u00e9 o quarto da neta ao amanhecer e ter tocado as partes \u00edntimas da crian\u00e7a de 10 anos. A crian\u00e7a ao acordar com os toques criminosos correu ao quarto da av\u00f3 e contou sobre o ocorrido. Os pais da crian\u00e7a, que viajavam no dia do fato, registraram boletim de ocorr\u00eancia acerca do crime, sendo que o suspeito fugiu na mesma data e permaneceu em local n\u00e3o sabido at\u00e9 os \u00faltimos dias.<br \/><br \/>A pris\u00e3o preventiva do idoso foi decretada ap\u00f3s representa\u00e7\u00e3o da Pol\u00edcia Civil, pois a fuga do suspeito evidenciou sua pretens\u00e3o de n\u00e3o se submeter \u00e0s consequ\u00eancias do processo penal e eventual pena. Um novo inqu\u00e9rito policial foi instaurado ap\u00f3s o indiciamento do suspeito no primeiro procedimento, pois uma outra neta do idoso, que conta apenas com 8 anos, noticiou posteriormente para a pr\u00f3pria m\u00e3e que era tocada em suas regi\u00f5es \u00edntimas pelo av\u00f4 e amea\u00e7ada para que nada contasse \u00e0 m\u00e3e.<br \/><br \/>Os crimes contra as crian\u00e7as ocorreram na cidade de Bra\u00e7o do Norte. O idoso preso foi levado ao Pres\u00eddio de Tubar\u00e3o, ap\u00f3s os procedimentos policiais necess\u00e1rios.<\/p>\t\t\t\t\t\t\t\t<\/div>\n\t\t\t\t<\/div>\n\t\t\t\t\t<\/div>\n\t\t<\/div>\n\t\t\t\t\t<\/div>\n\t\t<\/section>\n\t\t\t\t<\/div>\n\t\t","protected":false},"excerpt":{"rendered":"<p>Pol\u00edcia Civil prende idoso por estupro de vulner\u00e1vel em Bra\u00e7o do Norte Nesta segunda-feira (26\/08), a Pol\u00edcia Civil de Santa Catarina, por meio da Delegacia de Pol\u00edcia da Comarca de Bra\u00e7o do Norte, cumpriu mandado de pris\u00e3o preventiva contra um idoso indiciado pelo crime de estupro de vulner\u00e1vel. A pris\u00e3o preventiva ocorreu na cidade de [&hellip;]<\/p>\n","protected":false},"author":5,"featured_media":22167,"comment_status":"closed","ping_status":"open","sticky":false,"template":"","format":"standard","meta":{"_monsterinsights_skip_tracking":false,"_monsterinsights_sitenote_active":false,"_monsterinsights_sitenote_note":"","_monsterinsights_sitenote_category":0,"footnotes":""},"categories":[1],"tags":[],"class_list":["post-22874","post","type-post","status-publish","format-standard","has-post-thumbnail","hentry","category-sem-categoria"],"_links":{"self":[{"href":"https:\/\/pc.sc.gov.br\/index.php?rest_route=\/wp\/v2\/posts\/22874","targetHints":{"allow":["GET"]}}],"collection":[{"href":"https:\/\/pc.sc.gov.br\/index.php?rest_route=\/wp\/v2\/posts"}],"about":[{"href":"https:\/\/pc.sc.gov.br\/index.php?rest_route=\/wp\/v2\/types\/post"}],"author":[{"embeddable":true,"href":"https:\/\/pc.sc.gov.br\/index.php?rest_route=\/wp\/v2\/users\/5"}],"replies":[{"embeddable":true,"href":"https:\/\/pc.sc.gov.br\/index.php?rest_route=%2Fwp%2Fv2%2Fcomments&post=22874"}],"version-history":[{"count":4,"href":"https:\/\/pc.sc.gov.br\/index.php?rest_route=\/wp\/v2\/posts\/22874\/revisions"}],"predecessor-version":[{"id":22878,"href":"https:\/\/pc.sc.gov.br\/index.php?rest_route=\/wp\/v2\/posts\/22874\/revisions\/22878"}],"wp:featuredmedia":[{"embeddable":true,"href":"https:\/\/pc.sc.gov.br\/index.php?rest_route=\/wp\/v2\/media\/22167"}],"wp:attachment":[{"href":"https:\/\/pc.sc.gov.br\/index.php?rest_route=%2Fwp%2Fv2%2Fmedia&parent=22874"}],"wp:term":[{"taxonomy":"category","embeddable":true,"href":"https:\/\/pc.sc.gov.br\/index.php?rest_route=%2Fwp%2Fv2%2Fcategories&post=22874"},{"taxonomy":"post_tag","embeddable":true,"href":"https:\/\/pc.sc.gov.br\/index.php?rest_route=%2Fwp%2Fv2%2Ftags&post=22874"}],"curies":[{"name":"wp","href":"https:\/\/api.w.org\/{rel}","templated":true}]}}