{"id":22879,"date":"2024-08-26T18:29:04","date_gmt":"2024-08-26T21:29:04","guid":{"rendered":"https:\/\/pc.sc.gov.br\/?p=22879"},"modified":"2024-08-26T18:56:20","modified_gmt":"2024-08-26T21:56:20","slug":"pcsc-cumpre-dois-mandados-de-prisao-e-tres-de-busca-em-investigacao-sobre-roubo-de-carga-de-vinho-em-garuva","status":"publish","type":"post","link":"https:\/\/pc.sc.gov.br\/?p=22879","title":{"rendered":"PCSC cumpre dois mandados de pris\u00e3o e tr\u00eas de busca em investiga\u00e7\u00e3o sobre roubo de carga de vinho em Garuva"},"content":{"rendered":"\t\t<div data-elementor-type=\"wp-post\" data-elementor-id=\"22879\" class=\"elementor elementor-22879\" data-elementor-post-type=\"post\">\n\t\t\t\t\t\t<section class=\"elementor-section elementor-top-section elementor-element elementor-element-5888e8e elementor-section-boxed elementor-section-height-default elementor-section-height-default\" data-id=\"5888e8e\" data-element_type=\"section\">\n\t\t\t\t\t\t<div class=\"elementor-container elementor-column-gap-default\">\n\t\t\t\t\t<div class=\"elementor-column elementor-col-100 elementor-top-column elementor-element elementor-element-8e5cc06\" data-id=\"8e5cc06\" data-element_type=\"column\">\n\t\t\t<div class=\"elementor-widget-wrap elementor-element-populated\">\n\t\t\t\t\t\t<div class=\"elementor-element elementor-element-df2ff54 elementor-widget elementor-widget-heading\" data-id=\"df2ff54\" data-element_type=\"widget\" data-widget_type=\"heading.default\">\n\t\t\t\t<div class=\"elementor-widget-container\">\n\t\t\t\t\t<h2 class=\"elementor-heading-title elementor-size-default\">PCSC cumpre dois mandados de pris\u00e3o e tr\u00eas de busca em investiga\u00e7\u00e3o sobre roubo de carga de vinho em Garuva<\/h2>\t\t\t\t<\/div>\n\t\t\t\t<\/div>\n\t\t\t\t\t<\/div>\n\t\t<\/div>\n\t\t\t\t\t<\/div>\n\t\t<\/section>\n\t\t\t\t<section class=\"elementor-section elementor-top-section elementor-element elementor-element-bbf07e9 elementor-section-boxed elementor-section-height-default elementor-section-height-default\" data-id=\"bbf07e9\" data-element_type=\"section\">\n\t\t\t\t\t\t<div class=\"elementor-container elementor-column-gap-default\">\n\t\t\t\t\t<div class=\"elementor-column elementor-col-100 elementor-top-column elementor-element elementor-element-8283502\" data-id=\"8283502\" data-element_type=\"column\">\n\t\t\t<div class=\"elementor-widget-wrap elementor-element-populated\">\n\t\t\t\t\t\t<div class=\"elementor-element elementor-element-a679d9a elementor-widget elementor-widget-image\" data-id=\"a679d9a\" data-element_type=\"widget\" data-widget_type=\"image.default\">\n\t\t\t\t<div class=\"elementor-widget-container\">\n\t\t\t\t\t\t\t\t\t\t\t\t\t\t\t<img fetchpriority=\"high\" decoding=\"async\" width=\"696\" height=\"522\" src=\"https:\/\/pc.sc.gov.br\/\/wp-content\/uploads\/2024\/08\/WhatsApp-Image-2024-08-26-at-18.49.17-1024x768.jpeg\" class=\"attachment-large size-large wp-image-22891\" alt=\"\" srcset=\"https:\/\/pc.sc.gov.br\/\/wp-content\/uploads\/2024\/08\/WhatsApp-Image-2024-08-26-at-18.49.17-1024x768.jpeg 1024w, https:\/\/pc.sc.gov.br\/\/wp-content\/uploads\/2024\/08\/WhatsApp-Image-2024-08-26-at-18.49.17-300x225.jpeg 300w, https:\/\/pc.sc.gov.br\/\/wp-content\/uploads\/2024\/08\/WhatsApp-Image-2024-08-26-at-18.49.17-768x576.jpeg 768w, https:\/\/pc.sc.gov.br\/\/wp-content\/uploads\/2024\/08\/WhatsApp-Image-2024-08-26-at-18.49.17-1536x1152.jpeg 1536w, https:\/\/pc.sc.gov.br\/\/wp-content\/uploads\/2024\/08\/WhatsApp-Image-2024-08-26-at-18.49.17-2048x1536.jpeg 2048w\" sizes=\"(max-width: 696px) 100vw, 696px\" \/>\t\t\t\t\t\t\t\t\t\t\t\t\t\t\t<\/div>\n\t\t\t\t<\/div>\n\t\t\t\t\t<\/div>\n\t\t<\/div>\n\t\t\t\t\t<\/div>\n\t\t<\/section>\n\t\t\t\t<section class=\"elementor-section elementor-top-section elementor-element elementor-element-edb0bd6 elementor-section-boxed elementor-section-height-default elementor-section-height-default\" data-id=\"edb0bd6\" data-element_type=\"section\">\n\t\t\t\t\t\t<div class=\"elementor-container elementor-column-gap-default\">\n\t\t\t\t\t<div class=\"elementor-column elementor-col-100 elementor-top-column elementor-element elementor-element-edfdb3d\" data-id=\"edfdb3d\" data-element_type=\"column\">\n\t\t\t<div class=\"elementor-widget-wrap elementor-element-populated\">\n\t\t\t\t\t\t<div class=\"elementor-element elementor-element-44ea50a elementor-widget elementor-widget-text-editor\" data-id=\"44ea50a\" data-element_type=\"widget\" data-widget_type=\"text-editor.default\">\n\t\t\t\t<div class=\"elementor-widget-container\">\n\t\t\t\t\t\t\t\t\t<p>A Pol\u00edcia Civil de Santa Catarina, por meio da Delegacia de Furtos e Roubos de Cargas (DFRC\/DEIC) deflagrou nesta segunda-feira (26) uma opera\u00e7\u00e3o policial em Garuva. Foram cumpridos tr\u00eas mandados de pris\u00e3o e dois de busca e apreens\u00e3o. A investiga\u00e7\u00e3o tem por finalidade elucidar a pr\u00e1tica de crime de roubo ocorrido no dia 05\/03\/2024. Na ocasi\u00e3o foi subtra\u00edda carga composta de 1.656 garrafas de vinho italiano com valor de importa\u00e7\u00e3o no montante de R$ 42.956,64.<\/p>\n<p>De acordo com a v\u00edtima\/motorista, por volta da meia-noite acordou com uma batida no vidro do caminh\u00e3o e, como estava deitado, levantou e foi virar a chave do caminh\u00e3o, para baixar o vidro. Neste momento jogaram uma pedra quebrando o vidro e, na sequ\u00eancia, abriram a porta. Nesse momento, a v\u00edtima visualizou tr\u00eas assaltantes. Durante o roubo, para amedrontar a v\u00edtima os criminosos giravam o tambor do rev\u00f3lver e realizavam amea\u00e7as.<\/p>\n<p>A investiga\u00e7\u00e3o, coordenada pelo Delegado de Pol\u00edcia Osnei Valdir de Oliveira, identificou os envolvidos e hoje (26) com apoio operacional de policiais civis da Delegacia de Garuva, deu cumprimento aos mandados judiciais. Foram apreendidos documentos\/objetos que ser\u00e3o analisados pela equipe de Investiga\u00e7\u00e3o da DFRC\/DEIC objetivando identificar demais envolvidos.<\/p>\n<p><b>Den\u00fancias e informa\u00e7\u00f5es relacionadas a Roubo de Cargas podem ser encaminhadas para o e-mail deic-dfrc@pc.sc.gov.br da POL\u00cdCIA CIVIL, sendo garantido o anonimato.<\/b><\/p>\t\t\t\t\t\t\t\t<\/div>\n\t\t\t\t<\/div>\n\t\t\t\t\t<\/div>\n\t\t<\/div>\n\t\t\t\t\t<\/div>\n\t\t<\/section>\n\t\t\t\t<\/div>\n\t\t","protected":false},"excerpt":{"rendered":"<p>PCSC cumpre dois mandados de pris\u00e3o e tr\u00eas de busca em investiga\u00e7\u00e3o sobre roubo de carga de vinho em Garuva A Pol\u00edcia Civil de Santa Catarina, por meio da Delegacia de Furtos e Roubos de Cargas (DFRC\/DEIC) deflagrou nesta segunda-feira (26) uma opera\u00e7\u00e3o policial em Garuva. Foram cumpridos tr\u00eas mandados de pris\u00e3o e dois de [&hellip;]<\/p>\n","protected":false},"author":5,"featured_media":22891,"comment_status":"closed","ping_status":"open","sticky":false,"template":"","format":"standard","meta":{"_monsterinsights_skip_tracking":false,"_monsterinsights_sitenote_active":false,"_monsterinsights_sitenote_note":"","_monsterinsights_sitenote_category":0,"footnotes":""},"categories":[1],"tags":[],"class_list":["post-22879","post","type-post","status-publish","format-standard","has-post-thumbnail","hentry","category-sem-categoria"],"_links":{"self":[{"href":"https:\/\/pc.sc.gov.br\/index.php?rest_route=\/wp\/v2\/posts\/22879","targetHints":{"allow":["GET"]}}],"collection":[{"href":"https:\/\/pc.sc.gov.br\/index.php?rest_route=\/wp\/v2\/posts"}],"about":[{"href":"https:\/\/pc.sc.gov.br\/index.php?rest_route=\/wp\/v2\/types\/post"}],"author":[{"embeddable":true,"href":"https:\/\/pc.sc.gov.br\/index.php?rest_route=\/wp\/v2\/users\/5"}],"replies":[{"embeddable":true,"href":"https:\/\/pc.sc.gov.br\/index.php?rest_route=%2Fwp%2Fv2%2Fcomments&post=22879"}],"version-history":[{"count":7,"href":"https:\/\/pc.sc.gov.br\/index.php?rest_route=\/wp\/v2\/posts\/22879\/revisions"}],"predecessor-version":[{"id":22894,"href":"https:\/\/pc.sc.gov.br\/index.php?rest_route=\/wp\/v2\/posts\/22879\/revisions\/22894"}],"wp:featuredmedia":[{"embeddable":true,"href":"https:\/\/pc.sc.gov.br\/index.php?rest_route=\/wp\/v2\/media\/22891"}],"wp:attachment":[{"href":"https:\/\/pc.sc.gov.br\/index.php?rest_route=%2Fwp%2Fv2%2Fmedia&parent=22879"}],"wp:term":[{"taxonomy":"category","embeddable":true,"href":"https:\/\/pc.sc.gov.br\/index.php?rest_route=%2Fwp%2Fv2%2Fcategories&post=22879"},{"taxonomy":"post_tag","embeddable":true,"href":"https:\/\/pc.sc.gov.br\/index.php?rest_route=%2Fwp%2Fv2%2Ftags&post=22879"}],"curies":[{"name":"wp","href":"https:\/\/api.w.org\/{rel}","templated":true}]}}