{"id":22885,"date":"2024-08-26T18:46:34","date_gmt":"2024-08-26T21:46:34","guid":{"rendered":"https:\/\/pc.sc.gov.br\/?p=22885"},"modified":"2024-08-26T18:47:50","modified_gmt":"2024-08-26T21:47:50","slug":"pcsc-cumpre-mandado-de-prisao-preventiva-contra-mulher-investigada-pelo-crime-de-tortura-em-ascurra","status":"publish","type":"post","link":"https:\/\/pc.sc.gov.br\/?p=22885","title":{"rendered":"PCSC cumpre mandado de pris\u00e3o preventiva contra mulher investigada pelo crime de tortura em Ascurra"},"content":{"rendered":"\t\t<div data-elementor-type=\"wp-post\" data-elementor-id=\"22885\" class=\"elementor elementor-22885\" data-elementor-post-type=\"post\">\n\t\t\t\t\t\t<section class=\"elementor-section elementor-top-section elementor-element elementor-element-f304142 elementor-section-boxed elementor-section-height-default elementor-section-height-default\" data-id=\"f304142\" data-element_type=\"section\">\n\t\t\t\t\t\t<div class=\"elementor-container elementor-column-gap-default\">\n\t\t\t\t\t<div class=\"elementor-column elementor-col-100 elementor-top-column elementor-element elementor-element-0a3363f\" data-id=\"0a3363f\" data-element_type=\"column\">\n\t\t\t<div class=\"elementor-widget-wrap elementor-element-populated\">\n\t\t\t\t\t\t<div class=\"elementor-element elementor-element-bb0d5b6 elementor-widget elementor-widget-heading\" data-id=\"bb0d5b6\" data-element_type=\"widget\" data-widget_type=\"heading.default\">\n\t\t\t\t<div class=\"elementor-widget-container\">\n\t\t\t\t\t<h2 class=\"elementor-heading-title elementor-size-default\">PCSC cumpre mandado de pris\u00e3o preventiva contra mulher investigada pelo crime de tortura em Ascurra<\/h2>\t\t\t\t<\/div>\n\t\t\t\t<\/div>\n\t\t\t\t\t<\/div>\n\t\t<\/div>\n\t\t\t\t\t<\/div>\n\t\t<\/section>\n\t\t\t\t<section class=\"elementor-section elementor-top-section elementor-element elementor-element-6c07f23 elementor-section-boxed elementor-section-height-default elementor-section-height-default\" data-id=\"6c07f23\" data-element_type=\"section\">\n\t\t\t\t\t\t<div class=\"elementor-container elementor-column-gap-default\">\n\t\t\t\t\t<div class=\"elementor-column elementor-col-100 elementor-top-column elementor-element elementor-element-dc178cf\" data-id=\"dc178cf\" data-element_type=\"column\">\n\t\t\t<div class=\"elementor-widget-wrap elementor-element-populated\">\n\t\t\t\t\t\t<div class=\"elementor-element elementor-element-cbbab25 elementor-widget elementor-widget-image\" data-id=\"cbbab25\" data-element_type=\"widget\" data-widget_type=\"image.default\">\n\t\t\t\t<div class=\"elementor-widget-container\">\n\t\t\t\t\t\t\t\t\t\t\t\t\t\t\t<img fetchpriority=\"high\" decoding=\"async\" width=\"696\" height=\"575\" src=\"https:\/\/pc.sc.gov.br\/\/wp-content\/uploads\/2024\/08\/e222942a-2328-4fcb-af11-6100fa7f0a1d-fotor-20240826184322.jpg\" class=\"attachment-large size-large wp-image-22886\" alt=\"\" srcset=\"https:\/\/pc.sc.gov.br\/\/wp-content\/uploads\/2024\/08\/e222942a-2328-4fcb-af11-6100fa7f0a1d-fotor-20240826184322.jpg 906w, https:\/\/pc.sc.gov.br\/\/wp-content\/uploads\/2024\/08\/e222942a-2328-4fcb-af11-6100fa7f0a1d-fotor-20240826184322-300x248.jpg 300w, https:\/\/pc.sc.gov.br\/\/wp-content\/uploads\/2024\/08\/e222942a-2328-4fcb-af11-6100fa7f0a1d-fotor-20240826184322-768x634.jpg 768w\" sizes=\"(max-width: 696px) 100vw, 696px\" \/>\t\t\t\t\t\t\t\t\t\t\t\t\t\t\t<\/div>\n\t\t\t\t<\/div>\n\t\t\t\t\t<\/div>\n\t\t<\/div>\n\t\t\t\t\t<\/div>\n\t\t<\/section>\n\t\t\t\t<section class=\"elementor-section elementor-top-section elementor-element elementor-element-4d6bb36 elementor-section-boxed elementor-section-height-default elementor-section-height-default\" data-id=\"4d6bb36\" data-element_type=\"section\">\n\t\t\t\t\t\t<div class=\"elementor-container elementor-column-gap-default\">\n\t\t\t\t\t<div class=\"elementor-column elementor-col-100 elementor-top-column elementor-element elementor-element-39f31c9\" data-id=\"39f31c9\" data-element_type=\"column\">\n\t\t\t<div class=\"elementor-widget-wrap elementor-element-populated\">\n\t\t\t\t\t\t<div class=\"elementor-element elementor-element-6080e5d elementor-widget elementor-widget-text-editor\" data-id=\"6080e5d\" data-element_type=\"widget\" data-widget_type=\"text-editor.default\">\n\t\t\t\t<div class=\"elementor-widget-container\">\n\t\t\t\t\t\t\t\t\t<p>A Pol\u00edcia Civil de Santa Catarina, atrav\u00e9s da Delegacia de Pol\u00edcia Civil da Comarca de Ascurra, nesta segunda-feira (26) deu cumprimento a um mandado de pris\u00e3o preventiva expedido em desfavor de uma mulher, moradora da cidade de Ascurra, investigada pelo crime de tortura, em tese praticado contra sua filha de tr\u00eas anos de idade. A conduzida \u00e9 alvo de investiga\u00e7\u00e3o policial em que se apura o crime de tortura, delito previsto no Art. 1\u00ba, inciso II da Lei n.\u00ba 9.455 de 1997, com pena que varia entre 2 a 8 anos de reclus\u00e3o.<\/p>\n<p>Com base no conjunto de elementos apurados durante a investiga\u00e7\u00e3o, considerando a gravidade da situa\u00e7\u00e3o, o Delegado Wesley de Sousa Costa representou junto ao Poder Judici\u00e1rio pela pris\u00e3o preventiva da investigada, sendo o pleito referendado pelo Minist\u00e9rio P\u00fablico, culminando com a decreta\u00e7\u00e3o da pris\u00e3o preventiva.<\/p>\n<p>O mandado de pris\u00e3o preventiva restou cumprido no bairro Tamandu\u00e1, na cidade de Ascurra, ap\u00f3s a realiza\u00e7\u00e3o de diversas dilig\u00eancias por policiais lotados no Setor de Investiga\u00e7\u00f5es Criminais da Delegacia da Comarca de Ascurra.&nbsp;<span style=\"font-family: var( --e-global-typography-text-font-family ), Sans-serif; font-size: var( --e-global-typography-text-font-size );\">Ap\u00f3s a pris\u00e3o, a conduzida foi encaminhada ao sistema penitenci\u00e1rio catarinense e aguardar\u00e1 a realiza\u00e7\u00e3o da respectiva audi\u00eancia de cust\u00f3dia, permanecendo \u00e0 disposi\u00e7\u00e3o do Poder Judici\u00e1rio da Comarca de Ascurra.<\/span><\/p>\n<p><span style=\"font-family: var( --e-global-typography-text-font-family ), Sans-serif; font-size: var( --e-global-typography-text-font-size );\"><b>Colabore com a Pol\u00edcia Civil de Ascurra \u2013 Den\u00fancias pelo 047-9.9793-6769 &#8211; Sigilo Absoluto.<\/b><\/span><\/p>\n<div>&nbsp;<\/div>\t\t\t\t\t\t\t\t<\/div>\n\t\t\t\t<\/div>\n\t\t\t\t\t<\/div>\n\t\t<\/div>\n\t\t\t\t\t<\/div>\n\t\t<\/section>\n\t\t\t\t<\/div>\n\t\t","protected":false},"excerpt":{"rendered":"<p>PCSC cumpre mandado de pris\u00e3o preventiva contra mulher investigada pelo crime de tortura em Ascurra A Pol\u00edcia Civil de Santa Catarina, atrav\u00e9s da Delegacia de Pol\u00edcia Civil da Comarca de Ascurra, nesta segunda-feira (26) deu cumprimento a um mandado de pris\u00e3o preventiva expedido em desfavor de uma mulher, moradora da cidade de Ascurra, investigada pelo [&hellip;]<\/p>\n","protected":false},"author":5,"featured_media":22886,"comment_status":"closed","ping_status":"open","sticky":false,"template":"","format":"standard","meta":{"_monsterinsights_skip_tracking":false,"_monsterinsights_sitenote_active":false,"_monsterinsights_sitenote_note":"","_monsterinsights_sitenote_category":0,"footnotes":""},"categories":[1],"tags":[],"class_list":["post-22885","post","type-post","status-publish","format-standard","has-post-thumbnail","hentry","category-sem-categoria"],"_links":{"self":[{"href":"https:\/\/pc.sc.gov.br\/index.php?rest_route=\/wp\/v2\/posts\/22885","targetHints":{"allow":["GET"]}}],"collection":[{"href":"https:\/\/pc.sc.gov.br\/index.php?rest_route=\/wp\/v2\/posts"}],"about":[{"href":"https:\/\/pc.sc.gov.br\/index.php?rest_route=\/wp\/v2\/types\/post"}],"author":[{"embeddable":true,"href":"https:\/\/pc.sc.gov.br\/index.php?rest_route=\/wp\/v2\/users\/5"}],"replies":[{"embeddable":true,"href":"https:\/\/pc.sc.gov.br\/index.php?rest_route=%2Fwp%2Fv2%2Fcomments&post=22885"}],"version-history":[{"count":4,"href":"https:\/\/pc.sc.gov.br\/index.php?rest_route=\/wp\/v2\/posts\/22885\/revisions"}],"predecessor-version":[{"id":22890,"href":"https:\/\/pc.sc.gov.br\/index.php?rest_route=\/wp\/v2\/posts\/22885\/revisions\/22890"}],"wp:featuredmedia":[{"embeddable":true,"href":"https:\/\/pc.sc.gov.br\/index.php?rest_route=\/wp\/v2\/media\/22886"}],"wp:attachment":[{"href":"https:\/\/pc.sc.gov.br\/index.php?rest_route=%2Fwp%2Fv2%2Fmedia&parent=22885"}],"wp:term":[{"taxonomy":"category","embeddable":true,"href":"https:\/\/pc.sc.gov.br\/index.php?rest_route=%2Fwp%2Fv2%2Fcategories&post=22885"},{"taxonomy":"post_tag","embeddable":true,"href":"https:\/\/pc.sc.gov.br\/index.php?rest_route=%2Fwp%2Fv2%2Ftags&post=22885"}],"curies":[{"name":"wp","href":"https:\/\/api.w.org\/{rel}","templated":true}]}}