{"id":22895,"date":"2024-08-26T19:04:40","date_gmt":"2024-08-26T22:04:40","guid":{"rendered":"https:\/\/pc.sc.gov.br\/?p=22895"},"modified":"2024-08-26T19:05:25","modified_gmt":"2024-08-26T22:05:25","slug":"policia-civil-prende-suspeito-de-onda-furtos-na-regiao-do-andrino-em-tubarao","status":"publish","type":"post","link":"https:\/\/pc.sc.gov.br\/?p=22895","title":{"rendered":"Pol\u00edcia Civil prende suspeito de onda furtos na regi\u00e3o do Andrino em Tubar\u00e3o"},"content":{"rendered":"\t\t<div data-elementor-type=\"wp-post\" data-elementor-id=\"22895\" class=\"elementor elementor-22895\" data-elementor-post-type=\"post\">\n\t\t\t\t\t\t<section class=\"elementor-section elementor-top-section elementor-element elementor-element-606666a elementor-section-boxed elementor-section-height-default elementor-section-height-default\" data-id=\"606666a\" data-element_type=\"section\">\n\t\t\t\t\t\t<div class=\"elementor-container elementor-column-gap-default\">\n\t\t\t\t\t<div class=\"elementor-column elementor-col-100 elementor-top-column elementor-element elementor-element-bbe7332\" data-id=\"bbe7332\" data-element_type=\"column\">\n\t\t\t<div class=\"elementor-widget-wrap elementor-element-populated\">\n\t\t\t\t\t\t<div class=\"elementor-element elementor-element-5020f3a elementor-widget elementor-widget-heading\" data-id=\"5020f3a\" data-element_type=\"widget\" data-widget_type=\"heading.default\">\n\t\t\t\t<div class=\"elementor-widget-container\">\n\t\t\t\t\t<h2 class=\"elementor-heading-title elementor-size-default\">Pol\u00edcia Civil prende suspeito de onda furtos na regi\u00e3o do Andrino em Tubar\u00e3o<\/h2>\t\t\t\t<\/div>\n\t\t\t\t<\/div>\n\t\t\t\t\t<\/div>\n\t\t<\/div>\n\t\t\t\t\t<\/div>\n\t\t<\/section>\n\t\t\t\t<section class=\"elementor-section elementor-top-section elementor-element elementor-element-ffc1612 elementor-section-boxed elementor-section-height-default elementor-section-height-default\" data-id=\"ffc1612\" data-element_type=\"section\">\n\t\t\t\t\t\t<div class=\"elementor-container elementor-column-gap-default\">\n\t\t\t\t\t<div class=\"elementor-column elementor-col-100 elementor-top-column elementor-element elementor-element-bf6d46f\" data-id=\"bf6d46f\" data-element_type=\"column\">\n\t\t\t<div class=\"elementor-widget-wrap elementor-element-populated\">\n\t\t\t\t\t\t<div class=\"elementor-element elementor-element-f399b62 elementor-widget elementor-widget-image\" data-id=\"f399b62\" data-element_type=\"widget\" data-widget_type=\"image.default\">\n\t\t\t\t<div class=\"elementor-widget-container\">\n\t\t\t\t\t\t\t\t\t\t\t\t\t\t\t<img fetchpriority=\"high\" decoding=\"async\" width=\"602\" height=\"510\" src=\"https:\/\/pc.sc.gov.br\/\/wp-content\/uploads\/2023\/11\/DIC-DE-TUBARAO.jpeg\" class=\"attachment-large size-large wp-image-15637\" alt=\"\" srcset=\"https:\/\/pc.sc.gov.br\/\/wp-content\/uploads\/2023\/11\/DIC-DE-TUBARAO.jpeg 602w, https:\/\/pc.sc.gov.br\/\/wp-content\/uploads\/2023\/11\/DIC-DE-TUBARAO-300x254.jpeg 300w\" sizes=\"(max-width: 602px) 100vw, 602px\" \/>\t\t\t\t\t\t\t\t\t\t\t\t\t\t\t<\/div>\n\t\t\t\t<\/div>\n\t\t\t\t\t<\/div>\n\t\t<\/div>\n\t\t\t\t\t<\/div>\n\t\t<\/section>\n\t\t\t\t<section class=\"elementor-section elementor-top-section elementor-element elementor-element-66b0b14 elementor-section-boxed elementor-section-height-default elementor-section-height-default\" data-id=\"66b0b14\" data-element_type=\"section\">\n\t\t\t\t\t\t<div class=\"elementor-container elementor-column-gap-default\">\n\t\t\t\t\t<div class=\"elementor-column elementor-col-100 elementor-top-column elementor-element elementor-element-eb8a2b9\" data-id=\"eb8a2b9\" data-element_type=\"column\">\n\t\t\t<div class=\"elementor-widget-wrap elementor-element-populated\">\n\t\t\t\t\t\t<div class=\"elementor-element elementor-element-335d8ab elementor-widget elementor-widget-text-editor\" data-id=\"335d8ab\" data-element_type=\"widget\" data-widget_type=\"text-editor.default\">\n\t\t\t\t<div class=\"elementor-widget-container\">\n\t\t\t\t\t\t\t\t\t<p>A Pol\u00edcia Civil de Santa Catarina, por meio da Divis\u00e3o de Investiga\u00e7\u00e3o Criminal de Tubar\u00e3o, na \u00faltima sexta-feira (23\/08\/2024), prendeu preventivamente um suspeito de diversos furtos na regi\u00e3o do Andrino, em Tubar\u00e3o.<\/p><p>A DIC de Tubar\u00e3o tomou conhecimento de que in\u00fameros furtos, sobretudo a resid\u00eancias, passaram a ocorrer no \u00faltimo m\u00eas, ap\u00f3s um indiv\u00edduo contumaz na pr\u00e1tica de furtos ter sido posto em liberdade com o uso de tornozeleira eletr\u00f4nica. Passou-se ent\u00e3o a diligenciar no sentido de angariar elementos probat\u00f3rios acerca de pelo menos quatro furtos.<\/p><p>Ap\u00f3s a coleta de imagens e outras provas, instaurou-se o competente inqu\u00e9rito policial e a Pol\u00edcia Civil representou pela pris\u00e3o preventiva do investigado. O pedido restou deferido pelo ju\u00edzo da 1\u00ba Vara Criminal da Comarca de Tubar\u00e3o.<\/p><p>De posse do mandado de pris\u00e3o, os investigadores da DIC de Tubar\u00e3o, com o apoio da Delegacia de Pol\u00edcia da Comarca de Tubar\u00e3o, realizou a pris\u00e3o do suspeito na cidade de Laguna. O homem foi encaminhado ao Pres\u00eddio Regional de Tubar\u00e3o.<\/p><p>\u00c9 importante ressaltar que, infelizmente, muitas v\u00edtimas n\u00e3o registraram o respectivo boletim de ocorr\u00eancia.<\/p>\t\t\t\t\t\t\t\t<\/div>\n\t\t\t\t<\/div>\n\t\t\t\t\t<\/div>\n\t\t<\/div>\n\t\t\t\t\t<\/div>\n\t\t<\/section>\n\t\t\t\t<\/div>\n\t\t","protected":false},"excerpt":{"rendered":"<p>Pol\u00edcia Civil prende suspeito de onda furtos na regi\u00e3o do Andrino em Tubar\u00e3o A Pol\u00edcia Civil de Santa Catarina, por meio da Divis\u00e3o de Investiga\u00e7\u00e3o Criminal de Tubar\u00e3o, na \u00faltima sexta-feira (23\/08\/2024), prendeu preventivamente um suspeito de diversos furtos na regi\u00e3o do Andrino, em Tubar\u00e3o. A DIC de Tubar\u00e3o tomou conhecimento de que in\u00fameros furtos, [&hellip;]<\/p>\n","protected":false},"author":5,"featured_media":15637,"comment_status":"closed","ping_status":"open","sticky":false,"template":"","format":"standard","meta":{"_monsterinsights_skip_tracking":false,"_monsterinsights_sitenote_active":false,"_monsterinsights_sitenote_note":"","_monsterinsights_sitenote_category":0,"footnotes":""},"categories":[1],"tags":[],"class_list":["post-22895","post","type-post","status-publish","format-standard","has-post-thumbnail","hentry","category-sem-categoria"],"_links":{"self":[{"href":"https:\/\/pc.sc.gov.br\/index.php?rest_route=\/wp\/v2\/posts\/22895","targetHints":{"allow":["GET"]}}],"collection":[{"href":"https:\/\/pc.sc.gov.br\/index.php?rest_route=\/wp\/v2\/posts"}],"about":[{"href":"https:\/\/pc.sc.gov.br\/index.php?rest_route=\/wp\/v2\/types\/post"}],"author":[{"embeddable":true,"href":"https:\/\/pc.sc.gov.br\/index.php?rest_route=\/wp\/v2\/users\/5"}],"replies":[{"embeddable":true,"href":"https:\/\/pc.sc.gov.br\/index.php?rest_route=%2Fwp%2Fv2%2Fcomments&post=22895"}],"version-history":[{"count":4,"href":"https:\/\/pc.sc.gov.br\/index.php?rest_route=\/wp\/v2\/posts\/22895\/revisions"}],"predecessor-version":[{"id":22899,"href":"https:\/\/pc.sc.gov.br\/index.php?rest_route=\/wp\/v2\/posts\/22895\/revisions\/22899"}],"wp:featuredmedia":[{"embeddable":true,"href":"https:\/\/pc.sc.gov.br\/index.php?rest_route=\/wp\/v2\/media\/15637"}],"wp:attachment":[{"href":"https:\/\/pc.sc.gov.br\/index.php?rest_route=%2Fwp%2Fv2%2Fmedia&parent=22895"}],"wp:term":[{"taxonomy":"category","embeddable":true,"href":"https:\/\/pc.sc.gov.br\/index.php?rest_route=%2Fwp%2Fv2%2Fcategories&post=22895"},{"taxonomy":"post_tag","embeddable":true,"href":"https:\/\/pc.sc.gov.br\/index.php?rest_route=%2Fwp%2Fv2%2Ftags&post=22895"}],"curies":[{"name":"wp","href":"https:\/\/api.w.org\/{rel}","templated":true}]}}