{"id":22902,"date":"2024-08-27T14:16:41","date_gmt":"2024-08-27T17:16:41","guid":{"rendered":"https:\/\/pc.sc.gov.br\/?p=22902"},"modified":"2024-08-27T14:17:28","modified_gmt":"2024-08-27T17:17:28","slug":"em-tubarao-policia-civil-prende-homem-condenado-por-pelo-menos-nove-homicidios-ocorridos-na-cidade-de-charqueadas-no-rs-e-associacao-criminosa","status":"publish","type":"post","link":"https:\/\/pc.sc.gov.br\/?p=22902","title":{"rendered":"Em Tubar\u00e3o, Pol\u00edcia Civil prende homem condenado por pelo menos nove homic\u00eddios ocorridos na cidade de Charqueadas no RS e associa\u00e7\u00e3o criminosa"},"content":{"rendered":"\t\t<div data-elementor-type=\"wp-post\" data-elementor-id=\"22902\" class=\"elementor elementor-22902\" data-elementor-post-type=\"post\">\n\t\t\t\t\t\t<section class=\"elementor-section elementor-top-section elementor-element elementor-element-088b085 elementor-section-boxed elementor-section-height-default elementor-section-height-default\" data-id=\"088b085\" data-element_type=\"section\">\n\t\t\t\t\t\t<div class=\"elementor-container elementor-column-gap-default\">\n\t\t\t\t\t<div class=\"elementor-column elementor-col-100 elementor-top-column elementor-element elementor-element-32f69a8\" data-id=\"32f69a8\" data-element_type=\"column\">\n\t\t\t<div class=\"elementor-widget-wrap elementor-element-populated\">\n\t\t\t\t\t\t<div class=\"elementor-element elementor-element-9372157 elementor-widget elementor-widget-heading\" data-id=\"9372157\" data-element_type=\"widget\" data-widget_type=\"heading.default\">\n\t\t\t\t<div class=\"elementor-widget-container\">\n\t\t\t\t\t<h2 class=\"elementor-heading-title elementor-size-default\">Em Tubar\u00e3o, Pol\u00edcia Civil prende homem condenado por pelo menos nove homic\u00eddios ocorridos na cidade de Charqueadas no RS e associa\u00e7\u00e3o criminosa<\/h2>\t\t\t\t<\/div>\n\t\t\t\t<\/div>\n\t\t\t\t\t<\/div>\n\t\t<\/div>\n\t\t\t\t\t<\/div>\n\t\t<\/section>\n\t\t\t\t<section class=\"elementor-section elementor-top-section elementor-element elementor-element-1dbdaa7 elementor-section-boxed elementor-section-height-default elementor-section-height-default\" data-id=\"1dbdaa7\" data-element_type=\"section\">\n\t\t\t\t\t\t<div class=\"elementor-container elementor-column-gap-default\">\n\t\t\t\t\t<div class=\"elementor-column elementor-col-100 elementor-top-column elementor-element elementor-element-1ad93b6\" data-id=\"1ad93b6\" data-element_type=\"column\">\n\t\t\t<div class=\"elementor-widget-wrap elementor-element-populated\">\n\t\t\t\t\t\t<div class=\"elementor-element elementor-element-0c35ff5 elementor-widget elementor-widget-image\" data-id=\"0c35ff5\" data-element_type=\"widget\" data-widget_type=\"image.default\">\n\t\t\t\t<div class=\"elementor-widget-container\">\n\t\t\t\t\t\t\t\t\t\t\t\t\t\t\t<img fetchpriority=\"high\" decoding=\"async\" width=\"499\" height=\"345\" src=\"https:\/\/pc.sc.gov.br\/\/wp-content\/uploads\/2024\/08\/a2dbb181-8fea-4491-9f21-ab050c390973-fotor-2024072216458-1.jpg\" class=\"attachment-large size-large wp-image-22865\" alt=\"\" srcset=\"https:\/\/pc.sc.gov.br\/\/wp-content\/uploads\/2024\/08\/a2dbb181-8fea-4491-9f21-ab050c390973-fotor-2024072216458-1.jpg 499w, https:\/\/pc.sc.gov.br\/\/wp-content\/uploads\/2024\/08\/a2dbb181-8fea-4491-9f21-ab050c390973-fotor-2024072216458-1-300x207.jpg 300w\" sizes=\"(max-width: 499px) 100vw, 499px\" \/>\t\t\t\t\t\t\t\t\t\t\t\t\t\t\t<\/div>\n\t\t\t\t<\/div>\n\t\t\t\t\t<\/div>\n\t\t<\/div>\n\t\t\t\t\t<\/div>\n\t\t<\/section>\n\t\t\t\t<section class=\"elementor-section elementor-top-section elementor-element elementor-element-75feeec elementor-section-boxed elementor-section-height-default elementor-section-height-default\" data-id=\"75feeec\" data-element_type=\"section\">\n\t\t\t\t\t\t<div class=\"elementor-container elementor-column-gap-default\">\n\t\t\t\t\t<div class=\"elementor-column elementor-col-100 elementor-top-column elementor-element elementor-element-6729574\" data-id=\"6729574\" data-element_type=\"column\">\n\t\t\t<div class=\"elementor-widget-wrap elementor-element-populated\">\n\t\t\t\t\t\t<div class=\"elementor-element elementor-element-60559c8 elementor-widget elementor-widget-text-editor\" data-id=\"60559c8\" data-element_type=\"widget\" data-widget_type=\"text-editor.default\">\n\t\t\t\t<div class=\"elementor-widget-container\">\n\t\t\t\t\t\t\t\t\t<p>A Pol\u00edcia Civil de Santa Catarina, por meio da Divis\u00e3o de Investiga\u00e7\u00e3o Criminal de Tubar\u00e3o, na tarde desta segunda-feira (26\/08\/2024), ap\u00f3s troca de informa\u00e7\u00f5es com a Pol\u00edcia Civil do Rio Grande do Sul e cerca de 15 dias de dilig\u00eancias, prendeu indiv\u00edduo condenado por nove homic\u00eddios (tentados e consumados) e associa\u00e7\u00e3o criminosa, fatos ocorridos na cidade de Charqueadas (RS).<\/p><p>A DIC de Tubar\u00e3o recebeu informa\u00e7\u00f5es oriundas da Pol\u00edcia Civil do Rio Grande do Sul dando conta de que um indiv\u00edduo com mandado de pris\u00e3o em seu desfavor estaria em Tubar\u00e3o. De posse dessas informa\u00e7\u00f5es, investigadores da DIC procederam em dilig\u00eancias e, ap\u00f3s cerca de 15 dias de investiga\u00e7\u00e3o, localizaram e prenderam o suspeito no bairro Morrotes.<\/p><p>O indiv\u00edduo foi conduzido \u00e0 sede da DIC de Tubar\u00e3o e ap\u00f3s os procedimentos de Pol\u00edcia Judici\u00e1ria pertinentes foi encaminhado ao Pres\u00eddio Regional de Tubar\u00e3o, onde permanecer\u00e1 \u00e0 disposi\u00e7\u00e3o do Poder Judici\u00e1rio Ga\u00facho.<\/p>\t\t\t\t\t\t\t\t<\/div>\n\t\t\t\t<\/div>\n\t\t\t\t\t<\/div>\n\t\t<\/div>\n\t\t\t\t\t<\/div>\n\t\t<\/section>\n\t\t\t\t<\/div>\n\t\t","protected":false},"excerpt":{"rendered":"<p>Em Tubar\u00e3o, Pol\u00edcia Civil prende homem condenado por pelo menos nove homic\u00eddios ocorridos na cidade de Charqueadas no RS e associa\u00e7\u00e3o criminosa A Pol\u00edcia Civil de Santa Catarina, por meio da Divis\u00e3o de Investiga\u00e7\u00e3o Criminal de Tubar\u00e3o, na tarde desta segunda-feira (26\/08\/2024), ap\u00f3s troca de informa\u00e7\u00f5es com a Pol\u00edcia Civil do Rio Grande do Sul [&hellip;]<\/p>\n","protected":false},"author":5,"featured_media":13840,"comment_status":"closed","ping_status":"open","sticky":false,"template":"","format":"standard","meta":{"_monsterinsights_skip_tracking":false,"_monsterinsights_sitenote_active":false,"_monsterinsights_sitenote_note":"","_monsterinsights_sitenote_category":0,"footnotes":""},"categories":[1],"tags":[],"class_list":["post-22902","post","type-post","status-publish","format-standard","has-post-thumbnail","hentry","category-sem-categoria"],"_links":{"self":[{"href":"https:\/\/pc.sc.gov.br\/index.php?rest_route=\/wp\/v2\/posts\/22902","targetHints":{"allow":["GET"]}}],"collection":[{"href":"https:\/\/pc.sc.gov.br\/index.php?rest_route=\/wp\/v2\/posts"}],"about":[{"href":"https:\/\/pc.sc.gov.br\/index.php?rest_route=\/wp\/v2\/types\/post"}],"author":[{"embeddable":true,"href":"https:\/\/pc.sc.gov.br\/index.php?rest_route=\/wp\/v2\/users\/5"}],"replies":[{"embeddable":true,"href":"https:\/\/pc.sc.gov.br\/index.php?rest_route=%2Fwp%2Fv2%2Fcomments&post=22902"}],"version-history":[{"count":4,"href":"https:\/\/pc.sc.gov.br\/index.php?rest_route=\/wp\/v2\/posts\/22902\/revisions"}],"predecessor-version":[{"id":22906,"href":"https:\/\/pc.sc.gov.br\/index.php?rest_route=\/wp\/v2\/posts\/22902\/revisions\/22906"}],"wp:featuredmedia":[{"embeddable":true,"href":"https:\/\/pc.sc.gov.br\/index.php?rest_route=\/wp\/v2\/media\/13840"}],"wp:attachment":[{"href":"https:\/\/pc.sc.gov.br\/index.php?rest_route=%2Fwp%2Fv2%2Fmedia&parent=22902"}],"wp:term":[{"taxonomy":"category","embeddable":true,"href":"https:\/\/pc.sc.gov.br\/index.php?rest_route=%2Fwp%2Fv2%2Fcategories&post=22902"},{"taxonomy":"post_tag","embeddable":true,"href":"https:\/\/pc.sc.gov.br\/index.php?rest_route=%2Fwp%2Fv2%2Ftags&post=22902"}],"curies":[{"name":"wp","href":"https:\/\/api.w.org\/{rel}","templated":true}]}}