{"id":22907,"date":"2024-08-27T14:41:48","date_gmt":"2024-08-27T17:41:48","guid":{"rendered":"https:\/\/pc.sc.gov.br\/?p=22907"},"modified":"2024-08-27T14:42:38","modified_gmt":"2024-08-27T17:42:38","slug":"policia-civil-deflagra-operacao-mao-grande-ii-e-prende-ex-servidor","status":"publish","type":"post","link":"https:\/\/pc.sc.gov.br\/?p=22907","title":{"rendered":"Pol\u00edcia Civil deflagra opera\u00e7\u00e3o \u201cM\u00e3o Grande II\u201d e prende ex-servidor"},"content":{"rendered":"\t\t<div data-elementor-type=\"wp-post\" data-elementor-id=\"22907\" class=\"elementor elementor-22907\" data-elementor-post-type=\"post\">\n\t\t\t\t\t\t<section class=\"elementor-section elementor-top-section elementor-element elementor-element-0662a98 elementor-section-boxed elementor-section-height-default elementor-section-height-default\" data-id=\"0662a98\" data-element_type=\"section\">\n\t\t\t\t\t\t<div class=\"elementor-container elementor-column-gap-default\">\n\t\t\t\t\t<div class=\"elementor-column elementor-col-100 elementor-top-column elementor-element elementor-element-41c35da\" data-id=\"41c35da\" data-element_type=\"column\">\n\t\t\t<div class=\"elementor-widget-wrap elementor-element-populated\">\n\t\t\t\t\t\t<div class=\"elementor-element elementor-element-9a00688 elementor-widget elementor-widget-heading\" data-id=\"9a00688\" data-element_type=\"widget\" data-widget_type=\"heading.default\">\n\t\t\t\t<div class=\"elementor-widget-container\">\n\t\t\t\t\t<h2 class=\"elementor-heading-title elementor-size-default\">Pol\u00edcia Civil deflagra opera\u00e7\u00e3o \u201cM\u00e3o Grande II\u201d e prende ex-servidor <\/h2>\t\t\t\t<\/div>\n\t\t\t\t<\/div>\n\t\t\t\t\t<\/div>\n\t\t<\/div>\n\t\t\t\t\t<\/div>\n\t\t<\/section>\n\t\t\t\t<section class=\"elementor-section elementor-top-section elementor-element elementor-element-dae6f6f elementor-section-boxed elementor-section-height-default elementor-section-height-default\" data-id=\"dae6f6f\" data-element_type=\"section\">\n\t\t\t\t\t\t<div class=\"elementor-container elementor-column-gap-default\">\n\t\t\t\t\t<div class=\"elementor-column elementor-col-100 elementor-top-column elementor-element elementor-element-ca29525\" data-id=\"ca29525\" data-element_type=\"column\">\n\t\t\t<div class=\"elementor-widget-wrap elementor-element-populated\">\n\t\t\t\t\t\t<div class=\"elementor-element elementor-element-78b73c2 elementor-widget elementor-widget-image\" data-id=\"78b73c2\" data-element_type=\"widget\" data-widget_type=\"image.default\">\n\t\t\t\t<div class=\"elementor-widget-container\">\n\t\t\t\t\t\t\t\t\t\t\t\t\t\t\t<img fetchpriority=\"high\" decoding=\"async\" width=\"696\" height=\"522\" src=\"https:\/\/pc.sc.gov.br\/\/wp-content\/uploads\/2024\/08\/WhatsApp-Image-2024-08-02-at-16.53.34-1.jpeg\" class=\"attachment-large size-large wp-image-22787\" alt=\"\" srcset=\"https:\/\/pc.sc.gov.br\/\/wp-content\/uploads\/2024\/08\/WhatsApp-Image-2024-08-02-at-16.53.34-1.jpeg 768w, https:\/\/pc.sc.gov.br\/\/wp-content\/uploads\/2024\/08\/WhatsApp-Image-2024-08-02-at-16.53.34-1-300x225.jpeg 300w\" sizes=\"(max-width: 696px) 100vw, 696px\" \/>\t\t\t\t\t\t\t\t\t\t\t\t\t\t\t<\/div>\n\t\t\t\t<\/div>\n\t\t\t\t\t<\/div>\n\t\t<\/div>\n\t\t\t\t\t<\/div>\n\t\t<\/section>\n\t\t\t\t<section class=\"elementor-section elementor-top-section elementor-element elementor-element-fb2ce7a elementor-section-boxed elementor-section-height-default elementor-section-height-default\" data-id=\"fb2ce7a\" data-element_type=\"section\">\n\t\t\t\t\t\t<div class=\"elementor-container elementor-column-gap-default\">\n\t\t\t\t\t<div class=\"elementor-column elementor-col-100 elementor-top-column elementor-element elementor-element-49a14e7\" data-id=\"49a14e7\" data-element_type=\"column\">\n\t\t\t<div class=\"elementor-widget-wrap elementor-element-populated\">\n\t\t\t\t\t\t<div class=\"elementor-element elementor-element-26ba475 elementor-widget elementor-widget-text-editor\" data-id=\"26ba475\" data-element_type=\"widget\" data-widget_type=\"text-editor.default\">\n\t\t\t\t<div class=\"elementor-widget-container\">\n\t\t\t\t\t\t\t\t\t<p>Na tarde desta segunda-feira (26\/08), a Pol\u00edcia Civil de Santa Catarina, por meio da Delegacia Especializada no Combate \u00e0 Corrup\u00e7\u00e3o da Diretoria Estadual de Investiga\u00e7\u00f5es Criminais (DEIC), deflagrou a opera\u00e7\u00e3o \u201cM\u00e3o Grande II\u201d para cumprir mandado de busca e apreens\u00e3o contra ex-fiscal, rec\u00e9m-aposentado da Secretaria Municipal de Seguran\u00e7a e Ordem P\u00fablica de Florian\u00f3polis.<\/p><p>A investiga\u00e7\u00e3o foi iniciada a partir da exig\u00eancia de propina para realiza\u00e7\u00e3o de pesquisa em arquivos da Prefeitura visando viabilizar obra em uma resid\u00eancia, o que ocorreu quando o investigado ainda estava em atividade e se deu em raz\u00e3o do cargo que ocupava.<\/p><p>A entrega do dinheiro foi monitorada em um parque p\u00fablico e o ex-servidor foi abordado pelos policiais, bem como o dinheiro apreendido. Na continuidade da dilig\u00eancia, os policiais constataram que o investigado estava portando uma pistola no interior de seu autom\u00f3vel, incorrendo em porte ilegal de arma de fogo.<\/p><p>Na resid\u00eancia, mais tr\u00eas rev\u00f3lveres em condi\u00e7\u00f5es ilegais tamb\u00e9m foram apreendidos, consubstanciando delitos de posse ilegal. Diante dos fatos, o alvo foi conduzido para a sede da DEIC, onde foi autuado em flagrante.<\/p><p>Al\u00e9m do armamento, restaram apreendidos documentos, 11.300,00 reais e mais de 4 mil d\u00f3lares em esp\u00e9cie, al\u00e9m de c\u00e9dulas sul-americanas. As investiga\u00e7\u00f5es prosseguem para o total deslinde dos fatos que envolvem poss\u00edvel crime de concuss\u00e3o, bem como para identificar poss\u00edveis outros envolvidos.<\/p>\t\t\t\t\t\t\t\t<\/div>\n\t\t\t\t<\/div>\n\t\t\t\t\t<\/div>\n\t\t<\/div>\n\t\t\t\t\t<\/div>\n\t\t<\/section>\n\t\t\t\t<\/div>\n\t\t","protected":false},"excerpt":{"rendered":"<p>Pol\u00edcia Civil deflagra opera\u00e7\u00e3o \u201cM\u00e3o Grande II\u201d e prende ex-servidor Na tarde desta segunda-feira (26\/08), a Pol\u00edcia Civil de Santa Catarina, por meio da Delegacia Especializada no Combate \u00e0 Corrup\u00e7\u00e3o da Diretoria Estadual de Investiga\u00e7\u00f5es Criminais (DEIC), deflagrou a opera\u00e7\u00e3o \u201cM\u00e3o Grande II\u201d para cumprir mandado de busca e apreens\u00e3o contra ex-fiscal, rec\u00e9m-aposentado da Secretaria [&hellip;]<\/p>\n","protected":false},"author":5,"featured_media":22787,"comment_status":"closed","ping_status":"open","sticky":false,"template":"","format":"standard","meta":{"_monsterinsights_skip_tracking":false,"_monsterinsights_sitenote_active":false,"_monsterinsights_sitenote_note":"","_monsterinsights_sitenote_category":0,"footnotes":""},"categories":[1],"tags":[],"class_list":["post-22907","post","type-post","status-publish","format-standard","has-post-thumbnail","hentry","category-sem-categoria"],"_links":{"self":[{"href":"https:\/\/pc.sc.gov.br\/index.php?rest_route=\/wp\/v2\/posts\/22907","targetHints":{"allow":["GET"]}}],"collection":[{"href":"https:\/\/pc.sc.gov.br\/index.php?rest_route=\/wp\/v2\/posts"}],"about":[{"href":"https:\/\/pc.sc.gov.br\/index.php?rest_route=\/wp\/v2\/types\/post"}],"author":[{"embeddable":true,"href":"https:\/\/pc.sc.gov.br\/index.php?rest_route=\/wp\/v2\/users\/5"}],"replies":[{"embeddable":true,"href":"https:\/\/pc.sc.gov.br\/index.php?rest_route=%2Fwp%2Fv2%2Fcomments&post=22907"}],"version-history":[{"count":4,"href":"https:\/\/pc.sc.gov.br\/index.php?rest_route=\/wp\/v2\/posts\/22907\/revisions"}],"predecessor-version":[{"id":22911,"href":"https:\/\/pc.sc.gov.br\/index.php?rest_route=\/wp\/v2\/posts\/22907\/revisions\/22911"}],"wp:featuredmedia":[{"embeddable":true,"href":"https:\/\/pc.sc.gov.br\/index.php?rest_route=\/wp\/v2\/media\/22787"}],"wp:attachment":[{"href":"https:\/\/pc.sc.gov.br\/index.php?rest_route=%2Fwp%2Fv2%2Fmedia&parent=22907"}],"wp:term":[{"taxonomy":"category","embeddable":true,"href":"https:\/\/pc.sc.gov.br\/index.php?rest_route=%2Fwp%2Fv2%2Fcategories&post=22907"},{"taxonomy":"post_tag","embeddable":true,"href":"https:\/\/pc.sc.gov.br\/index.php?rest_route=%2Fwp%2Fv2%2Ftags&post=22907"}],"curies":[{"name":"wp","href":"https:\/\/api.w.org\/{rel}","templated":true}]}}