{"id":22919,"date":"2024-08-27T15:21:11","date_gmt":"2024-08-27T18:21:11","guid":{"rendered":"https:\/\/pc.sc.gov.br\/?p=22919"},"modified":"2024-08-27T15:22:07","modified_gmt":"2024-08-27T18:22:07","slug":"policia-civil-deflagra-operacao-cartas-marcadas-em-repressao-a-fraudes-ao-carater-competitivo-de-licitacoes-de-tijucas","status":"publish","type":"post","link":"https:\/\/pc.sc.gov.br\/?p=22919","title":{"rendered":"Pol\u00edcia Civil deflagra opera\u00e7\u00e3o \u201cCartas Marcadas\u201d em repress\u00e3o a fraudes ao car\u00e1ter competitivo de licita\u00e7\u00f5es de Tijucas"},"content":{"rendered":"\t\t<div data-elementor-type=\"wp-post\" data-elementor-id=\"22919\" class=\"elementor elementor-22919\" data-elementor-post-type=\"post\">\n\t\t\t\t\t\t<section class=\"elementor-section elementor-top-section elementor-element elementor-element-7b1243f elementor-section-boxed elementor-section-height-default elementor-section-height-default\" data-id=\"7b1243f\" data-element_type=\"section\">\n\t\t\t\t\t\t<div class=\"elementor-container elementor-column-gap-default\">\n\t\t\t\t\t<div class=\"elementor-column elementor-col-100 elementor-top-column elementor-element elementor-element-af25f80\" data-id=\"af25f80\" data-element_type=\"column\">\n\t\t\t<div class=\"elementor-widget-wrap elementor-element-populated\">\n\t\t\t\t\t\t<div class=\"elementor-element elementor-element-202e2ee elementor-widget elementor-widget-heading\" data-id=\"202e2ee\" data-element_type=\"widget\" data-widget_type=\"heading.default\">\n\t\t\t\t<div class=\"elementor-widget-container\">\n\t\t\t\t\t<h2 class=\"elementor-heading-title elementor-size-default\">Pol\u00edcia Civil deflagra opera\u00e7\u00e3o \u201cCartas Marcadas\u201d em repress\u00e3o a fraudes ao car\u00e1ter competitivo de licita\u00e7\u00f5es de Tijucas<\/h2>\t\t\t\t<\/div>\n\t\t\t\t<\/div>\n\t\t\t\t\t<\/div>\n\t\t<\/div>\n\t\t\t\t\t<\/div>\n\t\t<\/section>\n\t\t\t\t<section class=\"elementor-section elementor-top-section elementor-element elementor-element-42c1958 elementor-section-boxed elementor-section-height-default elementor-section-height-default\" data-id=\"42c1958\" data-element_type=\"section\">\n\t\t\t\t\t\t<div class=\"elementor-container elementor-column-gap-default\">\n\t\t\t\t\t<div class=\"elementor-column elementor-col-100 elementor-top-column elementor-element elementor-element-6144010\" data-id=\"6144010\" data-element_type=\"column\">\n\t\t\t<div class=\"elementor-widget-wrap elementor-element-populated\">\n\t\t\t\t\t\t<div class=\"elementor-element elementor-element-c1869ec elementor-widget elementor-widget-image\" data-id=\"c1869ec\" data-element_type=\"widget\" data-widget_type=\"image.default\">\n\t\t\t\t<div class=\"elementor-widget-container\">\n\t\t\t\t\t\t\t\t\t\t\t\t\t\t\t<img fetchpriority=\"high\" decoding=\"async\" width=\"696\" height=\"522\" src=\"https:\/\/pc.sc.gov.br\/\/wp-content\/uploads\/2024\/08\/WhatsApp-Image-2024-08-27-at-07.59.07-1024x768.jpeg\" class=\"attachment-large size-large wp-image-22920\" alt=\"\" srcset=\"https:\/\/pc.sc.gov.br\/\/wp-content\/uploads\/2024\/08\/WhatsApp-Image-2024-08-27-at-07.59.07-1024x768.jpeg 1024w, https:\/\/pc.sc.gov.br\/\/wp-content\/uploads\/2024\/08\/WhatsApp-Image-2024-08-27-at-07.59.07-300x225.jpeg 300w, https:\/\/pc.sc.gov.br\/\/wp-content\/uploads\/2024\/08\/WhatsApp-Image-2024-08-27-at-07.59.07-768x576.jpeg 768w, https:\/\/pc.sc.gov.br\/\/wp-content\/uploads\/2024\/08\/WhatsApp-Image-2024-08-27-at-07.59.07-1536x1152.jpeg 1536w, https:\/\/pc.sc.gov.br\/\/wp-content\/uploads\/2024\/08\/WhatsApp-Image-2024-08-27-at-07.59.07.jpeg 1600w\" sizes=\"(max-width: 696px) 100vw, 696px\" \/>\t\t\t\t\t\t\t\t\t\t\t\t\t\t\t<\/div>\n\t\t\t\t<\/div>\n\t\t\t\t\t<\/div>\n\t\t<\/div>\n\t\t\t\t\t<\/div>\n\t\t<\/section>\n\t\t\t\t<section class=\"elementor-section elementor-top-section elementor-element elementor-element-03b5f31 elementor-section-boxed elementor-section-height-default elementor-section-height-default\" data-id=\"03b5f31\" data-element_type=\"section\">\n\t\t\t\t\t\t<div class=\"elementor-container elementor-column-gap-default\">\n\t\t\t\t\t<div class=\"elementor-column elementor-col-100 elementor-top-column elementor-element elementor-element-74a4ee7\" data-id=\"74a4ee7\" data-element_type=\"column\">\n\t\t\t<div class=\"elementor-widget-wrap elementor-element-populated\">\n\t\t\t\t\t\t<div class=\"elementor-element elementor-element-61d3d56 elementor-widget elementor-widget-text-editor\" data-id=\"61d3d56\" data-element_type=\"widget\" data-widget_type=\"text-editor.default\">\n\t\t\t\t<div class=\"elementor-widget-container\">\n\t\t\t\t\t\t\t\t\t<p>Nesta ter\u00e7a-feira (27\/08), a Pol\u00edcia Civil de Santa Catarina, por meio da 4\u00aa Delegacia Especializada no Combate \u00e0 Corrup\u00e7\u00e3o (DECOR), deflagrou a opera\u00e7\u00e3o &#8220;Cartas Marcadas&#8221;, objetivando reprimir a pr\u00e1tica de fraude ao car\u00e1ter competitivo de licita\u00e7\u00f5es, falsidade ideol\u00f3gica e organiza\u00e7\u00e3o criminosa, praticados na Comarca de Tijucas.<\/p>\n<p>A investiga\u00e7\u00e3o analisou a documenta\u00e7\u00e3o referente \u00e0 licita\u00e7\u00e3o para a reforma da Escola Professora Ondina Maria Dias, na Comarca de Tijucas, or\u00e7ada em aproximadamente 4 milh\u00f5es de reais. Da documenta\u00e7\u00e3o, extrai-se que a empresa vencedora da licita\u00e7\u00e3o apresentou documenta\u00e7\u00e3o falsa, afirmando que em seus quadros n\u00e3o havia servidor p\u00fablico ou pessoa com parentesco no servi\u00e7o p\u00fablico de Tijucas.<\/p>\n<p>Ocorre que o propriet\u00e1rio da empresa \u00e9 irm\u00e3o de um funcion\u00e1rio de carreira, nomeado para compor comiss\u00e3o especial dentro da Secretaria de Educa\u00e7\u00e3o, com a atribui\u00e7\u00e3o de analisar licita\u00e7\u00f5es e contratos da pasta. Al\u00e9m disso, o engenheiro civil que assinou o cronograma de execu\u00e7\u00e3o da obra \u00e9 filho do ent\u00e3o secret\u00e1rio de obras de Tijucas.<\/p>\n<p>Verificada a falsidade da declara\u00e7\u00e3o apresentada pela empresa, a Pol\u00edcia Civil constatou que servidores p\u00fablicos deliberadamente se omitiram em identificar o il\u00edcito, permitindo que a empresa se sagrasse vencedora do certame, o que inclui a presidente da comiss\u00e3o de licita\u00e7\u00e3o da Prefeitura de Tijucas, al\u00e9m da pr\u00f3pria secret\u00e1ria de educa\u00e7\u00e3o.<\/p>\n<p>Desse modo, foram cumpridas buscas domiciliares contra os empres\u00e1rios investigados, bem como contra os servidores p\u00fablicos que se omitiram no dever de combater os il\u00edcitos praticados pela licitante. Al\u00e9m das buscas, o Poder Judici\u00e1rio determinou o afastamento da Secret\u00e1ria de Educa\u00e7\u00e3o, da Presidente da Comiss\u00e3o de Licita\u00e7\u00e3o e do Procurador Jur\u00eddico da comiss\u00e3o especial da Secretaria de Educa\u00e7\u00e3o.<\/p>\n<p>Vale ressaltar que essa \u00e9 a segunda investiga\u00e7\u00e3o contra a mesma empresa licitante. Em um primeiro inqu\u00e9rito, v\u00e1rios suspeitos foram indiciados em raz\u00e3o de irregularidades praticadas na reforma da C\u00e2mara dos Vereadores de Tijucas, em 2020, que culminou ainda no afastamento do ent\u00e3o Secret\u00e1rio de Obras (ex-presidente da c\u00e2mara &#8211; que determinou a abertura de licita\u00e7\u00e3o para a reforma em quest\u00e3o).<\/p>\n<p>Mesmo ciente dos il\u00edcitos investigados nesse primeiro procedimento, a Prefeitura pediu na Justi\u00e7a a continuidade dos contratos at\u00e9 ent\u00e3o firmados com a empresa investigada, o que resultou na identifica\u00e7\u00e3o de outros il\u00edcitos, dentre eles, aquele praticado na licita\u00e7\u00e3o para a reforma da escola Ondina Maria Dias.<\/p>\n<p>Durante as buscas, a Pol\u00edcia Civil localizou duas armas ilegais na resid\u00eancia de um empres\u00e1rio, o qual foi em preso em flagrante.&nbsp;<span style=\"font-family: var( --e-global-typography-primary-font-family ), Sans-serif; font-size: var( --e-global-typography-primary-font-size ); font-weight: var( --e-global-typography-primary-font-weight ); letter-spacing: var( --e-global-typography-primary-letter-spacing );\">Por fim, cabe informar que, de acordo com o TCE\/SC, a empresa investigada participou de 87 licita\u00e7\u00f5es, sendo que 86 s\u00e3o da Comarca de Tijucas. A empresa se sagrou vencedora na grande maioria das licita\u00e7\u00f5es que participou nesse Munic\u00edpio.<\/span><\/p>\t\t\t\t\t\t\t\t<\/div>\n\t\t\t\t<\/div>\n\t\t\t\t\t<\/div>\n\t\t<\/div>\n\t\t\t\t\t<\/div>\n\t\t<\/section>\n\t\t\t\t<\/div>\n\t\t","protected":false},"excerpt":{"rendered":"<p>Pol\u00edcia Civil deflagra opera\u00e7\u00e3o \u201cCartas Marcadas\u201d em repress\u00e3o a fraudes ao car\u00e1ter competitivo de licita\u00e7\u00f5es de Tijucas Nesta ter\u00e7a-feira (27\/08), a Pol\u00edcia Civil de Santa Catarina, por meio da 4\u00aa Delegacia Especializada no Combate \u00e0 Corrup\u00e7\u00e3o (DECOR), deflagrou a opera\u00e7\u00e3o &#8220;Cartas Marcadas&#8221;, objetivando reprimir a pr\u00e1tica de fraude ao car\u00e1ter competitivo de licita\u00e7\u00f5es, falsidade ideol\u00f3gica [&hellip;]<\/p>\n","protected":false},"author":5,"featured_media":22920,"comment_status":"closed","ping_status":"open","sticky":false,"template":"","format":"standard","meta":{"_monsterinsights_skip_tracking":false,"_monsterinsights_sitenote_active":false,"_monsterinsights_sitenote_note":"","_monsterinsights_sitenote_category":0,"footnotes":""},"categories":[1],"tags":[],"class_list":["post-22919","post","type-post","status-publish","format-standard","has-post-thumbnail","hentry","category-sem-categoria"],"_links":{"self":[{"href":"https:\/\/pc.sc.gov.br\/index.php?rest_route=\/wp\/v2\/posts\/22919","targetHints":{"allow":["GET"]}}],"collection":[{"href":"https:\/\/pc.sc.gov.br\/index.php?rest_route=\/wp\/v2\/posts"}],"about":[{"href":"https:\/\/pc.sc.gov.br\/index.php?rest_route=\/wp\/v2\/types\/post"}],"author":[{"embeddable":true,"href":"https:\/\/pc.sc.gov.br\/index.php?rest_route=\/wp\/v2\/users\/5"}],"replies":[{"embeddable":true,"href":"https:\/\/pc.sc.gov.br\/index.php?rest_route=%2Fwp%2Fv2%2Fcomments&post=22919"}],"version-history":[{"count":4,"href":"https:\/\/pc.sc.gov.br\/index.php?rest_route=\/wp\/v2\/posts\/22919\/revisions"}],"predecessor-version":[{"id":22924,"href":"https:\/\/pc.sc.gov.br\/index.php?rest_route=\/wp\/v2\/posts\/22919\/revisions\/22924"}],"wp:featuredmedia":[{"embeddable":true,"href":"https:\/\/pc.sc.gov.br\/index.php?rest_route=\/wp\/v2\/media\/22920"}],"wp:attachment":[{"href":"https:\/\/pc.sc.gov.br\/index.php?rest_route=%2Fwp%2Fv2%2Fmedia&parent=22919"}],"wp:term":[{"taxonomy":"category","embeddable":true,"href":"https:\/\/pc.sc.gov.br\/index.php?rest_route=%2Fwp%2Fv2%2Fcategories&post=22919"},{"taxonomy":"post_tag","embeddable":true,"href":"https:\/\/pc.sc.gov.br\/index.php?rest_route=%2Fwp%2Fv2%2Ftags&post=22919"}],"curies":[{"name":"wp","href":"https:\/\/api.w.org\/{rel}","templated":true}]}}