{"id":22926,"date":"2024-08-27T15:34:00","date_gmt":"2024-08-27T18:34:00","guid":{"rendered":"https:\/\/pc.sc.gov.br\/?p=22926"},"modified":"2024-08-27T15:35:32","modified_gmt":"2024-08-27T18:35:32","slug":"pcsc-apresenta-solucoes-de-tecnologia-e-inteligencia-em-evento-para-lideres-e-gestores-das-policias-civis-do-brasil","status":"publish","type":"post","link":"https:\/\/pc.sc.gov.br\/?p=22926","title":{"rendered":"PCSC apresenta solu\u00e7\u00f5es de tecnologia e intelig\u00eancia em evento para l\u00edderes e gestores das pol\u00edcias civis do Brasil"},"content":{"rendered":"\t\t<div data-elementor-type=\"wp-post\" data-elementor-id=\"22926\" class=\"elementor elementor-22926\" data-elementor-post-type=\"post\">\n\t\t\t\t\t\t<section class=\"elementor-section elementor-top-section elementor-element elementor-element-7ffddac elementor-section-boxed elementor-section-height-default elementor-section-height-default\" data-id=\"7ffddac\" data-element_type=\"section\">\n\t\t\t\t\t\t<div class=\"elementor-container elementor-column-gap-default\">\n\t\t\t\t\t<div class=\"elementor-column elementor-col-100 elementor-top-column elementor-element elementor-element-43a7998\" data-id=\"43a7998\" data-element_type=\"column\">\n\t\t\t<div class=\"elementor-widget-wrap elementor-element-populated\">\n\t\t\t\t\t\t<div class=\"elementor-element elementor-element-41f7ecf elementor-widget elementor-widget-heading\" data-id=\"41f7ecf\" data-element_type=\"widget\" data-widget_type=\"heading.default\">\n\t\t\t\t<div class=\"elementor-widget-container\">\n\t\t\t\t\t<h2 class=\"elementor-heading-title elementor-size-default\">PCSC apresenta solu\u00e7\u00f5es de tecnologia e intelig\u00eancia em evento para l\u00edderes e gestores das pol\u00edcias civis do Brasil<\/h2>\t\t\t\t<\/div>\n\t\t\t\t<\/div>\n\t\t\t\t\t<\/div>\n\t\t<\/div>\n\t\t\t\t\t<\/div>\n\t\t<\/section>\n\t\t\t\t<section class=\"elementor-section elementor-top-section elementor-element elementor-element-675ed0c elementor-section-boxed elementor-section-height-default elementor-section-height-default\" data-id=\"675ed0c\" data-element_type=\"section\">\n\t\t\t\t\t\t<div class=\"elementor-container elementor-column-gap-default\">\n\t\t\t\t\t<div class=\"elementor-column elementor-col-100 elementor-top-column elementor-element elementor-element-eebfef9\" data-id=\"eebfef9\" data-element_type=\"column\">\n\t\t\t<div class=\"elementor-widget-wrap elementor-element-populated\">\n\t\t\t\t\t\t<div class=\"elementor-element elementor-element-200001b elementor-widget elementor-widget-image\" data-id=\"200001b\" data-element_type=\"widget\" data-widget_type=\"image.default\">\n\t\t\t\t<div class=\"elementor-widget-container\">\n\t\t\t\t\t\t\t\t\t\t\t\t\t\t\t<img fetchpriority=\"high\" decoding=\"async\" width=\"696\" height=\"504\" src=\"https:\/\/pc.sc.gov.br\/\/wp-content\/uploads\/2024\/08\/ee21b91e-c1c9-45f7-bbaa-a6b1b175c1ae-fotor-20240827153158.jpg\" class=\"attachment-large size-large wp-image-22925\" alt=\"\" srcset=\"https:\/\/pc.sc.gov.br\/\/wp-content\/uploads\/2024\/08\/ee21b91e-c1c9-45f7-bbaa-a6b1b175c1ae-fotor-20240827153158.jpg 944w, https:\/\/pc.sc.gov.br\/\/wp-content\/uploads\/2024\/08\/ee21b91e-c1c9-45f7-bbaa-a6b1b175c1ae-fotor-20240827153158-300x217.jpg 300w, https:\/\/pc.sc.gov.br\/\/wp-content\/uploads\/2024\/08\/ee21b91e-c1c9-45f7-bbaa-a6b1b175c1ae-fotor-20240827153158-768x556.jpg 768w\" sizes=\"(max-width: 696px) 100vw, 696px\" \/>\t\t\t\t\t\t\t\t\t\t\t\t\t\t\t<\/div>\n\t\t\t\t<\/div>\n\t\t\t\t\t<\/div>\n\t\t<\/div>\n\t\t\t\t\t<\/div>\n\t\t<\/section>\n\t\t\t\t<section class=\"elementor-section elementor-top-section elementor-element elementor-element-f38ef42 elementor-section-boxed elementor-section-height-default elementor-section-height-default\" data-id=\"f38ef42\" data-element_type=\"section\">\n\t\t\t\t\t\t<div class=\"elementor-container elementor-column-gap-default\">\n\t\t\t\t\t<div class=\"elementor-column elementor-col-100 elementor-top-column elementor-element elementor-element-722d679\" data-id=\"722d679\" data-element_type=\"column\">\n\t\t\t<div class=\"elementor-widget-wrap elementor-element-populated\">\n\t\t\t\t\t\t<div class=\"elementor-element elementor-element-daa5c32 elementor-widget elementor-widget-text-editor\" data-id=\"daa5c32\" data-element_type=\"widget\" data-widget_type=\"text-editor.default\">\n\t\t\t\t<div class=\"elementor-widget-container\">\n\t\t\t\t\t\t\t\t\t<p>A Pol\u00edcia Civil de Santa Catarina est\u00e1 participando do 3\u00ba Encontro Nacional de Tecnologia e Intelig\u00eancia para l\u00edderes e gestores das pol\u00edcias civis do Brasil que ocorre at\u00e9 a pr\u00f3xima sexta-feira (30), em Alagoas. Al\u00e9m do Delegado-Geral est\u00e3o participando do evento o chefe de gabinete, delegado Marcelo Nogueira, o gerente de Intelig\u00eancia, delegado Raphael Werling e o Gerente de Tecnologia escriv\u00e3o Everton Wiezbick.<\/p>\n<p>O delegado-geral, Ulisses Gabriel, informou que a PCSC vai apresentar algumas solu\u00e7\u00f5es que est\u00e3o sendo exportadas para o Brasil e para o mundo. \u201cUma delas \u00e9 o Sistema Unificado de Den\u00fancias (SUD) que a Pol\u00edcia de Roraima vai come\u00e7ar a utilizar. O SUD \u00e9 um sistema econ\u00f4mico de den\u00fancias. N\u00f3s tamb\u00e9m temos um pedido para que seja utilizado em pa\u00edses fora do Brasil e um dos nossos grandes objetivos \u00e9 mostrar a qualidade de Santa Catarina e fazer uma exporta\u00e7\u00e3o das nossas tecnologias que s\u00e3o desenvolvidas pela Pol\u00edcia Civil de Santa Catarina\u201d.&nbsp;<\/p>\n<p>Ulisses Gabriel destacou que a Ger\u00eancia de Tecnologia e Informa\u00e7\u00e3o da PCSC tamb\u00e9m desenvolveu o inqu\u00e9rito digital que est\u00e1 em fase de conclus\u00e3o. \u201cEsse inqu\u00e9rito tamb\u00e9m \u00e9 um sistema virtual e digital que pode ser usado por outras pol\u00edcias e est\u00e1 vinculado ao sistema do Poder Judici\u00e1rio, tanto do TRF, quanto do TJ de Santa Catarina e agora o TJ de S\u00e3o Paulo, que \u00e9 o EPROC\u201d, assinalou.<\/p>\n<p>Outro sistema desenvolvido pela \u00e1rea de tecnologia da PCSC e est\u00e1 em fase de testes \u00e9 o local de Crime. \u201cTrata-se de um sistema em que os policiais fazem o local de crime de forma off-line e, depois, as informa\u00e7\u00f5es s\u00e3o lan\u00e7adas nas ocorr\u00eancias policiais, nos inqu\u00e9ritos policiais\u201d, destacou o delegado-geral.&nbsp;<\/p>\t\t\t\t\t\t\t\t<\/div>\n\t\t\t\t<\/div>\n\t\t\t\t\t<\/div>\n\t\t<\/div>\n\t\t\t\t\t<\/div>\n\t\t<\/section>\n\t\t\t\t<\/div>\n\t\t","protected":false},"excerpt":{"rendered":"<p>PCSC apresenta solu\u00e7\u00f5es de tecnologia e intelig\u00eancia em evento para l\u00edderes e gestores das pol\u00edcias civis do Brasil A Pol\u00edcia Civil de Santa Catarina est\u00e1 participando do 3\u00ba Encontro Nacional de Tecnologia e Intelig\u00eancia para l\u00edderes e gestores das pol\u00edcias civis do Brasil que ocorre at\u00e9 a pr\u00f3xima sexta-feira (30), em Alagoas. Al\u00e9m do Delegado-Geral [&hellip;]<\/p>\n","protected":false},"author":5,"featured_media":22925,"comment_status":"closed","ping_status":"open","sticky":false,"template":"","format":"standard","meta":{"_monsterinsights_skip_tracking":false,"_monsterinsights_sitenote_active":false,"_monsterinsights_sitenote_note":"","_monsterinsights_sitenote_category":0,"footnotes":""},"categories":[1],"tags":[],"class_list":["post-22926","post","type-post","status-publish","format-standard","has-post-thumbnail","hentry","category-sem-categoria"],"_links":{"self":[{"href":"https:\/\/pc.sc.gov.br\/index.php?rest_route=\/wp\/v2\/posts\/22926","targetHints":{"allow":["GET"]}}],"collection":[{"href":"https:\/\/pc.sc.gov.br\/index.php?rest_route=\/wp\/v2\/posts"}],"about":[{"href":"https:\/\/pc.sc.gov.br\/index.php?rest_route=\/wp\/v2\/types\/post"}],"author":[{"embeddable":true,"href":"https:\/\/pc.sc.gov.br\/index.php?rest_route=\/wp\/v2\/users\/5"}],"replies":[{"embeddable":true,"href":"https:\/\/pc.sc.gov.br\/index.php?rest_route=%2Fwp%2Fv2%2Fcomments&post=22926"}],"version-history":[{"count":10,"href":"https:\/\/pc.sc.gov.br\/index.php?rest_route=\/wp\/v2\/posts\/22926\/revisions"}],"predecessor-version":[{"id":22936,"href":"https:\/\/pc.sc.gov.br\/index.php?rest_route=\/wp\/v2\/posts\/22926\/revisions\/22936"}],"wp:featuredmedia":[{"embeddable":true,"href":"https:\/\/pc.sc.gov.br\/index.php?rest_route=\/wp\/v2\/media\/22925"}],"wp:attachment":[{"href":"https:\/\/pc.sc.gov.br\/index.php?rest_route=%2Fwp%2Fv2%2Fmedia&parent=22926"}],"wp:term":[{"taxonomy":"category","embeddable":true,"href":"https:\/\/pc.sc.gov.br\/index.php?rest_route=%2Fwp%2Fv2%2Fcategories&post=22926"},{"taxonomy":"post_tag","embeddable":true,"href":"https:\/\/pc.sc.gov.br\/index.php?rest_route=%2Fwp%2Fv2%2Ftags&post=22926"}],"curies":[{"name":"wp","href":"https:\/\/api.w.org\/{rel}","templated":true}]}}