{"id":22937,"date":"2024-08-27T16:37:11","date_gmt":"2024-08-27T19:37:11","guid":{"rendered":"https:\/\/pc.sc.gov.br\/?p=22937"},"modified":"2024-08-27T16:38:18","modified_gmt":"2024-08-27T19:38:18","slug":"pcsc-ima-e-pcpr-deflagram-operacao-de-combate-ao-trafico-de-passaros-silvestres-em-blumenau","status":"publish","type":"post","link":"https:\/\/pc.sc.gov.br\/?p=22937","title":{"rendered":"PCSC, IMA e PCPR deflagram opera\u00e7\u00e3o de combate ao tr\u00e1fico de p\u00e1ssaros silvestres em Blumenau"},"content":{"rendered":"\t\t<div data-elementor-type=\"wp-post\" data-elementor-id=\"22937\" class=\"elementor elementor-22937\" data-elementor-post-type=\"post\">\n\t\t\t\t\t\t<section class=\"elementor-section elementor-top-section elementor-element elementor-element-9283f55 elementor-section-boxed elementor-section-height-default elementor-section-height-default\" data-id=\"9283f55\" data-element_type=\"section\">\n\t\t\t\t\t\t<div class=\"elementor-container elementor-column-gap-default\">\n\t\t\t\t\t<div class=\"elementor-column elementor-col-100 elementor-top-column elementor-element elementor-element-1df4ebb\" data-id=\"1df4ebb\" data-element_type=\"column\">\n\t\t\t<div class=\"elementor-widget-wrap elementor-element-populated\">\n\t\t\t\t\t\t<div class=\"elementor-element elementor-element-c9549e3 elementor-widget elementor-widget-heading\" data-id=\"c9549e3\" data-element_type=\"widget\" data-widget_type=\"heading.default\">\n\t\t\t\t<div class=\"elementor-widget-container\">\n\t\t\t\t\t<h2 class=\"elementor-heading-title elementor-size-default\">PCSC, IMA e PCPR deflagram opera\u00e7\u00e3o de combate ao tr\u00e1fico de p\u00e1ssaros silvestres em Blumenau<\/h2>\t\t\t\t<\/div>\n\t\t\t\t<\/div>\n\t\t\t\t\t<\/div>\n\t\t<\/div>\n\t\t\t\t\t<\/div>\n\t\t<\/section>\n\t\t\t\t<section class=\"elementor-section elementor-top-section elementor-element elementor-element-0b0722a elementor-section-boxed elementor-section-height-default elementor-section-height-default\" data-id=\"0b0722a\" data-element_type=\"section\">\n\t\t\t\t\t\t<div class=\"elementor-container elementor-column-gap-default\">\n\t\t\t\t\t<div class=\"elementor-column elementor-col-100 elementor-top-column elementor-element elementor-element-e3134af\" data-id=\"e3134af\" data-element_type=\"column\">\n\t\t\t<div class=\"elementor-widget-wrap elementor-element-populated\">\n\t\t\t\t\t\t<div class=\"elementor-element elementor-element-681c31a elementor-widget elementor-widget-image\" data-id=\"681c31a\" data-element_type=\"widget\" data-widget_type=\"image.default\">\n\t\t\t\t<div class=\"elementor-widget-container\">\n\t\t\t\t\t\t\t\t\t\t\t\t\t\t\t<img fetchpriority=\"high\" decoding=\"async\" width=\"696\" height=\"584\" src=\"https:\/\/pc.sc.gov.br\/\/wp-content\/uploads\/2024\/08\/7252cfeb-24d9-4529-956e-7c8ef5fab933-fotor-2024082716363-1024x859.jpg\" class=\"attachment-large size-large wp-image-22940\" alt=\"\" srcset=\"https:\/\/pc.sc.gov.br\/\/wp-content\/uploads\/2024\/08\/7252cfeb-24d9-4529-956e-7c8ef5fab933-fotor-2024082716363-1024x859.jpg 1024w, https:\/\/pc.sc.gov.br\/\/wp-content\/uploads\/2024\/08\/7252cfeb-24d9-4529-956e-7c8ef5fab933-fotor-2024082716363-300x252.jpg 300w, https:\/\/pc.sc.gov.br\/\/wp-content\/uploads\/2024\/08\/7252cfeb-24d9-4529-956e-7c8ef5fab933-fotor-2024082716363-768x644.jpg 768w, https:\/\/pc.sc.gov.br\/\/wp-content\/uploads\/2024\/08\/7252cfeb-24d9-4529-956e-7c8ef5fab933-fotor-2024082716363.jpg 1187w\" sizes=\"(max-width: 696px) 100vw, 696px\" \/>\t\t\t\t\t\t\t\t\t\t\t\t\t\t\t<\/div>\n\t\t\t\t<\/div>\n\t\t\t\t\t<\/div>\n\t\t<\/div>\n\t\t\t\t\t<\/div>\n\t\t<\/section>\n\t\t\t\t<section class=\"elementor-section elementor-top-section elementor-element elementor-element-aa02690 elementor-section-boxed elementor-section-height-default elementor-section-height-default\" data-id=\"aa02690\" data-element_type=\"section\">\n\t\t\t\t\t\t<div class=\"elementor-container elementor-column-gap-default\">\n\t\t\t\t\t<div class=\"elementor-column elementor-col-100 elementor-top-column elementor-element elementor-element-c7cb5c5\" data-id=\"c7cb5c5\" data-element_type=\"column\">\n\t\t\t<div class=\"elementor-widget-wrap elementor-element-populated\">\n\t\t\t\t\t\t<div class=\"elementor-element elementor-element-0307de1 elementor-widget elementor-widget-text-editor\" data-id=\"0307de1\" data-element_type=\"widget\" data-widget_type=\"text-editor.default\">\n\t\t\t\t<div class=\"elementor-widget-container\">\n\t\t\t\t\t\t\t\t\t<p>A Pol\u00edcia Civil de Santa Catarina, por interm\u00e9dio da Delegacia de Prote\u00e7\u00e3o Animal (DPA), do Departamento de Investiga\u00e7\u00f5es Criminais (DIC) de Blumenau, com apoio do Instituto do Meio Ambiente (IMA) e da Pol\u00edcia Civil do Paran\u00e1, deflagrou nesta ter\u00e7a-feira (27) opera\u00e7\u00e3o de combate ao tr\u00e1fico de animais silvestres e cumpriu 20 mandados de busca e apreens\u00e3o domiciliar em desfavor de 12 suspeitos nas cidades de Blumenau, Indaial, Gaspar, Luiz Alves e na cidade de S\u00e3o Jos\u00e9 dos Pinhais\/PR.<\/p><p>A investiga\u00e7\u00e3o demonstrou que os animais eram usados em &#8220;rinha de can\u00e1rios&#8221;, onde os p\u00e1ssaros eram colocados para brigar at\u00e9 a morte, movimentando um circuito clandestino de apostas entre os participantes.<\/p><p>Na a\u00e7\u00e3o pelo menos 167 p\u00e1ssaros de diversas esp\u00e9cies foram apreendidos pois n\u00e3o havia autoriza\u00e7\u00e3o legal para posse, al\u00e9m de diversas armadilhas para capturas de p\u00e1ssaros. Os policiais civis tamb\u00e9m apreenderam aparelhos celulares. Sete homens foram conduzidos para sede do DIC Blumenau pela pratica do crime previsto no artigo 29, par\u00e1grafo 1\u00ba, III, lei 960598, que prev\u00ea pena deten\u00e7\u00e3o seis meses a um ano, multa, que pode variar de m\u00ednimo de R$ 50 e o m\u00e1ximo de R$ 50 milh\u00f5es.<\/p><p>As investiga\u00e7\u00f5es prosseguem no inqu\u00e9rito policial que deu origem \u00e0 opera\u00e7\u00e3o, visando desmantelar suposta associa\u00e7\u00e3o criminosa voltada \u00e0 pr\u00e1tica de ca\u00e7a, tr\u00e1fico e promo\u00e7\u00e3o de &#8220;rinha de p\u00e1ssaros&#8221;.<\/p>\t\t\t\t\t\t\t\t<\/div>\n\t\t\t\t<\/div>\n\t\t\t\t\t<\/div>\n\t\t<\/div>\n\t\t\t\t\t<\/div>\n\t\t<\/section>\n\t\t\t\t<\/div>\n\t\t","protected":false},"excerpt":{"rendered":"<p>PCSC, IMA e PCPR deflagram opera\u00e7\u00e3o de combate ao tr\u00e1fico de p\u00e1ssaros silvestres em Blumenau A Pol\u00edcia Civil de Santa Catarina, por interm\u00e9dio da Delegacia de Prote\u00e7\u00e3o Animal (DPA), do Departamento de Investiga\u00e7\u00f5es Criminais (DIC) de Blumenau, com apoio do Instituto do Meio Ambiente (IMA) e da Pol\u00edcia Civil do Paran\u00e1, deflagrou nesta ter\u00e7a-feira (27) [&hellip;]<\/p>\n","protected":false},"author":5,"featured_media":22938,"comment_status":"closed","ping_status":"open","sticky":false,"template":"","format":"standard","meta":{"_monsterinsights_skip_tracking":false,"_monsterinsights_sitenote_active":false,"_monsterinsights_sitenote_note":"","_monsterinsights_sitenote_category":0,"footnotes":""},"categories":[1],"tags":[],"class_list":["post-22937","post","type-post","status-publish","format-standard","has-post-thumbnail","hentry","category-sem-categoria"],"_links":{"self":[{"href":"https:\/\/pc.sc.gov.br\/index.php?rest_route=\/wp\/v2\/posts\/22937","targetHints":{"allow":["GET"]}}],"collection":[{"href":"https:\/\/pc.sc.gov.br\/index.php?rest_route=\/wp\/v2\/posts"}],"about":[{"href":"https:\/\/pc.sc.gov.br\/index.php?rest_route=\/wp\/v2\/types\/post"}],"author":[{"embeddable":true,"href":"https:\/\/pc.sc.gov.br\/index.php?rest_route=\/wp\/v2\/users\/5"}],"replies":[{"embeddable":true,"href":"https:\/\/pc.sc.gov.br\/index.php?rest_route=%2Fwp%2Fv2%2Fcomments&post=22937"}],"version-history":[{"count":4,"href":"https:\/\/pc.sc.gov.br\/index.php?rest_route=\/wp\/v2\/posts\/22937\/revisions"}],"predecessor-version":[{"id":22943,"href":"https:\/\/pc.sc.gov.br\/index.php?rest_route=\/wp\/v2\/posts\/22937\/revisions\/22943"}],"wp:featuredmedia":[{"embeddable":true,"href":"https:\/\/pc.sc.gov.br\/index.php?rest_route=\/wp\/v2\/media\/22938"}],"wp:attachment":[{"href":"https:\/\/pc.sc.gov.br\/index.php?rest_route=%2Fwp%2Fv2%2Fmedia&parent=22937"}],"wp:term":[{"taxonomy":"category","embeddable":true,"href":"https:\/\/pc.sc.gov.br\/index.php?rest_route=%2Fwp%2Fv2%2Fcategories&post=22937"},{"taxonomy":"post_tag","embeddable":true,"href":"https:\/\/pc.sc.gov.br\/index.php?rest_route=%2Fwp%2Fv2%2Ftags&post=22937"}],"curies":[{"name":"wp","href":"https:\/\/api.w.org\/{rel}","templated":true}]}}