{"id":22944,"date":"2024-08-27T18:07:18","date_gmt":"2024-08-27T21:07:18","guid":{"rendered":"https:\/\/pc.sc.gov.br\/?p=22944"},"modified":"2024-08-27T18:08:21","modified_gmt":"2024-08-27T21:08:21","slug":"pcsc-deflagra-operacao-na-grande-florianopolis-em-investigacao-que-apura-furto-em-empresa-de-bebidas-de-antonio-carlos","status":"publish","type":"post","link":"https:\/\/pc.sc.gov.br\/?p=22944","title":{"rendered":"PCSC deflagra opera\u00e7\u00e3o na Grande Florian\u00f3polis em investiga\u00e7\u00e3o que apura furto em empresa de bebidas de Ant\u00f4nio Carlos"},"content":{"rendered":"\t\t<div data-elementor-type=\"wp-post\" data-elementor-id=\"22944\" class=\"elementor elementor-22944\" data-elementor-post-type=\"post\">\n\t\t\t\t\t\t<section class=\"elementor-section elementor-top-section elementor-element elementor-element-5dcfab4 elementor-section-boxed elementor-section-height-default elementor-section-height-default\" data-id=\"5dcfab4\" data-element_type=\"section\">\n\t\t\t\t\t\t<div class=\"elementor-container elementor-column-gap-default\">\n\t\t\t\t\t<div class=\"elementor-column elementor-col-100 elementor-top-column elementor-element elementor-element-9361d6a\" data-id=\"9361d6a\" data-element_type=\"column\">\n\t\t\t<div class=\"elementor-widget-wrap elementor-element-populated\">\n\t\t\t\t\t\t<div class=\"elementor-element elementor-element-b1b7a30 elementor-widget elementor-widget-heading\" data-id=\"b1b7a30\" data-element_type=\"widget\" data-widget_type=\"heading.default\">\n\t\t\t\t<div class=\"elementor-widget-container\">\n\t\t\t\t\t<h2 class=\"elementor-heading-title elementor-size-default\">PCSC deflagra opera\u00e7\u00e3o na Grande Florian\u00f3polis em investiga\u00e7\u00e3o que apura furto em empresa de bebidas de Ant\u00f4nio Carlos<\/h2>\t\t\t\t<\/div>\n\t\t\t\t<\/div>\n\t\t\t\t\t<\/div>\n\t\t<\/div>\n\t\t\t\t\t<\/div>\n\t\t<\/section>\n\t\t\t\t<section class=\"elementor-section elementor-top-section elementor-element elementor-element-13c7b85 elementor-section-boxed elementor-section-height-default elementor-section-height-default\" data-id=\"13c7b85\" data-element_type=\"section\">\n\t\t\t\t\t\t<div class=\"elementor-container elementor-column-gap-default\">\n\t\t\t\t\t<div class=\"elementor-column elementor-col-100 elementor-top-column elementor-element elementor-element-b8ce524\" data-id=\"b8ce524\" data-element_type=\"column\">\n\t\t\t<div class=\"elementor-widget-wrap elementor-element-populated\">\n\t\t\t\t\t\t<div class=\"elementor-element elementor-element-fc02767 elementor-widget elementor-widget-image\" data-id=\"fc02767\" data-element_type=\"widget\" data-widget_type=\"image.default\">\n\t\t\t\t<div class=\"elementor-widget-container\">\n\t\t\t\t\t\t\t\t\t\t\t\t\t\t\t<img fetchpriority=\"high\" decoding=\"async\" width=\"696\" height=\"392\" src=\"https:\/\/pc.sc.gov.br\/\/wp-content\/uploads\/2024\/08\/WhatsApp-Image-2024-08-27-at-17.11.54-1024x576.jpeg\" class=\"attachment-large size-large wp-image-22947\" alt=\"\" srcset=\"https:\/\/pc.sc.gov.br\/\/wp-content\/uploads\/2024\/08\/WhatsApp-Image-2024-08-27-at-17.11.54-1024x576.jpeg 1024w, https:\/\/pc.sc.gov.br\/\/wp-content\/uploads\/2024\/08\/WhatsApp-Image-2024-08-27-at-17.11.54-300x169.jpeg 300w, https:\/\/pc.sc.gov.br\/\/wp-content\/uploads\/2024\/08\/WhatsApp-Image-2024-08-27-at-17.11.54-768x432.jpeg 768w, https:\/\/pc.sc.gov.br\/\/wp-content\/uploads\/2024\/08\/WhatsApp-Image-2024-08-27-at-17.11.54.jpeg 1280w\" sizes=\"(max-width: 696px) 100vw, 696px\" \/>\t\t\t\t\t\t\t\t\t\t\t\t\t\t\t<\/div>\n\t\t\t\t<\/div>\n\t\t\t\t\t<\/div>\n\t\t<\/div>\n\t\t\t\t\t<\/div>\n\t\t<\/section>\n\t\t\t\t<section class=\"elementor-section elementor-top-section elementor-element elementor-element-3648d74 elementor-section-boxed elementor-section-height-default elementor-section-height-default\" data-id=\"3648d74\" data-element_type=\"section\">\n\t\t\t\t\t\t<div class=\"elementor-container elementor-column-gap-default\">\n\t\t\t\t\t<div class=\"elementor-column elementor-col-100 elementor-top-column elementor-element elementor-element-63340df\" data-id=\"63340df\" data-element_type=\"column\">\n\t\t\t<div class=\"elementor-widget-wrap elementor-element-populated\">\n\t\t\t\t\t\t<div class=\"elementor-element elementor-element-f337ff7 elementor-widget elementor-widget-text-editor\" data-id=\"f337ff7\" data-element_type=\"widget\" data-widget_type=\"text-editor.default\">\n\t\t\t\t<div class=\"elementor-widget-container\">\n\t\t\t\t\t\t\t\t\t<p>A Pol\u00edcia Civil de Santa Catarina, por meio da Delegacia do Munic\u00edpio de Ant\u00f4nio Carlos (DPMU), com o apoio de policiais civis da DRP S\u00e3o Jos\u00e9, CORE, DIC da Capital, DIC e DPCO de Palho\u00e7a, DPCO Bigua\u00e7u e Ag\u00eancia de Intelig\u00eancia da Pol\u00edcia Militar de Bigua\u00e7u deflagrou nesta ter\u00e7a-feira, 26, uma opera\u00e7\u00e3o em raz\u00e3o do crime de furto qualificado, ocorrido na cidade de Ant\u00f4nio Carlos.<\/p><p>O furto ocorreu no dia 05\/06\/2024 em uma empresa de bebidas, localizado em Ant\u00f4nio Carlos, mediante arrombamento, sendo subtra\u00eddas diversas c\u00e1rtulas de cheques de terceiros que ultrapassam a quantia de R$ 1 milh\u00e3o, al\u00e9m de um valor alto de dinheiro em esp\u00e9cie, que estavam em um cofre na empresa.<\/p><p>Na a\u00e7\u00e3o foram realizadas buscas em seis resid\u00eancias de suspeitos, localizadas nas cidades de Florian\u00f3polis e Palho\u00e7a, sendo apreendido material para fins de investiga\u00e7\u00e3o e, em uma das resid\u00eancias, na Capital, foram encontrados alguns dos cheques subtra\u00eddos da empresa de bebidas furtada e nove quilos de maconha, sendo o suspeito preso em flagrante delito.<\/p><p>Durante as investiga\u00e7\u00f5es foram identificados os ve\u00edculos utilizados no furto qualificado, bem como alguns dos suspeitos do crime, al\u00e9m dos benefici\u00e1rios dos cheques furtados.<\/p>\t\t\t\t\t\t\t\t<\/div>\n\t\t\t\t<\/div>\n\t\t\t\t\t<\/div>\n\t\t<\/div>\n\t\t\t\t\t<\/div>\n\t\t<\/section>\n\t\t\t\t<\/div>\n\t\t","protected":false},"excerpt":{"rendered":"<p>PCSC deflagra opera\u00e7\u00e3o na Grande Florian\u00f3polis em investiga\u00e7\u00e3o que apura furto em empresa de bebidas de Ant\u00f4nio Carlos A Pol\u00edcia Civil de Santa Catarina, por meio da Delegacia do Munic\u00edpio de Ant\u00f4nio Carlos (DPMU), com o apoio de policiais civis da DRP S\u00e3o Jos\u00e9, CORE, DIC da Capital, DIC e DPCO de Palho\u00e7a, DPCO Bigua\u00e7u [&hellip;]<\/p>\n","protected":false},"author":5,"featured_media":22945,"comment_status":"closed","ping_status":"open","sticky":false,"template":"","format":"standard","meta":{"_monsterinsights_skip_tracking":false,"_monsterinsights_sitenote_active":false,"_monsterinsights_sitenote_note":"","_monsterinsights_sitenote_category":0,"footnotes":""},"categories":[1],"tags":[],"class_list":["post-22944","post","type-post","status-publish","format-standard","has-post-thumbnail","hentry","category-sem-categoria"],"_links":{"self":[{"href":"https:\/\/pc.sc.gov.br\/index.php?rest_route=\/wp\/v2\/posts\/22944","targetHints":{"allow":["GET"]}}],"collection":[{"href":"https:\/\/pc.sc.gov.br\/index.php?rest_route=\/wp\/v2\/posts"}],"about":[{"href":"https:\/\/pc.sc.gov.br\/index.php?rest_route=\/wp\/v2\/types\/post"}],"author":[{"embeddable":true,"href":"https:\/\/pc.sc.gov.br\/index.php?rest_route=\/wp\/v2\/users\/5"}],"replies":[{"embeddable":true,"href":"https:\/\/pc.sc.gov.br\/index.php?rest_route=%2Fwp%2Fv2%2Fcomments&post=22944"}],"version-history":[{"count":4,"href":"https:\/\/pc.sc.gov.br\/index.php?rest_route=\/wp\/v2\/posts\/22944\/revisions"}],"predecessor-version":[{"id":22950,"href":"https:\/\/pc.sc.gov.br\/index.php?rest_route=\/wp\/v2\/posts\/22944\/revisions\/22950"}],"wp:featuredmedia":[{"embeddable":true,"href":"https:\/\/pc.sc.gov.br\/index.php?rest_route=\/wp\/v2\/media\/22945"}],"wp:attachment":[{"href":"https:\/\/pc.sc.gov.br\/index.php?rest_route=%2Fwp%2Fv2%2Fmedia&parent=22944"}],"wp:term":[{"taxonomy":"category","embeddable":true,"href":"https:\/\/pc.sc.gov.br\/index.php?rest_route=%2Fwp%2Fv2%2Fcategories&post=22944"},{"taxonomy":"post_tag","embeddable":true,"href":"https:\/\/pc.sc.gov.br\/index.php?rest_route=%2Fwp%2Fv2%2Ftags&post=22944"}],"curies":[{"name":"wp","href":"https:\/\/api.w.org\/{rel}","templated":true}]}}