{"id":22999,"date":"2024-08-29T16:06:05","date_gmt":"2024-08-29T19:06:05","guid":{"rendered":"https:\/\/pc.sc.gov.br\/?p=22999"},"modified":"2024-08-29T16:07:37","modified_gmt":"2024-08-29T19:07:37","slug":"pcsc-prende-suspeito-de-cometer-homicidio-em-balneario-camboriu","status":"publish","type":"post","link":"https:\/\/pc.sc.gov.br\/?p=22999","title":{"rendered":"PCSC prende suspeito de cometer homic\u00eddio em Balne\u00e1rio Cambori\u00fa"},"content":{"rendered":"\t\t<div data-elementor-type=\"wp-post\" data-elementor-id=\"22999\" class=\"elementor elementor-22999\" data-elementor-post-type=\"post\">\n\t\t\t\t\t\t<section class=\"elementor-section elementor-top-section elementor-element elementor-element-6837c48 elementor-section-boxed elementor-section-height-default elementor-section-height-default\" data-id=\"6837c48\" data-element_type=\"section\">\n\t\t\t\t\t\t<div class=\"elementor-container elementor-column-gap-default\">\n\t\t\t\t\t<div class=\"elementor-column elementor-col-100 elementor-top-column elementor-element elementor-element-6251b12\" data-id=\"6251b12\" data-element_type=\"column\">\n\t\t\t<div class=\"elementor-widget-wrap elementor-element-populated\">\n\t\t\t\t\t\t<div class=\"elementor-element elementor-element-a13b10c elementor-widget elementor-widget-heading\" data-id=\"a13b10c\" data-element_type=\"widget\" data-widget_type=\"heading.default\">\n\t\t\t\t<div class=\"elementor-widget-container\">\n\t\t\t\t\t<h2 class=\"elementor-heading-title elementor-size-default\">PCSC prende suspeito de cometer homic\u00eddio em Balne\u00e1rio Cambori\u00fa<\/h2>\t\t\t\t<\/div>\n\t\t\t\t<\/div>\n\t\t\t\t\t<\/div>\n\t\t<\/div>\n\t\t\t\t\t<\/div>\n\t\t<\/section>\n\t\t\t\t<section class=\"elementor-section elementor-top-section elementor-element elementor-element-50c798b elementor-section-boxed elementor-section-height-default elementor-section-height-default\" data-id=\"50c798b\" data-element_type=\"section\">\n\t\t\t\t\t\t<div class=\"elementor-container elementor-column-gap-default\">\n\t\t\t\t\t<div class=\"elementor-column elementor-col-100 elementor-top-column elementor-element elementor-element-152e07d\" data-id=\"152e07d\" data-element_type=\"column\">\n\t\t\t<div class=\"elementor-widget-wrap elementor-element-populated\">\n\t\t\t\t\t\t<div class=\"elementor-element elementor-element-2d42502 elementor-widget elementor-widget-image\" data-id=\"2d42502\" data-element_type=\"widget\" data-widget_type=\"image.default\">\n\t\t\t\t<div class=\"elementor-widget-container\">\n\t\t\t\t\t\t\t\t\t\t\t\t\t\t\t<img fetchpriority=\"high\" decoding=\"async\" width=\"696\" height=\"673\" src=\"https:\/\/pc.sc.gov.br\/\/wp-content\/uploads\/2024\/08\/5692b51f-624f-478c-8cf9-06d29533d622-fotor-202408291641.jpg\" class=\"attachment-large size-large wp-image-23001\" alt=\"\" srcset=\"https:\/\/pc.sc.gov.br\/\/wp-content\/uploads\/2024\/08\/5692b51f-624f-478c-8cf9-06d29533d622-fotor-202408291641.jpg 720w, https:\/\/pc.sc.gov.br\/\/wp-content\/uploads\/2024\/08\/5692b51f-624f-478c-8cf9-06d29533d622-fotor-202408291641-300x290.jpg 300w\" sizes=\"(max-width: 696px) 100vw, 696px\" \/>\t\t\t\t\t\t\t\t\t\t\t\t\t\t\t<\/div>\n\t\t\t\t<\/div>\n\t\t\t\t\t<\/div>\n\t\t<\/div>\n\t\t\t\t\t<\/div>\n\t\t<\/section>\n\t\t\t\t<section class=\"elementor-section elementor-top-section elementor-element elementor-element-7075133 elementor-section-boxed elementor-section-height-default elementor-section-height-default\" data-id=\"7075133\" data-element_type=\"section\">\n\t\t\t\t\t\t<div class=\"elementor-container elementor-column-gap-default\">\n\t\t\t\t\t<div class=\"elementor-column elementor-col-100 elementor-top-column elementor-element elementor-element-6cb8efe\" data-id=\"6cb8efe\" data-element_type=\"column\">\n\t\t\t<div class=\"elementor-widget-wrap elementor-element-populated\">\n\t\t\t\t\t\t<div class=\"elementor-element elementor-element-b497b3a elementor-widget elementor-widget-text-editor\" data-id=\"b497b3a\" data-element_type=\"widget\" data-widget_type=\"text-editor.default\">\n\t\t\t\t<div class=\"elementor-widget-container\">\n\t\t\t\t\t\t\t\t\t<p>A Pol\u00edcia Civil de Santa Catarina, por meio da Delegacia de Investiga\u00e7\u00f5es Criminais de Balne\u00e1rio Cambori\u00fa, na manh\u00e3 dessa quinta-feira, 29, cumpriu um mandado de pris\u00e3o preventiva e outro de busca e apreens\u00e3o em desfavor de indiv\u00edduo do homic\u00eddio de um homem, no dia 01\/06\/2024, no bairro dos Estados, Balne\u00e1rio Cambori\u00fa.<\/p>\n<p>Conforme apurado, no dia dos fatos, o suspeito, sob o pretexto de marcar um encontro sexual, foi at\u00e9 o apartamento da v\u00edtima e l\u00e1 lhe desferiu os m\u00faltiplos golpes de faca que o levaram a \u00f3bito.&nbsp;<span style=\"font-family: var( --e-global-typography-primary-font-family ), Sans-serif; font-size: var( --e-global-typography-primary-font-size ); font-weight: var( --e-global-typography-primary-font-weight ); letter-spacing: var( --e-global-typography-primary-letter-spacing );\">Por ocasi\u00e3o da busca foram apreendidos dois aparelhos celulares e algumas pe\u00e7as de vestu\u00e1rio que o suspeito usou no dia do crime. A investiga\u00e7\u00e3o agora entra em sua fase final com an\u00e1lise do material apreendido e encaminhamento do inqu\u00e9rito policial ao Minist\u00e9rio P\u00fablico e Poder Judici\u00e1rio.&nbsp;<\/span><\/p>\n<p><b>Colabore com a Pol\u00edcia Civil fazendo den\u00fancias pelo telefone 181 ou atrav\u00e9s do WhatsApp, pelo n\u00famero (48)98844-0011. O sigilo \u00e9 absoluto!<\/b><\/p>\n<div>&nbsp;<\/div>\t\t\t\t\t\t\t\t<\/div>\n\t\t\t\t<\/div>\n\t\t\t\t\t<\/div>\n\t\t<\/div>\n\t\t\t\t\t<\/div>\n\t\t<\/section>\n\t\t\t\t<\/div>\n\t\t","protected":false},"excerpt":{"rendered":"<p>PCSC prende suspeito de cometer homic\u00eddio em Balne\u00e1rio Cambori\u00fa A Pol\u00edcia Civil de Santa Catarina, por meio da Delegacia de Investiga\u00e7\u00f5es Criminais de Balne\u00e1rio Cambori\u00fa, na manh\u00e3 dessa quinta-feira, 29, cumpriu um mandado de pris\u00e3o preventiva e outro de busca e apreens\u00e3o em desfavor de indiv\u00edduo do homic\u00eddio de um homem, no dia 01\/06\/2024, no [&hellip;]<\/p>\n","protected":false},"author":5,"featured_media":23001,"comment_status":"closed","ping_status":"open","sticky":false,"template":"","format":"standard","meta":{"_monsterinsights_skip_tracking":false,"_monsterinsights_sitenote_active":false,"_monsterinsights_sitenote_note":"","_monsterinsights_sitenote_category":0,"footnotes":""},"categories":[1],"tags":[],"class_list":["post-22999","post","type-post","status-publish","format-standard","has-post-thumbnail","hentry","category-sem-categoria"],"_links":{"self":[{"href":"https:\/\/pc.sc.gov.br\/index.php?rest_route=\/wp\/v2\/posts\/22999","targetHints":{"allow":["GET"]}}],"collection":[{"href":"https:\/\/pc.sc.gov.br\/index.php?rest_route=\/wp\/v2\/posts"}],"about":[{"href":"https:\/\/pc.sc.gov.br\/index.php?rest_route=\/wp\/v2\/types\/post"}],"author":[{"embeddable":true,"href":"https:\/\/pc.sc.gov.br\/index.php?rest_route=\/wp\/v2\/users\/5"}],"replies":[{"embeddable":true,"href":"https:\/\/pc.sc.gov.br\/index.php?rest_route=%2Fwp%2Fv2%2Fcomments&post=22999"}],"version-history":[{"count":4,"href":"https:\/\/pc.sc.gov.br\/index.php?rest_route=\/wp\/v2\/posts\/22999\/revisions"}],"predecessor-version":[{"id":23004,"href":"https:\/\/pc.sc.gov.br\/index.php?rest_route=\/wp\/v2\/posts\/22999\/revisions\/23004"}],"wp:featuredmedia":[{"embeddable":true,"href":"https:\/\/pc.sc.gov.br\/index.php?rest_route=\/wp\/v2\/media\/23001"}],"wp:attachment":[{"href":"https:\/\/pc.sc.gov.br\/index.php?rest_route=%2Fwp%2Fv2%2Fmedia&parent=22999"}],"wp:term":[{"taxonomy":"category","embeddable":true,"href":"https:\/\/pc.sc.gov.br\/index.php?rest_route=%2Fwp%2Fv2%2Fcategories&post=22999"},{"taxonomy":"post_tag","embeddable":true,"href":"https:\/\/pc.sc.gov.br\/index.php?rest_route=%2Fwp%2Fv2%2Ftags&post=22999"}],"curies":[{"name":"wp","href":"https:\/\/api.w.org\/{rel}","templated":true}]}}