{"id":23020,"date":"2024-08-29T17:10:08","date_gmt":"2024-08-29T20:10:08","guid":{"rendered":"https:\/\/pc.sc.gov.br\/?p=23020"},"modified":"2024-08-29T17:12:24","modified_gmt":"2024-08-29T20:12:24","slug":"pcsc-mobiliza-300-policiais-civis-para-participar-do-desfile-de-7-de-setembro-na-capital","status":"publish","type":"post","link":"https:\/\/pc.sc.gov.br\/?p=23020","title":{"rendered":"PCSC mobiliza 300 policiais civis para participar do Desfile de 7 de Setembro, na Capital"},"content":{"rendered":"\t\t<div data-elementor-type=\"wp-post\" data-elementor-id=\"23020\" class=\"elementor elementor-23020\" data-elementor-post-type=\"post\">\n\t\t\t\t\t\t<section class=\"elementor-section elementor-top-section elementor-element elementor-element-0b61c15 elementor-section-boxed elementor-section-height-default elementor-section-height-default\" data-id=\"0b61c15\" data-element_type=\"section\">\n\t\t\t\t\t\t<div class=\"elementor-container elementor-column-gap-default\">\n\t\t\t\t\t<div class=\"elementor-column elementor-col-100 elementor-top-column elementor-element elementor-element-2ac6873\" data-id=\"2ac6873\" data-element_type=\"column\">\n\t\t\t<div class=\"elementor-widget-wrap elementor-element-populated\">\n\t\t\t\t\t\t<div class=\"elementor-element elementor-element-4f14c2a elementor-widget elementor-widget-heading\" data-id=\"4f14c2a\" data-element_type=\"widget\" data-widget_type=\"heading.default\">\n\t\t\t\t<div class=\"elementor-widget-container\">\n\t\t\t\t\t<h2 class=\"elementor-heading-title elementor-size-default\">PCSC mobiliza 300 policiais civis para participar do Desfile de 7 de Setembro, na Capital<\/h2>\t\t\t\t<\/div>\n\t\t\t\t<\/div>\n\t\t\t\t\t<\/div>\n\t\t<\/div>\n\t\t\t\t\t<\/div>\n\t\t<\/section>\n\t\t\t\t<section class=\"elementor-section elementor-top-section elementor-element elementor-element-5e5a73c elementor-section-boxed elementor-section-height-default elementor-section-height-default\" data-id=\"5e5a73c\" data-element_type=\"section\">\n\t\t\t\t\t\t<div class=\"elementor-container elementor-column-gap-default\">\n\t\t\t\t\t<div class=\"elementor-column elementor-col-100 elementor-top-column elementor-element elementor-element-e5351a9\" data-id=\"e5351a9\" data-element_type=\"column\">\n\t\t\t<div class=\"elementor-widget-wrap elementor-element-populated\">\n\t\t\t\t\t\t<div class=\"elementor-element elementor-element-0b91d73 elementor-widget elementor-widget-image\" data-id=\"0b91d73\" data-element_type=\"widget\" data-widget_type=\"image.default\">\n\t\t\t\t<div class=\"elementor-widget-container\">\n\t\t\t\t\t\t\t\t\t\t\t\t\t\t\t<img fetchpriority=\"high\" decoding=\"async\" width=\"696\" height=\"464\" src=\"https:\/\/pc.sc.gov.br\/\/wp-content\/uploads\/2024\/08\/WhatsApp-Image-2024-08-29-at-17.01.26-1024x682.jpeg\" class=\"attachment-large size-large wp-image-23022\" alt=\"\" srcset=\"https:\/\/pc.sc.gov.br\/\/wp-content\/uploads\/2024\/08\/WhatsApp-Image-2024-08-29-at-17.01.26-1024x682.jpeg 1024w, https:\/\/pc.sc.gov.br\/\/wp-content\/uploads\/2024\/08\/WhatsApp-Image-2024-08-29-at-17.01.26-300x200.jpeg 300w, https:\/\/pc.sc.gov.br\/\/wp-content\/uploads\/2024\/08\/WhatsApp-Image-2024-08-29-at-17.01.26-768x512.jpeg 768w, https:\/\/pc.sc.gov.br\/\/wp-content\/uploads\/2024\/08\/WhatsApp-Image-2024-08-29-at-17.01.26-1536x1023.jpeg 1536w, https:\/\/pc.sc.gov.br\/\/wp-content\/uploads\/2024\/08\/WhatsApp-Image-2024-08-29-at-17.01.26.jpeg 1600w\" sizes=\"(max-width: 696px) 100vw, 696px\" \/>\t\t\t\t\t\t\t\t\t\t\t\t\t\t\t<\/div>\n\t\t\t\t<\/div>\n\t\t\t\t\t<\/div>\n\t\t<\/div>\n\t\t\t\t\t<\/div>\n\t\t<\/section>\n\t\t\t\t<section class=\"elementor-section elementor-top-section elementor-element elementor-element-d08b4e3 elementor-section-boxed elementor-section-height-default elementor-section-height-default\" data-id=\"d08b4e3\" data-element_type=\"section\">\n\t\t\t\t\t\t<div class=\"elementor-container elementor-column-gap-default\">\n\t\t\t\t\t<div class=\"elementor-column elementor-col-100 elementor-top-column elementor-element elementor-element-083aa3f\" data-id=\"083aa3f\" data-element_type=\"column\">\n\t\t\t<div class=\"elementor-widget-wrap elementor-element-populated\">\n\t\t\t\t\t\t<div class=\"elementor-element elementor-element-f20c4eb elementor-widget elementor-widget-text-editor\" data-id=\"f20c4eb\" data-element_type=\"widget\" data-widget_type=\"text-editor.default\">\n\t\t\t\t<div class=\"elementor-widget-container\">\n\t\t\t\t\t\t\t\t\t<p>A Pol\u00edcia Civil de Santa Catarina, por meio do Setor de Opera\u00e7\u00f5es (SEOPE) e da Ger\u00eancia de Apoio Operacional (GEAPO) da Delegacia-Geral participou nesta quinta-feira, 29, da reuni\u00e3o de alinhamento para as festividades alusivas aos 202 anos da Proclama\u00e7\u00e3o da Independ\u00eancia. Coordenada pela Coronel PM Maria, da Casa Militar do Governo do Estado, o encontro foi realiado no Audit\u00f3rio da SEA, no Centro Administrativo, na Capital.<\/p><p>A cerim\u00f4nia de abertura da Semana da P\u00e1tria ser\u00e1 na pr\u00f3xima segunda-feira, \u00e0s 16h, no Jardim Central, do Pal\u00e1cio Cruz e Sousa, Centro de Florian\u00f3polis. No dia 07 de setembro, a partir das 8h45min, na Avenida Beira-mar Continental, no bairro Estreito, em Florian\u00f3polis. A Pol\u00edcia Civil participar\u00e1 do evento com 300 policiais, 14 viaturas e um helic\u00f3ptero.<\/p>\t\t\t\t\t\t\t\t<\/div>\n\t\t\t\t<\/div>\n\t\t\t\t\t<\/div>\n\t\t<\/div>\n\t\t\t\t\t<\/div>\n\t\t<\/section>\n\t\t\t\t<\/div>\n\t\t","protected":false},"excerpt":{"rendered":"<p>PCSC mobiliza 300 policiais civis para participar do Desfile de 7 de Setembro, na Capital A Pol\u00edcia Civil de Santa Catarina, por meio do Setor de Opera\u00e7\u00f5es (SEOPE) e da Ger\u00eancia de Apoio Operacional (GEAPO) da Delegacia-Geral participou nesta quinta-feira, 29, da reuni\u00e3o de alinhamento para as festividades alusivas aos 202 anos da Proclama\u00e7\u00e3o da [&hellip;]<\/p>\n","protected":false},"author":5,"featured_media":23021,"comment_status":"closed","ping_status":"open","sticky":false,"template":"","format":"standard","meta":{"_monsterinsights_skip_tracking":false,"_monsterinsights_sitenote_active":false,"_monsterinsights_sitenote_note":"","_monsterinsights_sitenote_category":0,"footnotes":""},"categories":[1],"tags":[],"class_list":["post-23020","post","type-post","status-publish","format-standard","has-post-thumbnail","hentry","category-sem-categoria"],"_links":{"self":[{"href":"https:\/\/pc.sc.gov.br\/index.php?rest_route=\/wp\/v2\/posts\/23020","targetHints":{"allow":["GET"]}}],"collection":[{"href":"https:\/\/pc.sc.gov.br\/index.php?rest_route=\/wp\/v2\/posts"}],"about":[{"href":"https:\/\/pc.sc.gov.br\/index.php?rest_route=\/wp\/v2\/types\/post"}],"author":[{"embeddable":true,"href":"https:\/\/pc.sc.gov.br\/index.php?rest_route=\/wp\/v2\/users\/5"}],"replies":[{"embeddable":true,"href":"https:\/\/pc.sc.gov.br\/index.php?rest_route=%2Fwp%2Fv2%2Fcomments&post=23020"}],"version-history":[{"count":3,"href":"https:\/\/pc.sc.gov.br\/index.php?rest_route=\/wp\/v2\/posts\/23020\/revisions"}],"predecessor-version":[{"id":23025,"href":"https:\/\/pc.sc.gov.br\/index.php?rest_route=\/wp\/v2\/posts\/23020\/revisions\/23025"}],"wp:featuredmedia":[{"embeddable":true,"href":"https:\/\/pc.sc.gov.br\/index.php?rest_route=\/wp\/v2\/media\/23021"}],"wp:attachment":[{"href":"https:\/\/pc.sc.gov.br\/index.php?rest_route=%2Fwp%2Fv2%2Fmedia&parent=23020"}],"wp:term":[{"taxonomy":"category","embeddable":true,"href":"https:\/\/pc.sc.gov.br\/index.php?rest_route=%2Fwp%2Fv2%2Fcategories&post=23020"},{"taxonomy":"post_tag","embeddable":true,"href":"https:\/\/pc.sc.gov.br\/index.php?rest_route=%2Fwp%2Fv2%2Ftags&post=23020"}],"curies":[{"name":"wp","href":"https:\/\/api.w.org\/{rel}","templated":true}]}}