{"id":23026,"date":"2024-08-29T18:00:55","date_gmt":"2024-08-29T21:00:55","guid":{"rendered":"https:\/\/pc.sc.gov.br\/?p=23026"},"modified":"2024-08-29T18:11:50","modified_gmt":"2024-08-29T21:11:50","slug":"em-biguacu-pcsc-prende-homem-em-flagrante-por-descumprir-medida-protetiva-de-urgencia","status":"publish","type":"post","link":"https:\/\/pc.sc.gov.br\/?p=23026","title":{"rendered":"Em Bigua\u00e7u, PCSC prende homem, em flagrante, por descumprir medida protetiva de urg\u00eancia"},"content":{"rendered":"\t\t<div data-elementor-type=\"wp-post\" data-elementor-id=\"23026\" class=\"elementor elementor-23026\" data-elementor-post-type=\"post\">\n\t\t\t\t\t\t<section class=\"elementor-section elementor-top-section elementor-element elementor-element-2d7bda9 elementor-section-boxed elementor-section-height-default elementor-section-height-default\" data-id=\"2d7bda9\" data-element_type=\"section\">\n\t\t\t\t\t\t<div class=\"elementor-container elementor-column-gap-default\">\n\t\t\t\t\t<div class=\"elementor-column elementor-col-100 elementor-top-column elementor-element elementor-element-cd5ddad\" data-id=\"cd5ddad\" data-element_type=\"column\">\n\t\t\t<div class=\"elementor-widget-wrap elementor-element-populated\">\n\t\t\t\t\t\t<div class=\"elementor-element elementor-element-58a5929 elementor-widget elementor-widget-heading\" data-id=\"58a5929\" data-element_type=\"widget\" data-widget_type=\"heading.default\">\n\t\t\t\t<div class=\"elementor-widget-container\">\n\t\t\t\t\t<h2 class=\"elementor-heading-title elementor-size-default\">Em Bigua\u00e7u, PCSC prende homem, em flagrante, por descumprir medida protetiva de urg\u00eancia<\/h2>\t\t\t\t<\/div>\n\t\t\t\t<\/div>\n\t\t\t\t\t<\/div>\n\t\t<\/div>\n\t\t\t\t\t<\/div>\n\t\t<\/section>\n\t\t\t\t<section class=\"elementor-section elementor-top-section elementor-element elementor-element-1860b86 elementor-section-boxed elementor-section-height-default elementor-section-height-default\" data-id=\"1860b86\" data-element_type=\"section\">\n\t\t\t\t\t\t<div class=\"elementor-container elementor-column-gap-default\">\n\t\t\t\t\t<div class=\"elementor-column elementor-col-100 elementor-top-column elementor-element elementor-element-6c7be60\" data-id=\"6c7be60\" data-element_type=\"column\">\n\t\t\t<div class=\"elementor-widget-wrap elementor-element-populated\">\n\t\t\t\t\t\t<div class=\"elementor-element elementor-element-e407746 elementor-widget elementor-widget-image\" data-id=\"e407746\" data-element_type=\"widget\" data-widget_type=\"image.default\">\n\t\t\t\t<div class=\"elementor-widget-container\">\n\t\t\t\t\t\t\t\t\t\t\t\t\t\t\t<img fetchpriority=\"high\" decoding=\"async\" width=\"696\" height=\"718\" src=\"https:\/\/pc.sc.gov.br\/\/wp-content\/uploads\/2024\/08\/6b97245e-c84b-4f3b-b501-5aae16948a69-fotor-20240829175452.jpg\" class=\"attachment-large size-large wp-image-23027\" alt=\"\" srcset=\"https:\/\/pc.sc.gov.br\/\/wp-content\/uploads\/2024\/08\/6b97245e-c84b-4f3b-b501-5aae16948a69-fotor-20240829175452.jpg 960w, https:\/\/pc.sc.gov.br\/\/wp-content\/uploads\/2024\/08\/6b97245e-c84b-4f3b-b501-5aae16948a69-fotor-20240829175452-291x300.jpg 291w, https:\/\/pc.sc.gov.br\/\/wp-content\/uploads\/2024\/08\/6b97245e-c84b-4f3b-b501-5aae16948a69-fotor-20240829175452-768x793.jpg 768w\" sizes=\"(max-width: 696px) 100vw, 696px\" \/>\t\t\t\t\t\t\t\t\t\t\t\t\t\t\t<\/div>\n\t\t\t\t<\/div>\n\t\t\t\t\t<\/div>\n\t\t<\/div>\n\t\t\t\t\t<\/div>\n\t\t<\/section>\n\t\t\t\t<section class=\"elementor-section elementor-top-section elementor-element elementor-element-713f5ff elementor-section-boxed elementor-section-height-default elementor-section-height-default\" data-id=\"713f5ff\" data-element_type=\"section\">\n\t\t\t\t\t\t<div class=\"elementor-container elementor-column-gap-default\">\n\t\t\t\t\t<div class=\"elementor-column elementor-col-100 elementor-top-column elementor-element elementor-element-d197efe\" data-id=\"d197efe\" data-element_type=\"column\">\n\t\t\t<div class=\"elementor-widget-wrap elementor-element-populated\">\n\t\t\t\t\t\t<div class=\"elementor-element elementor-element-dbde621 elementor-widget elementor-widget-text-editor\" data-id=\"dbde621\" data-element_type=\"widget\" data-widget_type=\"text-editor.default\">\n\t\t\t\t<div class=\"elementor-widget-container\">\n\t\t\t\t\t\t\t\t\t<p>A Pol\u00edcia Civil de Santa Catarina, por meio da Delegacia de Pol\u00edcia da Comarca de Bigua\u00e7u, prendeu em flagrante, nesta quinta-feira, 29, um homem por descumprir medida protetiva. A v\u00edtima estava na DP, nesta quinta-feira e, enquanto aguardava atendimento, verificou que o seu ex-marido, contra quem possui medidas protetivas de urg\u00eancia, estava nas imedia\u00e7\u00f5es da delegacia.<\/p><p>De pronto, policiais civis realizaram buscas nas proximidades obtendo \u00eaxito em encontrar o suspeito, no interior de seu ve\u00edculo, parado a cerca de 150 metros da delegacia, onde estava a v\u00edtima. Neste momento foi efetuada a pris\u00e3o em flagrante do mesmo pelo crime de descumprimento de medida protetiva de urg\u00eancia, previsto no art. 24-A, Lei n\u00ba 11.340\/2006. Conforme decis\u00e3o judicial que deferiu medidas protetivas de urg\u00eancia em favor da v\u00edtima o suspeito teria que manter a dist\u00e2ncia de 500 metros da v\u00edtima.<\/p><p>O preso j\u00e1 responde por outros crimes relacionados \u00e0 viol\u00eancia dom\u00e9stica em face da v\u00edtima, de amea\u00e7a e les\u00e3o corporal qualificada.<\/p>\t\t\t\t\t\t\t\t<\/div>\n\t\t\t\t<\/div>\n\t\t\t\t\t<\/div>\n\t\t<\/div>\n\t\t\t\t\t<\/div>\n\t\t<\/section>\n\t\t\t\t<\/div>\n\t\t","protected":false},"excerpt":{"rendered":"<p>Em Bigua\u00e7u, PCSC prende homem, em flagrante, por descumprir medida protetiva de urg\u00eancia A Pol\u00edcia Civil de Santa Catarina, por meio da Delegacia de Pol\u00edcia da Comarca de Bigua\u00e7u, prendeu em flagrante, nesta quinta-feira, 29, um homem por descumprir medida protetiva. A v\u00edtima estava na DP, nesta quinta-feira e, enquanto aguardava atendimento, verificou que o [&hellip;]<\/p>\n","protected":false},"author":5,"featured_media":23027,"comment_status":"closed","ping_status":"open","sticky":false,"template":"","format":"standard","meta":{"_monsterinsights_skip_tracking":false,"_monsterinsights_sitenote_active":false,"_monsterinsights_sitenote_note":"","_monsterinsights_sitenote_category":0,"footnotes":""},"categories":[1],"tags":[],"class_list":["post-23026","post","type-post","status-publish","format-standard","has-post-thumbnail","hentry","category-sem-categoria"],"_links":{"self":[{"href":"https:\/\/pc.sc.gov.br\/index.php?rest_route=\/wp\/v2\/posts\/23026","targetHints":{"allow":["GET"]}}],"collection":[{"href":"https:\/\/pc.sc.gov.br\/index.php?rest_route=\/wp\/v2\/posts"}],"about":[{"href":"https:\/\/pc.sc.gov.br\/index.php?rest_route=\/wp\/v2\/types\/post"}],"author":[{"embeddable":true,"href":"https:\/\/pc.sc.gov.br\/index.php?rest_route=\/wp\/v2\/users\/5"}],"replies":[{"embeddable":true,"href":"https:\/\/pc.sc.gov.br\/index.php?rest_route=%2Fwp%2Fv2%2Fcomments&post=23026"}],"version-history":[{"count":3,"href":"https:\/\/pc.sc.gov.br\/index.php?rest_route=\/wp\/v2\/posts\/23026\/revisions"}],"predecessor-version":[{"id":23030,"href":"https:\/\/pc.sc.gov.br\/index.php?rest_route=\/wp\/v2\/posts\/23026\/revisions\/23030"}],"wp:featuredmedia":[{"embeddable":true,"href":"https:\/\/pc.sc.gov.br\/index.php?rest_route=\/wp\/v2\/media\/23027"}],"wp:attachment":[{"href":"https:\/\/pc.sc.gov.br\/index.php?rest_route=%2Fwp%2Fv2%2Fmedia&parent=23026"}],"wp:term":[{"taxonomy":"category","embeddable":true,"href":"https:\/\/pc.sc.gov.br\/index.php?rest_route=%2Fwp%2Fv2%2Fcategories&post=23026"},{"taxonomy":"post_tag","embeddable":true,"href":"https:\/\/pc.sc.gov.br\/index.php?rest_route=%2Fwp%2Fv2%2Ftags&post=23026"}],"curies":[{"name":"wp","href":"https:\/\/api.w.org\/{rel}","templated":true}]}}