{"id":23031,"date":"2024-08-29T19:16:51","date_gmt":"2024-08-29T22:16:51","guid":{"rendered":"https:\/\/pc.sc.gov.br\/?p=23031"},"modified":"2024-08-29T19:17:35","modified_gmt":"2024-08-29T22:17:35","slug":"policia-civil-conclui-inquerito-de-acidente-com-seis-vitimas-fatais-em-rancho-queimado","status":"publish","type":"post","link":"https:\/\/pc.sc.gov.br\/?p=23031","title":{"rendered":"Pol\u00edcia Civil conclui inqu\u00e9rito de acidente com seis v\u00edtimas fatais em Rancho Queimado"},"content":{"rendered":"\t\t<div data-elementor-type=\"wp-post\" data-elementor-id=\"23031\" class=\"elementor elementor-23031\" data-elementor-post-type=\"post\">\n\t\t\t\t\t\t<section class=\"elementor-section elementor-top-section elementor-element elementor-element-47390c5 elementor-section-boxed elementor-section-height-default elementor-section-height-default\" data-id=\"47390c5\" data-element_type=\"section\">\n\t\t\t\t\t\t<div class=\"elementor-container elementor-column-gap-default\">\n\t\t\t\t\t<div class=\"elementor-column elementor-col-100 elementor-top-column elementor-element elementor-element-85554de\" data-id=\"85554de\" data-element_type=\"column\">\n\t\t\t<div class=\"elementor-widget-wrap elementor-element-populated\">\n\t\t\t\t\t\t<div class=\"elementor-element elementor-element-41ceb51 elementor-widget elementor-widget-heading\" data-id=\"41ceb51\" data-element_type=\"widget\" data-widget_type=\"heading.default\">\n\t\t\t\t<div class=\"elementor-widget-container\">\n\t\t\t\t\t<h2 class=\"elementor-heading-title elementor-size-default\">Pol\u00edcia Civil conclui inqu\u00e9rito de acidente com seis v\u00edtimas fatais em Rancho Queimado<\/h2>\t\t\t\t<\/div>\n\t\t\t\t<\/div>\n\t\t\t\t\t<\/div>\n\t\t<\/div>\n\t\t\t\t\t<\/div>\n\t\t<\/section>\n\t\t\t\t<section class=\"elementor-section elementor-top-section elementor-element elementor-element-75b326d elementor-section-boxed elementor-section-height-default elementor-section-height-default\" data-id=\"75b326d\" data-element_type=\"section\">\n\t\t\t\t\t\t<div class=\"elementor-container elementor-column-gap-default\">\n\t\t\t\t\t<div class=\"elementor-column elementor-col-100 elementor-top-column elementor-element elementor-element-ad1ccb0\" data-id=\"ad1ccb0\" data-element_type=\"column\">\n\t\t\t<div class=\"elementor-widget-wrap elementor-element-populated\">\n\t\t\t\t\t\t<div class=\"elementor-element elementor-element-bc58ae3 elementor-widget elementor-widget-image\" data-id=\"bc58ae3\" data-element_type=\"widget\" data-widget_type=\"image.default\">\n\t\t\t\t<div class=\"elementor-widget-container\">\n\t\t\t\t\t\t\t\t\t\t\t\t\t\t\t<img fetchpriority=\"high\" decoding=\"async\" width=\"696\" height=\"561\" src=\"https:\/\/pc.sc.gov.br\/\/wp-content\/uploads\/2024\/08\/WhatsApp-Image-2024-08-08-at-16.56.13-fotor-20240823135843-1024x826.jpg\" class=\"attachment-large size-large wp-image-22823\" alt=\"\" srcset=\"https:\/\/pc.sc.gov.br\/\/wp-content\/uploads\/2024\/08\/WhatsApp-Image-2024-08-08-at-16.56.13-fotor-20240823135843-1024x826.jpg 1024w, https:\/\/pc.sc.gov.br\/\/wp-content\/uploads\/2024\/08\/WhatsApp-Image-2024-08-08-at-16.56.13-fotor-20240823135843-300x242.jpg 300w, https:\/\/pc.sc.gov.br\/\/wp-content\/uploads\/2024\/08\/WhatsApp-Image-2024-08-08-at-16.56.13-fotor-20240823135843-768x619.jpg 768w, https:\/\/pc.sc.gov.br\/\/wp-content\/uploads\/2024\/08\/WhatsApp-Image-2024-08-08-at-16.56.13-fotor-20240823135843.jpg 1182w\" sizes=\"(max-width: 696px) 100vw, 696px\" \/>\t\t\t\t\t\t\t\t\t\t\t\t\t\t\t<\/div>\n\t\t\t\t<\/div>\n\t\t\t\t\t<\/div>\n\t\t<\/div>\n\t\t\t\t\t<\/div>\n\t\t<\/section>\n\t\t\t\t<section class=\"elementor-section elementor-top-section elementor-element elementor-element-fca0143 elementor-section-boxed elementor-section-height-default elementor-section-height-default\" data-id=\"fca0143\" data-element_type=\"section\">\n\t\t\t\t\t\t<div class=\"elementor-container elementor-column-gap-default\">\n\t\t\t\t\t<div class=\"elementor-column elementor-col-100 elementor-top-column elementor-element elementor-element-8c26798\" data-id=\"8c26798\" data-element_type=\"column\">\n\t\t\t<div class=\"elementor-widget-wrap elementor-element-populated\">\n\t\t\t\t\t\t<div class=\"elementor-element elementor-element-fac8bc3 elementor-widget elementor-widget-text-editor\" data-id=\"fac8bc3\" data-element_type=\"widget\" data-widget_type=\"text-editor.default\">\n\t\t\t\t<div class=\"elementor-widget-container\">\n\t\t\t\t\t\t\t\t\t<p>A Pol\u00edcia Civil de Santa Catarina, por meio da Delegacia de Pol\u00edcia do Munic\u00edpio de Rancho Queimado, concluiu e encaminhou, na quarta-feira (28\/08), o inqu\u00e9rito policial que apurou as circunst\u00e2ncias do acidente de tr\u00e2nsito que vitimou seis pessoas em meados do m\u00eas de junho.<\/p><p>O acidente ocorreu na Rodovia SC 108, Km 222, acesso que liga Rancho Queimado \u00e0 Anit\u00e1polis, onde dois ve\u00edculos colidiram frontalmente deixando dois feridos gravemente e seis mortos no local.<\/p><p>Conforme se apurou, um ve\u00edculo modelo Astra invadiu a pista contr\u00e1ria atingindo um ve\u00edculo modelo Prisma, tendo os ocupantes do Prisma ido a \u00f3bito no local. J\u00e1 dos ocupantes do Astra, que eram cinco, apenas dois sobreviveram.<\/p><p>O laudo toxicol\u00f3gico realizado pela Pol\u00edcia Cient\u00edfica revelou que n\u00e3o havia presen\u00e7a de etanol (\u00e1lcool) no sangue do motorista do Prisma, j\u00e1 no motorista do Astra, restou positivo, indicando que estava embriagado.<\/p>\t\t\t\t\t\t\t\t<\/div>\n\t\t\t\t<\/div>\n\t\t\t\t\t<\/div>\n\t\t<\/div>\n\t\t\t\t\t<\/div>\n\t\t<\/section>\n\t\t\t\t<\/div>\n\t\t","protected":false},"excerpt":{"rendered":"<p>Pol\u00edcia Civil conclui inqu\u00e9rito de acidente com seis v\u00edtimas fatais em Rancho Queimado A Pol\u00edcia Civil de Santa Catarina, por meio da Delegacia de Pol\u00edcia do Munic\u00edpio de Rancho Queimado, concluiu e encaminhou, na quarta-feira (28\/08), o inqu\u00e9rito policial que apurou as circunst\u00e2ncias do acidente de tr\u00e2nsito que vitimou seis pessoas em meados do m\u00eas [&hellip;]<\/p>\n","protected":false},"author":5,"featured_media":22823,"comment_status":"closed","ping_status":"open","sticky":false,"template":"","format":"standard","meta":{"_monsterinsights_skip_tracking":false,"_monsterinsights_sitenote_active":false,"_monsterinsights_sitenote_note":"","_monsterinsights_sitenote_category":0,"footnotes":""},"categories":[1],"tags":[],"class_list":["post-23031","post","type-post","status-publish","format-standard","has-post-thumbnail","hentry","category-sem-categoria"],"_links":{"self":[{"href":"https:\/\/pc.sc.gov.br\/index.php?rest_route=\/wp\/v2\/posts\/23031","targetHints":{"allow":["GET"]}}],"collection":[{"href":"https:\/\/pc.sc.gov.br\/index.php?rest_route=\/wp\/v2\/posts"}],"about":[{"href":"https:\/\/pc.sc.gov.br\/index.php?rest_route=\/wp\/v2\/types\/post"}],"author":[{"embeddable":true,"href":"https:\/\/pc.sc.gov.br\/index.php?rest_route=\/wp\/v2\/users\/5"}],"replies":[{"embeddable":true,"href":"https:\/\/pc.sc.gov.br\/index.php?rest_route=%2Fwp%2Fv2%2Fcomments&post=23031"}],"version-history":[{"count":4,"href":"https:\/\/pc.sc.gov.br\/index.php?rest_route=\/wp\/v2\/posts\/23031\/revisions"}],"predecessor-version":[{"id":23035,"href":"https:\/\/pc.sc.gov.br\/index.php?rest_route=\/wp\/v2\/posts\/23031\/revisions\/23035"}],"wp:featuredmedia":[{"embeddable":true,"href":"https:\/\/pc.sc.gov.br\/index.php?rest_route=\/wp\/v2\/media\/22823"}],"wp:attachment":[{"href":"https:\/\/pc.sc.gov.br\/index.php?rest_route=%2Fwp%2Fv2%2Fmedia&parent=23031"}],"wp:term":[{"taxonomy":"category","embeddable":true,"href":"https:\/\/pc.sc.gov.br\/index.php?rest_route=%2Fwp%2Fv2%2Fcategories&post=23031"},{"taxonomy":"post_tag","embeddable":true,"href":"https:\/\/pc.sc.gov.br\/index.php?rest_route=%2Fwp%2Fv2%2Ftags&post=23031"}],"curies":[{"name":"wp","href":"https:\/\/api.w.org\/{rel}","templated":true}]}}