{"id":23036,"date":"2024-08-30T14:12:30","date_gmt":"2024-08-30T17:12:30","guid":{"rendered":"https:\/\/pc.sc.gov.br\/?p=23036"},"modified":"2024-08-30T14:18:00","modified_gmt":"2024-08-30T17:18:00","slug":"dfrv-deic-apreende-carros-adulterados-e-investiga-organizacao-criminosa-que-aluga-os-veiculos-para-motoristas-de-aplicativo","status":"publish","type":"post","link":"https:\/\/pc.sc.gov.br\/?p=23036","title":{"rendered":"DFRV\/DEIC apreende carros adulterados e investiga organiza\u00e7\u00e3o criminosa que aluga os ve\u00edculos para motoristas de aplicativo"},"content":{"rendered":"\t\t<div data-elementor-type=\"wp-post\" data-elementor-id=\"23036\" class=\"elementor elementor-23036\" data-elementor-post-type=\"post\">\n\t\t\t\t\t\t<section class=\"elementor-section elementor-top-section elementor-element elementor-element-45384f2 elementor-section-boxed elementor-section-height-default elementor-section-height-default\" data-id=\"45384f2\" data-element_type=\"section\">\n\t\t\t\t\t\t<div class=\"elementor-container elementor-column-gap-default\">\n\t\t\t\t\t<div class=\"elementor-column elementor-col-100 elementor-top-column elementor-element elementor-element-9a6555f\" data-id=\"9a6555f\" data-element_type=\"column\">\n\t\t\t<div class=\"elementor-widget-wrap elementor-element-populated\">\n\t\t\t\t\t\t\t<\/div>\n\t\t<\/div>\n\t\t\t\t\t<\/div>\n\t\t<\/section>\n\t\t\t\t<section class=\"elementor-section elementor-top-section elementor-element elementor-element-fb6da52 elementor-section-boxed elementor-section-height-default elementor-section-height-default\" data-id=\"fb6da52\" data-element_type=\"section\">\n\t\t\t\t\t\t<div class=\"elementor-container elementor-column-gap-default\">\n\t\t\t\t\t<div class=\"elementor-column elementor-col-100 elementor-top-column elementor-element elementor-element-442da20\" data-id=\"442da20\" data-element_type=\"column\">\n\t\t\t<div class=\"elementor-widget-wrap elementor-element-populated\">\n\t\t\t\t\t\t<div class=\"elementor-element elementor-element-0812e7f elementor-widget elementor-widget-heading\" data-id=\"0812e7f\" data-element_type=\"widget\" data-widget_type=\"heading.default\">\n\t\t\t\t<div class=\"elementor-widget-container\">\n\t\t\t\t\t<h2 class=\"elementor-heading-title elementor-size-default\">DFRV\/DEIC apreende dois ve\u00edculos furtados e adulterados e investiga organiza\u00e7\u00e3o criminosa que aluga os ve\u00edculos para motoristas de aplicativo <\/h2>\t\t\t\t<\/div>\n\t\t\t\t<\/div>\n\t\t\t\t\t<\/div>\n\t\t<\/div>\n\t\t\t\t\t<\/div>\n\t\t<\/section>\n\t\t\t\t<section class=\"elementor-section elementor-top-section elementor-element elementor-element-b549624 elementor-section-boxed elementor-section-height-default elementor-section-height-default\" data-id=\"b549624\" data-element_type=\"section\">\n\t\t\t\t\t\t<div class=\"elementor-container elementor-column-gap-default\">\n\t\t\t\t\t<div class=\"elementor-column elementor-col-100 elementor-top-column elementor-element elementor-element-1121767\" data-id=\"1121767\" data-element_type=\"column\">\n\t\t\t<div class=\"elementor-widget-wrap elementor-element-populated\">\n\t\t\t\t\t\t<div class=\"elementor-element elementor-element-78e072f elementor-widget elementor-widget-image\" data-id=\"78e072f\" data-element_type=\"widget\" data-widget_type=\"image.default\">\n\t\t\t\t<div class=\"elementor-widget-container\">\n\t\t\t\t\t\t\t\t\t\t\t\t\t\t\t<img fetchpriority=\"high\" decoding=\"async\" width=\"696\" height=\"686\" src=\"https:\/\/pc.sc.gov.br\/\/wp-content\/uploads\/2024\/08\/WhatsApp-Image-2024-08-30-at-11.34.19-1024x1009.jpeg\" class=\"attachment-large size-large wp-image-23037\" alt=\"\" srcset=\"https:\/\/pc.sc.gov.br\/\/wp-content\/uploads\/2024\/08\/WhatsApp-Image-2024-08-30-at-11.34.19-1024x1009.jpeg 1024w, https:\/\/pc.sc.gov.br\/\/wp-content\/uploads\/2024\/08\/WhatsApp-Image-2024-08-30-at-11.34.19-300x296.jpeg 300w, https:\/\/pc.sc.gov.br\/\/wp-content\/uploads\/2024\/08\/WhatsApp-Image-2024-08-30-at-11.34.19-768x757.jpeg 768w, https:\/\/pc.sc.gov.br\/\/wp-content\/uploads\/2024\/08\/WhatsApp-Image-2024-08-30-at-11.34.19-1536x1514.jpeg 1536w, https:\/\/pc.sc.gov.br\/\/wp-content\/uploads\/2024\/08\/WhatsApp-Image-2024-08-30-at-11.34.19.jpeg 1600w\" sizes=\"(max-width: 696px) 100vw, 696px\" \/>\t\t\t\t\t\t\t\t\t\t\t\t\t\t\t<\/div>\n\t\t\t\t<\/div>\n\t\t\t\t\t<\/div>\n\t\t<\/div>\n\t\t\t\t\t<\/div>\n\t\t<\/section>\n\t\t\t\t<section class=\"elementor-section elementor-top-section elementor-element elementor-element-cf9dc4a elementor-section-boxed elementor-section-height-default elementor-section-height-default\" data-id=\"cf9dc4a\" data-element_type=\"section\">\n\t\t\t\t\t\t<div class=\"elementor-container elementor-column-gap-default\">\n\t\t\t\t\t<div class=\"elementor-column elementor-col-100 elementor-top-column elementor-element elementor-element-0a0ba6a\" data-id=\"0a0ba6a\" data-element_type=\"column\">\n\t\t\t<div class=\"elementor-widget-wrap elementor-element-populated\">\n\t\t\t\t\t\t<div class=\"elementor-element elementor-element-24321cf elementor-widget elementor-widget-text-editor\" data-id=\"24321cf\" data-element_type=\"widget\" data-widget_type=\"text-editor.default\">\n\t\t\t\t<div class=\"elementor-widget-container\">\n\t\t\t\t\t\t\t\t\t<p>A Pol\u00edcia Civil de Santa Catarina, por meio da Delegacia de Furtos e Roubos de Ve\u00edculos (DFRV\/DEIC) em trabalho conjunto com a Pol\u00edcia Rodovi\u00e1ria Federal e a Guarda Municipal\/NUINT de S\u00e3o Jos\u00e9, apreendeu na quinta-feira, 29, dois ve\u00edculos furtados\/adulterados, no munic\u00edpio de S\u00e3o Jos\u00e9.<\/p>\n<p>Ap\u00f3s uma an\u00e1lise preliminar, foi descoberto que se tratava de um ve\u00edculo Volkswagen UP, com registro de furto em S\u00e3o Jos\u00e9, no ano de 2023. Ele estava com os sinais identificadores adulterados. O outro ve\u00edculo era um Nissan Kicks, com registro de furto na cidade de S\u00e3o Paulo, tamb\u00e9m apresentava os sinais identificadores adulterados.<\/p>\n<p>Os propriet\u00e1rios foram conduzidos para prestarem esclarecimentos na sede da DEIC. As dilig\u00eancias continuam para a identifica\u00e7\u00e3o dos integrantes desse grupo criminoso que est\u00e1 atuando no furto e adultera\u00e7\u00e3o de ve\u00edculos para que sejam alugados e utilizados por meio de aplicativo de corridas na regi\u00e3o da Grande Florian\u00f3polis.&nbsp;<\/p>\t\t\t\t\t\t\t\t<\/div>\n\t\t\t\t<\/div>\n\t\t\t\t\t<\/div>\n\t\t<\/div>\n\t\t\t\t\t<\/div>\n\t\t<\/section>\n\t\t\t\t<\/div>\n\t\t","protected":false},"excerpt":{"rendered":"<p>DFRV\/DEIC apreende dois ve\u00edculos furtados e adulterados e investiga organiza\u00e7\u00e3o criminosa que aluga os ve\u00edculos para motoristas de aplicativo A Pol\u00edcia Civil de Santa Catarina, por meio da Delegacia de Furtos e Roubos de Ve\u00edculos (DFRV\/DEIC) em trabalho conjunto com a Pol\u00edcia Rodovi\u00e1ria Federal e a Guarda Municipal\/NUINT de S\u00e3o Jos\u00e9, apreendeu na quinta-feira, 29, [&hellip;]<\/p>\n","protected":false},"author":5,"featured_media":23037,"comment_status":"closed","ping_status":"open","sticky":false,"template":"","format":"standard","meta":{"_monsterinsights_skip_tracking":false,"_monsterinsights_sitenote_active":false,"_monsterinsights_sitenote_note":"","_monsterinsights_sitenote_category":0,"footnotes":""},"categories":[1],"tags":[],"class_list":["post-23036","post","type-post","status-publish","format-standard","has-post-thumbnail","hentry","category-sem-categoria"],"_links":{"self":[{"href":"https:\/\/pc.sc.gov.br\/index.php?rest_route=\/wp\/v2\/posts\/23036","targetHints":{"allow":["GET"]}}],"collection":[{"href":"https:\/\/pc.sc.gov.br\/index.php?rest_route=\/wp\/v2\/posts"}],"about":[{"href":"https:\/\/pc.sc.gov.br\/index.php?rest_route=\/wp\/v2\/types\/post"}],"author":[{"embeddable":true,"href":"https:\/\/pc.sc.gov.br\/index.php?rest_route=\/wp\/v2\/users\/5"}],"replies":[{"embeddable":true,"href":"https:\/\/pc.sc.gov.br\/index.php?rest_route=%2Fwp%2Fv2%2Fcomments&post=23036"}],"version-history":[{"count":6,"href":"https:\/\/pc.sc.gov.br\/index.php?rest_route=\/wp\/v2\/posts\/23036\/revisions"}],"predecessor-version":[{"id":23043,"href":"https:\/\/pc.sc.gov.br\/index.php?rest_route=\/wp\/v2\/posts\/23036\/revisions\/23043"}],"wp:featuredmedia":[{"embeddable":true,"href":"https:\/\/pc.sc.gov.br\/index.php?rest_route=\/wp\/v2\/media\/23037"}],"wp:attachment":[{"href":"https:\/\/pc.sc.gov.br\/index.php?rest_route=%2Fwp%2Fv2%2Fmedia&parent=23036"}],"wp:term":[{"taxonomy":"category","embeddable":true,"href":"https:\/\/pc.sc.gov.br\/index.php?rest_route=%2Fwp%2Fv2%2Fcategories&post=23036"},{"taxonomy":"post_tag","embeddable":true,"href":"https:\/\/pc.sc.gov.br\/index.php?rest_route=%2Fwp%2Fv2%2Ftags&post=23036"}],"curies":[{"name":"wp","href":"https:\/\/api.w.org\/{rel}","templated":true}]}}