{"id":23045,"date":"2024-08-30T15:07:07","date_gmt":"2024-08-30T18:07:07","guid":{"rendered":"https:\/\/pc.sc.gov.br\/?p=23045"},"modified":"2024-08-30T15:07:51","modified_gmt":"2024-08-30T18:07:51","slug":"policia-civil-esclarece-crime-de-roubo-de-carga-e-prende-suspeito-no-parana","status":"publish","type":"post","link":"https:\/\/pc.sc.gov.br\/?p=23045","title":{"rendered":"Pol\u00edcia Civil esclarece crime de roubo de carga e prende suspeito no Paran\u00e1"},"content":{"rendered":"\t\t<div data-elementor-type=\"wp-post\" data-elementor-id=\"23045\" class=\"elementor elementor-23045\" data-elementor-post-type=\"post\">\n\t\t\t\t\t\t<section class=\"elementor-section elementor-top-section elementor-element elementor-element-fee452b elementor-section-boxed elementor-section-height-default elementor-section-height-default\" data-id=\"fee452b\" data-element_type=\"section\">\n\t\t\t\t\t\t<div class=\"elementor-container elementor-column-gap-default\">\n\t\t\t\t\t<div class=\"elementor-column elementor-col-100 elementor-top-column elementor-element elementor-element-15ad79b\" data-id=\"15ad79b\" data-element_type=\"column\">\n\t\t\t<div class=\"elementor-widget-wrap elementor-element-populated\">\n\t\t\t\t\t\t<div class=\"elementor-element elementor-element-376549d elementor-widget elementor-widget-heading\" data-id=\"376549d\" data-element_type=\"widget\" data-widget_type=\"heading.default\">\n\t\t\t\t<div class=\"elementor-widget-container\">\n\t\t\t\t\t<h2 class=\"elementor-heading-title elementor-size-default\">Pol\u00edcia Civil esclarece crime de roubo de carga e prende suspeito no Paran\u00e1 <\/h2>\t\t\t\t<\/div>\n\t\t\t\t<\/div>\n\t\t\t\t\t<\/div>\n\t\t<\/div>\n\t\t\t\t\t<\/div>\n\t\t<\/section>\n\t\t\t\t<section class=\"elementor-section elementor-top-section elementor-element elementor-element-0d78ff8 elementor-section-boxed elementor-section-height-default elementor-section-height-default\" data-id=\"0d78ff8\" data-element_type=\"section\">\n\t\t\t\t\t\t<div class=\"elementor-container elementor-column-gap-default\">\n\t\t\t\t\t<div class=\"elementor-column elementor-col-100 elementor-top-column elementor-element elementor-element-dfb3f85\" data-id=\"dfb3f85\" data-element_type=\"column\">\n\t\t\t<div class=\"elementor-widget-wrap elementor-element-populated\">\n\t\t\t\t\t\t<div class=\"elementor-element elementor-element-bb5db2a elementor-widget elementor-widget-image\" data-id=\"bb5db2a\" data-element_type=\"widget\" data-widget_type=\"image.default\">\n\t\t\t\t<div class=\"elementor-widget-container\">\n\t\t\t\t\t\t\t\t\t\t\t\t\t\t\t<img fetchpriority=\"high\" decoding=\"async\" width=\"696\" height=\"329\" src=\"https:\/\/pc.sc.gov.br\/\/wp-content\/uploads\/2024\/08\/WhatsApp-Image-2024-08-30-at-14.42.26.jpeg\" class=\"attachment-large size-large wp-image-23046\" alt=\"\" srcset=\"https:\/\/pc.sc.gov.br\/\/wp-content\/uploads\/2024\/08\/WhatsApp-Image-2024-08-30-at-14.42.26.jpeg 791w, https:\/\/pc.sc.gov.br\/\/wp-content\/uploads\/2024\/08\/WhatsApp-Image-2024-08-30-at-14.42.26-300x142.jpeg 300w, https:\/\/pc.sc.gov.br\/\/wp-content\/uploads\/2024\/08\/WhatsApp-Image-2024-08-30-at-14.42.26-768x363.jpeg 768w\" sizes=\"(max-width: 696px) 100vw, 696px\" \/>\t\t\t\t\t\t\t\t\t\t\t\t\t\t\t<\/div>\n\t\t\t\t<\/div>\n\t\t\t\t\t<\/div>\n\t\t<\/div>\n\t\t\t\t\t<\/div>\n\t\t<\/section>\n\t\t\t\t<section class=\"elementor-section elementor-top-section elementor-element elementor-element-8a6c615 elementor-section-boxed elementor-section-height-default elementor-section-height-default\" data-id=\"8a6c615\" data-element_type=\"section\">\n\t\t\t\t\t\t<div class=\"elementor-container elementor-column-gap-default\">\n\t\t\t\t\t<div class=\"elementor-column elementor-col-100 elementor-top-column elementor-element elementor-element-bdbe9a7\" data-id=\"bdbe9a7\" data-element_type=\"column\">\n\t\t\t<div class=\"elementor-widget-wrap elementor-element-populated\">\n\t\t\t\t\t\t<div class=\"elementor-element elementor-element-c1e05c2 elementor-widget elementor-widget-text-editor\" data-id=\"c1e05c2\" data-element_type=\"widget\" data-widget_type=\"text-editor.default\">\n\t\t\t\t<div class=\"elementor-widget-container\">\n\t\t\t\t\t\t\t\t\t<p>A Pol\u00edcia Civil de Santa Catarina, por meio da Delegacia de Furtos e Roubos de Cargas da DEIC, cumpre Mandado de Pris\u00e3o Preventiva em desfavor de autor de crime de furto de carga. A investiga\u00e7\u00e3o iniciou ap\u00f3s a DFRC\/DEIC tomar conhecimento do roubo de carga de fios de tecelagem avaliada em R$ 149.601,88. O crime teria ocorrido na cidade de Araquari\/SC em 22\/01\/2024.<\/p><p>Em seu relato, a v\u00edtima informou que foi abordada por criminosos em posto de combust\u00edvel e mantida ref\u00e9m durante a noite. Narrou que durante a execu\u00e7\u00e3o do roubo cochilou por aproximadamente 30 minutos e quando que acordou notou que havia sido abandonada, juntamente com o caminh\u00e3o, na cidade de Campo Alegre\/SC. Apenas a carga foi subtra\u00edda.<\/p><p>Sob coordena\u00e7\u00e3o do delegado de Pol\u00edcia Osnei Valdir de Oliveira, apurou-se que a v\u00edtima mentiu sobre o roubo e para esquivar-se da responsabilidade criminal apresentou vers\u00e3o completamente falaciosa. O motorista participou da subtra\u00e7\u00e3o da carga e apresentou falsa comunica\u00e7\u00e3o de crime.<\/p><p>No curso da investiga\u00e7\u00e3o, o investigado, morador da cidade de Joinville\/SC, foi preso em Cascavel\/PR transportando 185 kg de maconha.<\/p><p>Nesta data, foi dado cumprimento ao mandado de pris\u00e3o expedido em desfavor do motorista o qual foi cumprido na cidade de Cascavel\/PR.<\/p><p>Den\u00fancias e informa\u00e7\u00f5es relacionadas a Roubo de Cargas podem ser encaminhadas para o e-mail deic-dfrc@pc.sc.gov.br da Pol\u00edcia Civil, sendo garantido o anonimato.<\/p>\t\t\t\t\t\t\t\t<\/div>\n\t\t\t\t<\/div>\n\t\t\t\t\t<\/div>\n\t\t<\/div>\n\t\t\t\t\t<\/div>\n\t\t<\/section>\n\t\t\t\t<\/div>\n\t\t","protected":false},"excerpt":{"rendered":"<p>Pol\u00edcia Civil esclarece crime de roubo de carga e prende suspeito no Paran\u00e1 A Pol\u00edcia Civil de Santa Catarina, por meio da Delegacia de Furtos e Roubos de Cargas da DEIC, cumpre Mandado de Pris\u00e3o Preventiva em desfavor de autor de crime de furto de carga. A investiga\u00e7\u00e3o iniciou ap\u00f3s a DFRC\/DEIC tomar conhecimento do [&hellip;]<\/p>\n","protected":false},"author":5,"featured_media":23046,"comment_status":"closed","ping_status":"open","sticky":false,"template":"","format":"standard","meta":{"_monsterinsights_skip_tracking":false,"_monsterinsights_sitenote_active":false,"_monsterinsights_sitenote_note":"","_monsterinsights_sitenote_category":0,"footnotes":""},"categories":[1],"tags":[],"class_list":["post-23045","post","type-post","status-publish","format-standard","has-post-thumbnail","hentry","category-sem-categoria"],"_links":{"self":[{"href":"https:\/\/pc.sc.gov.br\/index.php?rest_route=\/wp\/v2\/posts\/23045","targetHints":{"allow":["GET"]}}],"collection":[{"href":"https:\/\/pc.sc.gov.br\/index.php?rest_route=\/wp\/v2\/posts"}],"about":[{"href":"https:\/\/pc.sc.gov.br\/index.php?rest_route=\/wp\/v2\/types\/post"}],"author":[{"embeddable":true,"href":"https:\/\/pc.sc.gov.br\/index.php?rest_route=\/wp\/v2\/users\/5"}],"replies":[{"embeddable":true,"href":"https:\/\/pc.sc.gov.br\/index.php?rest_route=%2Fwp%2Fv2%2Fcomments&post=23045"}],"version-history":[{"count":4,"href":"https:\/\/pc.sc.gov.br\/index.php?rest_route=\/wp\/v2\/posts\/23045\/revisions"}],"predecessor-version":[{"id":23050,"href":"https:\/\/pc.sc.gov.br\/index.php?rest_route=\/wp\/v2\/posts\/23045\/revisions\/23050"}],"wp:featuredmedia":[{"embeddable":true,"href":"https:\/\/pc.sc.gov.br\/index.php?rest_route=\/wp\/v2\/media\/23046"}],"wp:attachment":[{"href":"https:\/\/pc.sc.gov.br\/index.php?rest_route=%2Fwp%2Fv2%2Fmedia&parent=23045"}],"wp:term":[{"taxonomy":"category","embeddable":true,"href":"https:\/\/pc.sc.gov.br\/index.php?rest_route=%2Fwp%2Fv2%2Fcategories&post=23045"},{"taxonomy":"post_tag","embeddable":true,"href":"https:\/\/pc.sc.gov.br\/index.php?rest_route=%2Fwp%2Fv2%2Ftags&post=23045"}],"curies":[{"name":"wp","href":"https:\/\/api.w.org\/{rel}","templated":true}]}}