{"id":23051,"date":"2024-08-30T15:22:25","date_gmt":"2024-08-30T18:22:25","guid":{"rendered":"https:\/\/pc.sc.gov.br\/?p=23051"},"modified":"2024-08-30T15:27:43","modified_gmt":"2024-08-30T18:27:43","slug":"operacao-policial-em-lages-resulta-na-prisao-de-sete-investigados-e-apreensao-de-drogas-e-armas","status":"publish","type":"post","link":"https:\/\/pc.sc.gov.br\/?p=23051","title":{"rendered":"Opera\u00e7\u00e3o policial em Lages resulta na pris\u00e3o de sete investigados e apreens\u00e3o de drogas e armas"},"content":{"rendered":"\t\t<div data-elementor-type=\"wp-post\" data-elementor-id=\"23051\" class=\"elementor elementor-23051\" data-elementor-post-type=\"post\">\n\t\t\t\t\t\t<section class=\"elementor-section elementor-top-section elementor-element elementor-element-7f92cd4 elementor-section-boxed elementor-section-height-default elementor-section-height-default\" data-id=\"7f92cd4\" data-element_type=\"section\">\n\t\t\t\t\t\t<div class=\"elementor-container elementor-column-gap-default\">\n\t\t\t\t\t<div class=\"elementor-column elementor-col-100 elementor-top-column elementor-element elementor-element-07f0c8c\" data-id=\"07f0c8c\" data-element_type=\"column\">\n\t\t\t<div class=\"elementor-widget-wrap elementor-element-populated\">\n\t\t\t\t\t\t<div class=\"elementor-element elementor-element-8093baf elementor-widget elementor-widget-heading\" data-id=\"8093baf\" data-element_type=\"widget\" data-widget_type=\"heading.default\">\n\t\t\t\t<div class=\"elementor-widget-container\">\n\t\t\t\t\t<h2 class=\"elementor-heading-title elementor-size-default\">Opera\u00e7\u00e3o policial em Lages resulta na pris\u00e3o de sete investigados e apreens\u00e3o de drogas e armas<\/h2>\t\t\t\t<\/div>\n\t\t\t\t<\/div>\n\t\t\t\t\t<\/div>\n\t\t<\/div>\n\t\t\t\t\t<\/div>\n\t\t<\/section>\n\t\t\t\t<section class=\"elementor-section elementor-top-section elementor-element elementor-element-8f684d4 elementor-section-boxed elementor-section-height-default elementor-section-height-default\" data-id=\"8f684d4\" data-element_type=\"section\">\n\t\t\t\t\t\t<div class=\"elementor-container elementor-column-gap-default\">\n\t\t\t\t\t<div class=\"elementor-column elementor-col-100 elementor-top-column elementor-element elementor-element-07a6e04\" data-id=\"07a6e04\" data-element_type=\"column\">\n\t\t\t<div class=\"elementor-widget-wrap elementor-element-populated\">\n\t\t\t\t\t\t<div class=\"elementor-element elementor-element-40d0398 elementor-widget elementor-widget-image\" data-id=\"40d0398\" data-element_type=\"widget\" data-widget_type=\"image.default\">\n\t\t\t\t<div class=\"elementor-widget-container\">\n\t\t\t\t\t\t\t\t\t\t\t\t\t\t\t<img fetchpriority=\"high\" decoding=\"async\" width=\"696\" height=\"572\" src=\"https:\/\/pc.sc.gov.br\/\/wp-content\/uploads\/2024\/08\/7b864173-8d44-403b-92ff-14f2d663fe41-fotor-20240830144751-1-1024x842.jpg\" class=\"attachment-large size-large wp-image-23053\" alt=\"\" srcset=\"https:\/\/pc.sc.gov.br\/\/wp-content\/uploads\/2024\/08\/7b864173-8d44-403b-92ff-14f2d663fe41-fotor-20240830144751-1-1024x842.jpg 1024w, https:\/\/pc.sc.gov.br\/\/wp-content\/uploads\/2024\/08\/7b864173-8d44-403b-92ff-14f2d663fe41-fotor-20240830144751-1-300x247.jpg 300w, https:\/\/pc.sc.gov.br\/\/wp-content\/uploads\/2024\/08\/7b864173-8d44-403b-92ff-14f2d663fe41-fotor-20240830144751-1-768x631.jpg 768w, https:\/\/pc.sc.gov.br\/\/wp-content\/uploads\/2024\/08\/7b864173-8d44-403b-92ff-14f2d663fe41-fotor-20240830144751-1.jpg 1117w\" sizes=\"(max-width: 696px) 100vw, 696px\" \/>\t\t\t\t\t\t\t\t\t\t\t\t\t\t\t<\/div>\n\t\t\t\t<\/div>\n\t\t\t\t\t<\/div>\n\t\t<\/div>\n\t\t\t\t\t<\/div>\n\t\t<\/section>\n\t\t\t\t<section class=\"elementor-section elementor-top-section elementor-element elementor-element-1d58c8a elementor-section-boxed elementor-section-height-default elementor-section-height-default\" data-id=\"1d58c8a\" data-element_type=\"section\">\n\t\t\t\t\t\t<div class=\"elementor-container elementor-column-gap-default\">\n\t\t\t\t\t<div class=\"elementor-column elementor-col-100 elementor-top-column elementor-element elementor-element-7ff02b5\" data-id=\"7ff02b5\" data-element_type=\"column\">\n\t\t\t<div class=\"elementor-widget-wrap elementor-element-populated\">\n\t\t\t\t\t\t<div class=\"elementor-element elementor-element-19e6889 elementor-widget elementor-widget-text-editor\" data-id=\"19e6889\" data-element_type=\"widget\" data-widget_type=\"text-editor.default\">\n\t\t\t\t<div class=\"elementor-widget-container\">\n\t\t\t\t\t\t\t\t\t<p>A Pol\u00edcia Civil de Santa Catarina, por meio da Delegacia de Investiga\u00e7\u00e3o Criminal (DIC) de Lages, com apoio das demais Delegacias de Pol\u00edcia de Lages, S\u00e3o Joaquim, Curitibanos e Campos Novos, bem como dos NOCs (N\u00facleo de Opera\u00e7\u00f5es com C\u00e3es) de Lages, Canoinhas e Santa Cec\u00edlia, deflagrou nesta sexta-feira (30) uma opera\u00e7\u00e3o policial visando o cumprimento de 23 ordens judiciais, expedidas pela Vara Regional de Garantias da Comarca de Lages.&nbsp;<span style=\"font-family: var( --e-global-typography-primary-font-family ), Sans-serif; font-size: var( --e-global-typography-primary-font-size ); font-weight: var( --e-global-typography-primary-font-weight ); letter-spacing: var( --e-global-typography-primary-letter-spacing );\">A a\u00e7\u00e3o resultou na pris\u00e3o de 7 investigados pela pr\u00e1tica dos crimes de tr\u00e1fico de drogas e associa\u00e7\u00e3o para o tr\u00e1fico de drogas.<\/span><\/p>\n<p>Durante as buscas nas resid\u00eancias dos investigados foram apreendidos grande quantidade drogas (coca\u00edna e maconha), 3 balan\u00e7as de precis\u00e3o, uma pistola, 24 muni\u00e7\u00f5es,&nbsp; coldre, dinheiro em esp\u00e9cie e diversos outros itens de interesse para investiga\u00e7\u00e3o. Ap\u00f3s a formaliza\u00e7\u00e3o das pris\u00f5es, os conduzidos foram encaminhados para Unidade Prisional de Lages.<\/p>\t\t\t\t\t\t\t\t<\/div>\n\t\t\t\t<\/div>\n\t\t\t\t\t<\/div>\n\t\t<\/div>\n\t\t\t\t\t<\/div>\n\t\t<\/section>\n\t\t\t\t<\/div>\n\t\t","protected":false},"excerpt":{"rendered":"<p>Opera\u00e7\u00e3o policial em Lages resulta na pris\u00e3o de sete investigados e apreens\u00e3o de drogas e armas A Pol\u00edcia Civil de Santa Catarina, por meio da Delegacia de Investiga\u00e7\u00e3o Criminal (DIC) de Lages, com apoio das demais Delegacias de Pol\u00edcia de Lages, S\u00e3o Joaquim, Curitibanos e Campos Novos, bem como dos NOCs (N\u00facleo de Opera\u00e7\u00f5es com [&hellip;]<\/p>\n","protected":false},"author":5,"featured_media":23053,"comment_status":"closed","ping_status":"open","sticky":false,"template":"","format":"standard","meta":{"_monsterinsights_skip_tracking":false,"_monsterinsights_sitenote_active":false,"_monsterinsights_sitenote_note":"","_monsterinsights_sitenote_category":0,"footnotes":""},"categories":[1],"tags":[],"class_list":["post-23051","post","type-post","status-publish","format-standard","has-post-thumbnail","hentry","category-sem-categoria"],"_links":{"self":[{"href":"https:\/\/pc.sc.gov.br\/index.php?rest_route=\/wp\/v2\/posts\/23051","targetHints":{"allow":["GET"]}}],"collection":[{"href":"https:\/\/pc.sc.gov.br\/index.php?rest_route=\/wp\/v2\/posts"}],"about":[{"href":"https:\/\/pc.sc.gov.br\/index.php?rest_route=\/wp\/v2\/types\/post"}],"author":[{"embeddable":true,"href":"https:\/\/pc.sc.gov.br\/index.php?rest_route=\/wp\/v2\/users\/5"}],"replies":[{"embeddable":true,"href":"https:\/\/pc.sc.gov.br\/index.php?rest_route=%2Fwp%2Fv2%2Fcomments&post=23051"}],"version-history":[{"count":3,"href":"https:\/\/pc.sc.gov.br\/index.php?rest_route=\/wp\/v2\/posts\/23051\/revisions"}],"predecessor-version":[{"id":23056,"href":"https:\/\/pc.sc.gov.br\/index.php?rest_route=\/wp\/v2\/posts\/23051\/revisions\/23056"}],"wp:featuredmedia":[{"embeddable":true,"href":"https:\/\/pc.sc.gov.br\/index.php?rest_route=\/wp\/v2\/media\/23053"}],"wp:attachment":[{"href":"https:\/\/pc.sc.gov.br\/index.php?rest_route=%2Fwp%2Fv2%2Fmedia&parent=23051"}],"wp:term":[{"taxonomy":"category","embeddable":true,"href":"https:\/\/pc.sc.gov.br\/index.php?rest_route=%2Fwp%2Fv2%2Fcategories&post=23051"},{"taxonomy":"post_tag","embeddable":true,"href":"https:\/\/pc.sc.gov.br\/index.php?rest_route=%2Fwp%2Fv2%2Ftags&post=23051"}],"curies":[{"name":"wp","href":"https:\/\/api.w.org\/{rel}","templated":true}]}}