{"id":23057,"date":"2024-08-30T16:14:01","date_gmt":"2024-08-30T19:14:01","guid":{"rendered":"https:\/\/pc.sc.gov.br\/?p=23057"},"modified":"2024-08-30T16:14:48","modified_gmt":"2024-08-30T19:14:48","slug":"policia-civil-realiza-prisoes-em-investigacao-homicidio-ocorrido-em-palhoca","status":"publish","type":"post","link":"https:\/\/pc.sc.gov.br\/?p=23057","title":{"rendered":"Pol\u00edcia Civil realiza pris\u00f5es em investiga\u00e7\u00e3o homic\u00eddio ocorrido em Palho\u00e7a"},"content":{"rendered":"\t\t<div data-elementor-type=\"wp-post\" data-elementor-id=\"23057\" class=\"elementor elementor-23057\" data-elementor-post-type=\"post\">\n\t\t\t\t\t\t<section class=\"elementor-section elementor-top-section elementor-element elementor-element-cd69bcd elementor-section-boxed elementor-section-height-default elementor-section-height-default\" data-id=\"cd69bcd\" data-element_type=\"section\">\n\t\t\t\t\t\t<div class=\"elementor-container elementor-column-gap-default\">\n\t\t\t\t\t<div class=\"elementor-column elementor-col-100 elementor-top-column elementor-element elementor-element-36242e2\" data-id=\"36242e2\" data-element_type=\"column\">\n\t\t\t<div class=\"elementor-widget-wrap elementor-element-populated\">\n\t\t\t\t\t\t<div class=\"elementor-element elementor-element-9c372a5 elementor-widget elementor-widget-heading\" data-id=\"9c372a5\" data-element_type=\"widget\" data-widget_type=\"heading.default\">\n\t\t\t\t<div class=\"elementor-widget-container\">\n\t\t\t\t\t<h2 class=\"elementor-heading-title elementor-size-default\">Pol\u00edcia Civil realiza pris\u00f5es em investiga\u00e7\u00e3o homic\u00eddio ocorrido em Palho\u00e7a <\/h2>\t\t\t\t<\/div>\n\t\t\t\t<\/div>\n\t\t\t\t\t<\/div>\n\t\t<\/div>\n\t\t\t\t\t<\/div>\n\t\t<\/section>\n\t\t\t\t<section class=\"elementor-section elementor-top-section elementor-element elementor-element-720d47f elementor-section-boxed elementor-section-height-default elementor-section-height-default\" data-id=\"720d47f\" data-element_type=\"section\">\n\t\t\t\t\t\t<div class=\"elementor-container elementor-column-gap-default\">\n\t\t\t\t\t<div class=\"elementor-column elementor-col-100 elementor-top-column elementor-element elementor-element-0a73fad\" data-id=\"0a73fad\" data-element_type=\"column\">\n\t\t\t<div class=\"elementor-widget-wrap elementor-element-populated\">\n\t\t\t\t\t\t<div class=\"elementor-element elementor-element-ddcb64c elementor-widget elementor-widget-image\" data-id=\"ddcb64c\" data-element_type=\"widget\" data-widget_type=\"image.default\">\n\t\t\t\t<div class=\"elementor-widget-container\">\n\t\t\t\t\t\t\t\t\t\t\t\t\t\t\t<img fetchpriority=\"high\" decoding=\"async\" width=\"696\" height=\"397\" src=\"https:\/\/pc.sc.gov.br\/\/wp-content\/uploads\/2024\/08\/7eafe7c9-ccf5-4491-b929-3a59b1618a89-fotor-20240220145711-1024x584.jpg\" class=\"attachment-large size-large wp-image-22817\" alt=\"\" srcset=\"https:\/\/pc.sc.gov.br\/\/wp-content\/uploads\/2024\/08\/7eafe7c9-ccf5-4491-b929-3a59b1618a89-fotor-20240220145711-1024x584.jpg 1024w, https:\/\/pc.sc.gov.br\/\/wp-content\/uploads\/2024\/08\/7eafe7c9-ccf5-4491-b929-3a59b1618a89-fotor-20240220145711-300x171.jpg 300w, https:\/\/pc.sc.gov.br\/\/wp-content\/uploads\/2024\/08\/7eafe7c9-ccf5-4491-b929-3a59b1618a89-fotor-20240220145711-768x438.jpg 768w, https:\/\/pc.sc.gov.br\/\/wp-content\/uploads\/2024\/08\/7eafe7c9-ccf5-4491-b929-3a59b1618a89-fotor-20240220145711.jpg 1068w\" sizes=\"(max-width: 696px) 100vw, 696px\" \/>\t\t\t\t\t\t\t\t\t\t\t\t\t\t\t<\/div>\n\t\t\t\t<\/div>\n\t\t\t\t\t<\/div>\n\t\t<\/div>\n\t\t\t\t\t<\/div>\n\t\t<\/section>\n\t\t\t\t<section class=\"elementor-section elementor-top-section elementor-element elementor-element-aec29b9 elementor-section-boxed elementor-section-height-default elementor-section-height-default\" data-id=\"aec29b9\" data-element_type=\"section\">\n\t\t\t\t\t\t<div class=\"elementor-container elementor-column-gap-default\">\n\t\t\t\t\t<div class=\"elementor-column elementor-col-100 elementor-top-column elementor-element elementor-element-316f22f\" data-id=\"316f22f\" data-element_type=\"column\">\n\t\t\t<div class=\"elementor-widget-wrap elementor-element-populated\">\n\t\t\t\t\t\t<div class=\"elementor-element elementor-element-f5210c7 elementor-widget elementor-widget-text-editor\" data-id=\"f5210c7\" data-element_type=\"widget\" data-widget_type=\"text-editor.default\">\n\t\t\t\t<div class=\"elementor-widget-container\">\n\t\t\t\t\t\t\t\t\t<p>A Pol\u00edcia Civil de Santa Catarina, por meio da Divis\u00e3o de Investiga\u00e7\u00e3o de Palho\u00e7a, deflagrou na manh\u00e3 desta sexta feira (30\/08), opera\u00e7\u00e3o policial com o objetivo de dar cumprimento \u00e0s ordens judiciais de pris\u00f5es preventivas e busca e apreens\u00e3o em resid\u00eancias, representada pela autoridade policial, objetivando angariar materialidade para o esclarecimento do crime de homic\u00eddio ocorrido na madrugada de 27\/07\/2024 no bairro Passa Vinte, em Palho\u00e7a.<\/p><p><strong>Entenda o caso<\/strong><\/p><p>Durante a madrugada de 27 de julho, a v\u00edtima estava na companhia de conhecidos, quando todos se envolveram em discuss\u00e3o defronte a um estabelecimento comercial. Na ocasi\u00e3o, duas pessoas restaram feridas, sendo que a v\u00edtima acabou sendo golpeada fatalmente por instrumento cortante.<\/p><p>A v\u00edtima veio a \u00f3bito no local e as autoridades policiais foram acionadas. Imediatamente a Pol\u00edcia Civil de Santa Catarina, atrav\u00e9s dos policiais da Divis\u00e3o de Investiga\u00e7\u00e3o Criminal de Palho\u00e7a, realizou dilig\u00eancias, quando foram coletadas imagens; identificadas testemunhas, que foram ouvidas ao longo dos dias que sucederam ao crime; e solicitadas per\u00edcias \u00e0 Pol\u00edcia Cient\u00edfica.<\/p><p>Na data de hoje (30\/08), os investigados foram localizados e encaminhados \u00e0 sede da DIC de Palho\u00e7a, onde foram interrogados e, posteriormente, encaminhadas ao Sistema Prisional.\u00a0 Agora, permanecem \u00e0 disposi\u00e7\u00e3o da justi\u00e7a.<\/p><p>Outras dilig\u00eancias ainda ser\u00e3o realizadas para o total esclarecimento dos fatos com a finaliza\u00e7\u00e3o do inqu\u00e9rito policial e remessa ao Poder Judici\u00e1rio de Palho\u00e7a.<\/p>\t\t\t\t\t\t\t\t<\/div>\n\t\t\t\t<\/div>\n\t\t\t\t\t<\/div>\n\t\t<\/div>\n\t\t\t\t\t<\/div>\n\t\t<\/section>\n\t\t\t\t<\/div>\n\t\t","protected":false},"excerpt":{"rendered":"<p>Pol\u00edcia Civil realiza pris\u00f5es em investiga\u00e7\u00e3o homic\u00eddio ocorrido em Palho\u00e7a A Pol\u00edcia Civil de Santa Catarina, por meio da Divis\u00e3o de Investiga\u00e7\u00e3o de Palho\u00e7a, deflagrou na manh\u00e3 desta sexta feira (30\/08), opera\u00e7\u00e3o policial com o objetivo de dar cumprimento \u00e0s ordens judiciais de pris\u00f5es preventivas e busca e apreens\u00e3o em resid\u00eancias, representada pela autoridade policial, [&hellip;]<\/p>\n","protected":false},"author":5,"featured_media":22817,"comment_status":"closed","ping_status":"open","sticky":false,"template":"","format":"standard","meta":{"_monsterinsights_skip_tracking":false,"_monsterinsights_sitenote_active":false,"_monsterinsights_sitenote_note":"","_monsterinsights_sitenote_category":0,"footnotes":""},"categories":[1],"tags":[],"class_list":["post-23057","post","type-post","status-publish","format-standard","has-post-thumbnail","hentry","category-sem-categoria"],"_links":{"self":[{"href":"https:\/\/pc.sc.gov.br\/index.php?rest_route=\/wp\/v2\/posts\/23057","targetHints":{"allow":["GET"]}}],"collection":[{"href":"https:\/\/pc.sc.gov.br\/index.php?rest_route=\/wp\/v2\/posts"}],"about":[{"href":"https:\/\/pc.sc.gov.br\/index.php?rest_route=\/wp\/v2\/types\/post"}],"author":[{"embeddable":true,"href":"https:\/\/pc.sc.gov.br\/index.php?rest_route=\/wp\/v2\/users\/5"}],"replies":[{"embeddable":true,"href":"https:\/\/pc.sc.gov.br\/index.php?rest_route=%2Fwp%2Fv2%2Fcomments&post=23057"}],"version-history":[{"count":4,"href":"https:\/\/pc.sc.gov.br\/index.php?rest_route=\/wp\/v2\/posts\/23057\/revisions"}],"predecessor-version":[{"id":23061,"href":"https:\/\/pc.sc.gov.br\/index.php?rest_route=\/wp\/v2\/posts\/23057\/revisions\/23061"}],"wp:featuredmedia":[{"embeddable":true,"href":"https:\/\/pc.sc.gov.br\/index.php?rest_route=\/wp\/v2\/media\/22817"}],"wp:attachment":[{"href":"https:\/\/pc.sc.gov.br\/index.php?rest_route=%2Fwp%2Fv2%2Fmedia&parent=23057"}],"wp:term":[{"taxonomy":"category","embeddable":true,"href":"https:\/\/pc.sc.gov.br\/index.php?rest_route=%2Fwp%2Fv2%2Fcategories&post=23057"},{"taxonomy":"post_tag","embeddable":true,"href":"https:\/\/pc.sc.gov.br\/index.php?rest_route=%2Fwp%2Fv2%2Ftags&post=23057"}],"curies":[{"name":"wp","href":"https:\/\/api.w.org\/{rel}","templated":true}]}}