{"id":23068,"date":"2024-08-30T16:42:10","date_gmt":"2024-08-30T19:42:10","guid":{"rendered":"https:\/\/pc.sc.gov.br\/?p=23068"},"modified":"2024-08-30T16:43:26","modified_gmt":"2024-08-30T19:43:26","slug":"policia-civil-prende-tres-pessoas-e-realiza-apreensao-de-grande-quantidade-de-drogas-em-operacao-contra-organizacao-criminosa-com-atuacao-em-criciuma","status":"publish","type":"post","link":"https:\/\/pc.sc.gov.br\/?p=23068","title":{"rendered":"Pol\u00edcia Civil prende tr\u00eas pessoas e realiza apreens\u00e3o de grande quantidade de drogas em opera\u00e7\u00e3o contra organiza\u00e7\u00e3o criminosa com atua\u00e7\u00e3o em Crici\u00fama"},"content":{"rendered":"\t\t<div data-elementor-type=\"wp-post\" data-elementor-id=\"23068\" class=\"elementor elementor-23068\" data-elementor-post-type=\"post\">\n\t\t\t\t\t\t<section class=\"elementor-section elementor-top-section elementor-element elementor-element-9d1d394 elementor-section-boxed elementor-section-height-default elementor-section-height-default\" data-id=\"9d1d394\" data-element_type=\"section\">\n\t\t\t\t\t\t<div class=\"elementor-container elementor-column-gap-default\">\n\t\t\t\t\t<div class=\"elementor-column elementor-col-100 elementor-top-column elementor-element elementor-element-c6b2f4a\" data-id=\"c6b2f4a\" data-element_type=\"column\">\n\t\t\t<div class=\"elementor-widget-wrap elementor-element-populated\">\n\t\t\t\t\t\t<div class=\"elementor-element elementor-element-6dd1586 elementor-widget elementor-widget-heading\" data-id=\"6dd1586\" data-element_type=\"widget\" data-widget_type=\"heading.default\">\n\t\t\t\t<div class=\"elementor-widget-container\">\n\t\t\t\t\t<h2 class=\"elementor-heading-title elementor-size-default\">Pol\u00edcia Civil prende tr\u00eas pessoas e realiza apreens\u00e3o de grande quantidade de drogas em opera\u00e7\u00e3o contra organiza\u00e7\u00e3o criminosa com atua\u00e7\u00e3o em Crici\u00fama<\/h2>\t\t\t\t<\/div>\n\t\t\t\t<\/div>\n\t\t\t\t\t<\/div>\n\t\t<\/div>\n\t\t\t\t\t<\/div>\n\t\t<\/section>\n\t\t\t\t<section class=\"elementor-section elementor-top-section elementor-element elementor-element-702b053 elementor-section-boxed elementor-section-height-default elementor-section-height-default\" data-id=\"702b053\" data-element_type=\"section\">\n\t\t\t\t\t\t<div class=\"elementor-container elementor-column-gap-default\">\n\t\t\t\t\t<div class=\"elementor-column elementor-col-100 elementor-top-column elementor-element elementor-element-5a4d015\" data-id=\"5a4d015\" data-element_type=\"column\">\n\t\t\t<div class=\"elementor-widget-wrap elementor-element-populated\">\n\t\t\t\t\t\t<div class=\"elementor-element elementor-element-5d6d986 elementor-widget elementor-widget-image\" data-id=\"5d6d986\" data-element_type=\"widget\" data-widget_type=\"image.default\">\n\t\t\t\t<div class=\"elementor-widget-container\">\n\t\t\t\t\t\t\t\t\t\t\t\t\t\t\t<img fetchpriority=\"high\" decoding=\"async\" width=\"696\" height=\"522\" src=\"https:\/\/pc.sc.gov.br\/\/wp-content\/uploads\/2024\/08\/WhatsApp-Image-2024-08-30-at-08.23.42-1024x768.jpeg\" class=\"attachment-large size-large wp-image-23070\" alt=\"\" srcset=\"https:\/\/pc.sc.gov.br\/\/wp-content\/uploads\/2024\/08\/WhatsApp-Image-2024-08-30-at-08.23.42-1024x768.jpeg 1024w, https:\/\/pc.sc.gov.br\/\/wp-content\/uploads\/2024\/08\/WhatsApp-Image-2024-08-30-at-08.23.42-300x225.jpeg 300w, https:\/\/pc.sc.gov.br\/\/wp-content\/uploads\/2024\/08\/WhatsApp-Image-2024-08-30-at-08.23.42-768x576.jpeg 768w, https:\/\/pc.sc.gov.br\/\/wp-content\/uploads\/2024\/08\/WhatsApp-Image-2024-08-30-at-08.23.42-1536x1152.jpeg 1536w, https:\/\/pc.sc.gov.br\/\/wp-content\/uploads\/2024\/08\/WhatsApp-Image-2024-08-30-at-08.23.42.jpeg 1600w\" sizes=\"(max-width: 696px) 100vw, 696px\" \/>\t\t\t\t\t\t\t\t\t\t\t\t\t\t\t<\/div>\n\t\t\t\t<\/div>\n\t\t\t\t\t<\/div>\n\t\t<\/div>\n\t\t\t\t\t<\/div>\n\t\t<\/section>\n\t\t\t\t<section class=\"elementor-section elementor-top-section elementor-element elementor-element-8db72c9 elementor-section-boxed elementor-section-height-default elementor-section-height-default\" data-id=\"8db72c9\" data-element_type=\"section\">\n\t\t\t\t\t\t<div class=\"elementor-container elementor-column-gap-default\">\n\t\t\t\t\t<div class=\"elementor-column elementor-col-100 elementor-top-column elementor-element elementor-element-1533b74\" data-id=\"1533b74\" data-element_type=\"column\">\n\t\t\t<div class=\"elementor-widget-wrap elementor-element-populated\">\n\t\t\t\t\t\t<div class=\"elementor-element elementor-element-f4cc29f elementor-widget elementor-widget-text-editor\" data-id=\"f4cc29f\" data-element_type=\"widget\" data-widget_type=\"text-editor.default\">\n\t\t\t\t<div class=\"elementor-widget-container\">\n\t\t\t\t\t\t\t\t\t<p>Nesta sexta-feira (30\/08), a Pol\u00edcia Civil de Santa Catarina, por meio do Departamento de Investiga\u00e7\u00f5es Criminais e Delegacias de Homic\u00eddios e Combate \u00e0s Drogas de Crici\u00fama, deflagrou opera\u00e7\u00e3o policial destinada ao desmantelamento de um grupo criminoso envolvido em homic\u00eddios, tr\u00e1fico de drogas e crime organizado. Foram cumpridas 15 ordens de busca e apreens\u00e3o, bem como tr\u00eas pessoas foram presas.<\/p><p>Os policiais realizaram buscas nos bairros S\u00e3o Jo\u00e3o, Mina do Toco e Renascer, na cidade de Crici\u00fama. Tamb\u00e9m foram executadas buscas nas cidades de Forquilhinha e Itaja\u00ed. Um dos investigados foi capturado em um hotel na cidade de Itaja\u00ed. Outros dois foram presos em Crici\u00fama. Al\u00e9m das buscas e pris\u00f5es, tamb\u00e9m houve apreens\u00e3o de aproximadamente 18 kg de maconha, 4 kg de crack e 2,5 kg de coca\u00edna.<\/p><p>O grupo criminoso \u00e9 investigado por operar no tr\u00e1fico, na cidade de Crici\u00fama, bem como por executar crimes violentos, sendo um deles o crime de homic\u00eddio de um jovem que est\u00e1 desaparecido e a investiga\u00e7\u00e3o identificou que ele foi morto pelos investigados, em junho deste ano.<\/p><p>A opera\u00e7\u00e3o policial foi executada pelo Departamento (DIC\/Crici\u00fama) e com apoio de todas as Delegacias da Regional de Crici\u00fama, bem como pelo Departamento de Itaja\u00ed (DIC\/Itaja\u00ed) e das Unidades Especiais da Pol\u00edcia Civil (SAER e CORE). A Pol\u00edcia Cient\u00edfica tamb\u00e9m prestou apoio auxiliou nos trabalhos, com a realiza\u00e7\u00e3o de per\u00edcias t\u00e9cnicas.<\/p>\t\t\t\t\t\t\t\t<\/div>\n\t\t\t\t<\/div>\n\t\t\t\t\t<\/div>\n\t\t<\/div>\n\t\t\t\t\t<\/div>\n\t\t<\/section>\n\t\t\t\t<section class=\"elementor-section elementor-top-section elementor-element elementor-element-46e00e4 elementor-section-boxed elementor-section-height-default elementor-section-height-default\" data-id=\"46e00e4\" data-element_type=\"section\">\n\t\t\t\t\t\t<div class=\"elementor-container elementor-column-gap-default\">\n\t\t\t\t\t<div class=\"elementor-column elementor-col-100 elementor-top-column elementor-element elementor-element-d1fa020\" data-id=\"d1fa020\" data-element_type=\"column\">\n\t\t\t<div class=\"elementor-widget-wrap elementor-element-populated\">\n\t\t\t\t\t\t<div class=\"elementor-element elementor-element-e55220e elementor-widget elementor-widget-image\" data-id=\"e55220e\" data-element_type=\"widget\" data-widget_type=\"image.default\">\n\t\t\t\t<div class=\"elementor-widget-container\">\n\t\t\t\t\t\t\t\t\t\t\t\t\t\t\t<img decoding=\"async\" width=\"696\" height=\"928\" src=\"https:\/\/pc.sc.gov.br\/\/wp-content\/uploads\/2024\/08\/WhatsApp-Image-2024-08-30-at-08.01.19-768x1024.jpeg\" class=\"attachment-large size-large wp-image-23069\" alt=\"\" srcset=\"https:\/\/pc.sc.gov.br\/\/wp-content\/uploads\/2024\/08\/WhatsApp-Image-2024-08-30-at-08.01.19-768x1024.jpeg 768w, https:\/\/pc.sc.gov.br\/\/wp-content\/uploads\/2024\/08\/WhatsApp-Image-2024-08-30-at-08.01.19-225x300.jpeg 225w, https:\/\/pc.sc.gov.br\/\/wp-content\/uploads\/2024\/08\/WhatsApp-Image-2024-08-30-at-08.01.19-1152x1536.jpeg 1152w, https:\/\/pc.sc.gov.br\/\/wp-content\/uploads\/2024\/08\/WhatsApp-Image-2024-08-30-at-08.01.19.jpeg 1200w\" sizes=\"(max-width: 696px) 100vw, 696px\" \/>\t\t\t\t\t\t\t\t\t\t\t\t\t\t\t<\/div>\n\t\t\t\t<\/div>\n\t\t\t\t\t<\/div>\n\t\t<\/div>\n\t\t\t\t\t<\/div>\n\t\t<\/section>\n\t\t\t\t<\/div>\n\t\t","protected":false},"excerpt":{"rendered":"<p>Pol\u00edcia Civil prende tr\u00eas pessoas e realiza apreens\u00e3o de grande quantidade de drogas em opera\u00e7\u00e3o contra organiza\u00e7\u00e3o criminosa com atua\u00e7\u00e3o em Crici\u00fama Nesta sexta-feira (30\/08), a Pol\u00edcia Civil de Santa Catarina, por meio do Departamento de Investiga\u00e7\u00f5es Criminais e Delegacias de Homic\u00eddios e Combate \u00e0s Drogas de Crici\u00fama, deflagrou opera\u00e7\u00e3o policial destinada ao desmantelamento de [&hellip;]<\/p>\n","protected":false},"author":5,"featured_media":23070,"comment_status":"closed","ping_status":"open","sticky":false,"template":"","format":"standard","meta":{"_monsterinsights_skip_tracking":false,"_monsterinsights_sitenote_active":false,"_monsterinsights_sitenote_note":"","_monsterinsights_sitenote_category":0,"footnotes":""},"categories":[1],"tags":[],"class_list":["post-23068","post","type-post","status-publish","format-standard","has-post-thumbnail","hentry","category-sem-categoria"],"_links":{"self":[{"href":"https:\/\/pc.sc.gov.br\/index.php?rest_route=\/wp\/v2\/posts\/23068","targetHints":{"allow":["GET"]}}],"collection":[{"href":"https:\/\/pc.sc.gov.br\/index.php?rest_route=\/wp\/v2\/posts"}],"about":[{"href":"https:\/\/pc.sc.gov.br\/index.php?rest_route=\/wp\/v2\/types\/post"}],"author":[{"embeddable":true,"href":"https:\/\/pc.sc.gov.br\/index.php?rest_route=\/wp\/v2\/users\/5"}],"replies":[{"embeddable":true,"href":"https:\/\/pc.sc.gov.br\/index.php?rest_route=%2Fwp%2Fv2%2Fcomments&post=23068"}],"version-history":[{"count":4,"href":"https:\/\/pc.sc.gov.br\/index.php?rest_route=\/wp\/v2\/posts\/23068\/revisions"}],"predecessor-version":[{"id":23081,"href":"https:\/\/pc.sc.gov.br\/index.php?rest_route=\/wp\/v2\/posts\/23068\/revisions\/23081"}],"wp:featuredmedia":[{"embeddable":true,"href":"https:\/\/pc.sc.gov.br\/index.php?rest_route=\/wp\/v2\/media\/23070"}],"wp:attachment":[{"href":"https:\/\/pc.sc.gov.br\/index.php?rest_route=%2Fwp%2Fv2%2Fmedia&parent=23068"}],"wp:term":[{"taxonomy":"category","embeddable":true,"href":"https:\/\/pc.sc.gov.br\/index.php?rest_route=%2Fwp%2Fv2%2Fcategories&post=23068"},{"taxonomy":"post_tag","embeddable":true,"href":"https:\/\/pc.sc.gov.br\/index.php?rest_route=%2Fwp%2Fv2%2Ftags&post=23068"}],"curies":[{"name":"wp","href":"https:\/\/api.w.org\/{rel}","templated":true}]}}