{"id":23085,"date":"2024-08-30T17:03:43","date_gmt":"2024-08-30T20:03:43","guid":{"rendered":"https:\/\/pc.sc.gov.br\/?p=23085"},"modified":"2024-08-30T17:07:40","modified_gmt":"2024-08-30T20:07:40","slug":"em-ascurra-pcsc-prende-homem-investigado-pelo-crime-de-descumprimento-de-medida-protetiva-de-urgencia","status":"publish","type":"post","link":"https:\/\/pc.sc.gov.br\/?p=23085","title":{"rendered":"Em Ascurra, PCSC prende homem investigado pelo crime de descumprimento de medida protetiva de urg\u00eancia"},"content":{"rendered":"\t\t<div data-elementor-type=\"wp-post\" data-elementor-id=\"23085\" class=\"elementor elementor-23085\" data-elementor-post-type=\"post\">\n\t\t\t\t\t\t<section class=\"elementor-section elementor-top-section elementor-element elementor-element-f40af6b elementor-section-boxed elementor-section-height-default elementor-section-height-default\" data-id=\"f40af6b\" data-element_type=\"section\">\n\t\t\t\t\t\t<div class=\"elementor-container elementor-column-gap-default\">\n\t\t\t\t\t<div class=\"elementor-column elementor-col-100 elementor-top-column elementor-element elementor-element-e47f4d0\" data-id=\"e47f4d0\" data-element_type=\"column\">\n\t\t\t<div class=\"elementor-widget-wrap elementor-element-populated\">\n\t\t\t\t\t\t<div class=\"elementor-element elementor-element-66969db elementor-widget elementor-widget-heading\" data-id=\"66969db\" data-element_type=\"widget\" data-widget_type=\"heading.default\">\n\t\t\t\t<div class=\"elementor-widget-container\">\n\t\t\t\t\t<h2 class=\"elementor-heading-title elementor-size-default\">Em Ascurra, PCSC prende homem investigado pelo crime de descumprimento de medida protetiva de urg\u00eancia<\/h2>\t\t\t\t<\/div>\n\t\t\t\t<\/div>\n\t\t\t\t\t<\/div>\n\t\t<\/div>\n\t\t\t\t\t<\/div>\n\t\t<\/section>\n\t\t\t\t<section class=\"elementor-section elementor-top-section elementor-element elementor-element-a993098 elementor-section-boxed elementor-section-height-default elementor-section-height-default\" data-id=\"a993098\" data-element_type=\"section\">\n\t\t\t\t\t\t<div class=\"elementor-container elementor-column-gap-default\">\n\t\t\t\t\t<div class=\"elementor-column elementor-col-100 elementor-top-column elementor-element elementor-element-bb40043\" data-id=\"bb40043\" data-element_type=\"column\">\n\t\t\t<div class=\"elementor-widget-wrap elementor-element-populated\">\n\t\t\t\t\t\t<div class=\"elementor-element elementor-element-4b866ca elementor-widget elementor-widget-image\" data-id=\"4b866ca\" data-element_type=\"widget\" data-widget_type=\"image.default\">\n\t\t\t\t<div class=\"elementor-widget-container\">\n\t\t\t\t\t\t\t\t\t\t\t\t\t\t\t<img fetchpriority=\"high\" decoding=\"async\" width=\"696\" height=\"496\" src=\"https:\/\/pc.sc.gov.br\/\/wp-content\/uploads\/2024\/08\/99fbea2f-77ee-4e31-ac90-7a86d304c39e-fotor-202408301708-1024x730.jpg\" class=\"attachment-large size-large wp-image-23086\" alt=\"\" srcset=\"https:\/\/pc.sc.gov.br\/\/wp-content\/uploads\/2024\/08\/99fbea2f-77ee-4e31-ac90-7a86d304c39e-fotor-202408301708-1024x730.jpg 1024w, https:\/\/pc.sc.gov.br\/\/wp-content\/uploads\/2024\/08\/99fbea2f-77ee-4e31-ac90-7a86d304c39e-fotor-202408301708-300x214.jpg 300w, https:\/\/pc.sc.gov.br\/\/wp-content\/uploads\/2024\/08\/99fbea2f-77ee-4e31-ac90-7a86d304c39e-fotor-202408301708-768x548.jpg 768w, https:\/\/pc.sc.gov.br\/\/wp-content\/uploads\/2024\/08\/99fbea2f-77ee-4e31-ac90-7a86d304c39e-fotor-202408301708.jpg 1196w\" sizes=\"(max-width: 696px) 100vw, 696px\" \/>\t\t\t\t\t\t\t\t\t\t\t\t\t\t\t<\/div>\n\t\t\t\t<\/div>\n\t\t\t\t\t<\/div>\n\t\t<\/div>\n\t\t\t\t\t<\/div>\n\t\t<\/section>\n\t\t\t\t<section class=\"elementor-section elementor-top-section elementor-element elementor-element-890947c elementor-section-boxed elementor-section-height-default elementor-section-height-default\" data-id=\"890947c\" data-element_type=\"section\">\n\t\t\t\t\t\t<div class=\"elementor-container elementor-column-gap-default\">\n\t\t\t\t\t<div class=\"elementor-column elementor-col-100 elementor-top-column elementor-element elementor-element-eb451eb\" data-id=\"eb451eb\" data-element_type=\"column\">\n\t\t\t<div class=\"elementor-widget-wrap elementor-element-populated\">\n\t\t\t\t\t\t<div class=\"elementor-element elementor-element-cbd2078 elementor-widget elementor-widget-text-editor\" data-id=\"cbd2078\" data-element_type=\"widget\" data-widget_type=\"text-editor.default\">\n\t\t\t\t<div class=\"elementor-widget-container\">\n\t\t\t\t\t\t\t\t\t<p>A Pol\u00edcia Civil de Santa Catarina, por meio da Delegacia de Pol\u00edcia Civil da Comarca de Ascurra, nesta sexta-feira, 30, pr\u00f3ximo \u00e0s 13h30, deu cumprimento a um mandado de pris\u00e3o preventiva, expedido em desfavor de um homem pelo crime de descumprimento de medida protetiva de urg\u00eancia, previsto no Art. 24-A da Lei n.\u00ba 11.340 de 2006 (Lei Maria da Penha).<\/p>\n<p>O conduzido foi preso em flagrante delito no dia 20 de julho de 2024 pelo crime de les\u00e3o corporal, praticando contra sua companheira de 15 anos de idade. No dia seguinte, ap\u00f3s a audi\u00eancia de cust\u00f3dia foi solto com a aplica\u00e7\u00e3o de medidas protetivas de urg\u00eancia, dentre elas: n\u00e3o se aproximar da v\u00edtima e n\u00e3o manter contato com ela.<\/p>\n<p>No entanto, logo ap\u00f3s a sua soltura voltou a se aproximar da v\u00edtima, descumprindo as medidas de protetivas anteriormente aplicadas pelo Poder Judici\u00e1rio, em flagrante desrespeito \u00e0 decis\u00e3o judicial proferida.<\/p>\n<p>Diante da not\u00edcia do descumprimento, restou instaurado inqu\u00e9rito policial, e com base no conjunto de elementos apurados fora representado pelo Delegado de Pol\u00edcia Civil, Wesley de Sousa Costa, ao Poder Judici\u00e1rio da Comarca de Ascurra pela pris\u00e3o preventiva do investigado, o pleito referendado pelo Minist\u00e9rio P\u00fablico, tendo sido a pris\u00e3o preventiva decretada.<\/p>\n<p>O mandado de pris\u00e3o foi devidamente cumprido no dia de hoje, no centro da cidade de Ascurra, no local de trabalho do conduzido. O preso restou encaminhado \u00e0 Pol\u00edcia Cient\u00edfica para exame de corpo de delito, e posteriormente, ao Pres\u00eddio Regional de Blumenau, onde aguardar\u00e1 a realiza\u00e7\u00e3o audi\u00eancia de cust\u00f3dia, ficando assim \u00e0 disposi\u00e7\u00e3o do Poder Judici\u00e1rio da Comarca de Ascurra.<\/p>\n<p><\/p>\n<p><b>Colabore com a PCSC, por interm\u00e9dio da Delegacia de Ascurra &#8211; den\u00fancias pelo (47)-9.9793-6769 &#8211; Sigilo Absoluto.<\/b><\/p>\n<div>&nbsp;<\/div>\t\t\t\t\t\t\t\t<\/div>\n\t\t\t\t<\/div>\n\t\t\t\t\t<\/div>\n\t\t<\/div>\n\t\t\t\t\t<\/div>\n\t\t<\/section>\n\t\t\t\t<\/div>\n\t\t","protected":false},"excerpt":{"rendered":"<p>Em Ascurra, PCSC prende homem investigado pelo crime de descumprimento de medida protetiva de urg\u00eancia A Pol\u00edcia Civil de Santa Catarina, por meio da Delegacia de Pol\u00edcia Civil da Comarca de Ascurra, nesta sexta-feira, 30, pr\u00f3ximo \u00e0s 13h30, deu cumprimento a um mandado de pris\u00e3o preventiva, expedido em desfavor de um homem pelo crime de [&hellip;]<\/p>\n","protected":false},"author":5,"featured_media":23086,"comment_status":"closed","ping_status":"open","sticky":false,"template":"","format":"standard","meta":{"_monsterinsights_skip_tracking":false,"_monsterinsights_sitenote_active":false,"_monsterinsights_sitenote_note":"","_monsterinsights_sitenote_category":0,"footnotes":""},"categories":[1],"tags":[],"class_list":["post-23085","post","type-post","status-publish","format-standard","has-post-thumbnail","hentry","category-sem-categoria"],"_links":{"self":[{"href":"https:\/\/pc.sc.gov.br\/index.php?rest_route=\/wp\/v2\/posts\/23085","targetHints":{"allow":["GET"]}}],"collection":[{"href":"https:\/\/pc.sc.gov.br\/index.php?rest_route=\/wp\/v2\/posts"}],"about":[{"href":"https:\/\/pc.sc.gov.br\/index.php?rest_route=\/wp\/v2\/types\/post"}],"author":[{"embeddable":true,"href":"https:\/\/pc.sc.gov.br\/index.php?rest_route=\/wp\/v2\/users\/5"}],"replies":[{"embeddable":true,"href":"https:\/\/pc.sc.gov.br\/index.php?rest_route=%2Fwp%2Fv2%2Fcomments&post=23085"}],"version-history":[{"count":3,"href":"https:\/\/pc.sc.gov.br\/index.php?rest_route=\/wp\/v2\/posts\/23085\/revisions"}],"predecessor-version":[{"id":23089,"href":"https:\/\/pc.sc.gov.br\/index.php?rest_route=\/wp\/v2\/posts\/23085\/revisions\/23089"}],"wp:featuredmedia":[{"embeddable":true,"href":"https:\/\/pc.sc.gov.br\/index.php?rest_route=\/wp\/v2\/media\/23086"}],"wp:attachment":[{"href":"https:\/\/pc.sc.gov.br\/index.php?rest_route=%2Fwp%2Fv2%2Fmedia&parent=23085"}],"wp:term":[{"taxonomy":"category","embeddable":true,"href":"https:\/\/pc.sc.gov.br\/index.php?rest_route=%2Fwp%2Fv2%2Fcategories&post=23085"},{"taxonomy":"post_tag","embeddable":true,"href":"https:\/\/pc.sc.gov.br\/index.php?rest_route=%2Fwp%2Fv2%2Ftags&post=23085"}],"curies":[{"name":"wp","href":"https:\/\/api.w.org\/{rel}","templated":true}]}}